{"id":4903,"date":"2021-09-22T04:28:06","date_gmt":"2021-09-22T02:28:06","guid":{"rendered":"http:\/\/www.infokuryr.cz\/n\/?p=4903"},"modified":"2021-09-22T04:28:06","modified_gmt":"2021-09-22T02:28:06","slug":"generalni-tajemnik-osn-rekl-cim-zacne-pristi-velka-konfrontace-ve-svete","status":"publish","type":"post","link":"https:\/\/www.infokuryr.cz\/n\/2021\/09\/22\/generalni-tajemnik-osn-rekl-cim-zacne-pristi-velka-konfrontace-ve-svete\/","title":{"rendered":"Gener\u00e1ln\u00ed tajemn\u00edk OSN \u0159ekl, \u010d\u00edm za\u010dne p\u0159\u00ed\u0161t\u00ed velk\u00e1 konfrontace ve sv\u011bt\u011b"},"content":{"rendered":"<div id=\"fb-root\"><\/div>\n<p><strong>Gener\u00e1ln\u00ed tajemn\u00edk OSN Antonio Guterres vyj\u00e1d\u0159il p\u0159esv\u011bd\u010den\u00ed, \u017ee jak\u00e1koli dal\u0161\u00ed velk\u00e1 konfrontace ve sv\u011bt\u011b za\u010dne masivn\u00edm kyber\u00fatokem.<\/strong><\/p>\n<p>\u201eJsem si nap\u0159\u00edklad jist, \u017ee jak\u00e1koli budouc\u00ed velk\u00e1 konfrontace &#8211; nedej bo\u017ee &#8211; za\u010dne masivn\u00edm kyber\u00fatokem,\u201c \u0159ekl b\u011bhem sv\u00e9ho vystoupen\u00ed na v\u00fdro\u010dn\u00edm zased\u00e1n\u00ed Valn\u00e9ho shrom\u00e1\u017ed\u011bn\u00ed OSN.<\/p>\n<p>Prohl\u00e1sil, \u017ee sv\u011bt se nach\u00e1z\u00ed na okraji propasti a nikdy d\u0159\u00edve nebyl v\u00edce ohro\u017een.<\/p>\n<p>\u201eJsem tu, abych bil na poplach: sv\u011bt se mus\u00ed probudit. Jsme na okraji propasti a jdeme \u0161patn\u00fdm sm\u011brem. N\u00e1\u0161 sv\u011bt nebyl nikdy v\u00edce ohro\u017een ani rozdroben,\u201c \u0159ekl Guterres.<\/p>\n<p>Jak uvedl gener\u00e1ln\u00ed tajemn\u00edk Sv\u011btov\u00e9 organizace, sv\u011btov\u00e9 spole\u010denstv\u00ed \u010del\u00ed cel\u00e9 \u201ekask\u00e1d\u011b kriz\u00ed\u201c, v\u010detn\u011b prob\u00edhaj\u00edc\u00ed pandemie covidu-19, klimatick\u00fdch probl\u00e9m\u016f, ob\u010dansk\u00fdch ot\u0159es\u016f v Afgh\u00e1nist\u00e1nu a africk\u00fdch zem\u00edch.<\/p>\n<p>Guterres zvl\u00e1\u0161\u0165 upozornil na \u201edo o\u010d\u00ed bij\u00edc\u00ed nerovnost\u201c mezi rozvinut\u00fdmi a nerozvinut\u00fdmi zem\u011bmi a tak\u00e9 nedostatek solidarity mezi nimi v dob\u011b, \u201ekdy to nejv\u00edce pot\u0159ebujeme\u201c.<\/p>\n<p>\u201eNa jedn\u00e9 stran\u011b vid\u00edme, \u017ee se vakc\u00edny vyv\u00edjej\u00ed v rekordn\u00edm \u010dase a znamenaj\u00ed v\u00edt\u011bzstv\u00ed v\u011bdy a lidsk\u00e9 vynal\u00e9zavosti. Na druh\u00e9 stran\u011b vid\u00edme, \u017ee tento triumf je znehodnocov\u00e1n tragick\u00fdm nedostatkem politick\u00e9 v\u016fle, sobectv\u00edm a ned\u016fv\u011brou. P\u0159ebytek v n\u011bkter\u00fdch zem\u00edch. Pr\u00e1zdn\u00e9 police v druh\u00fdch. V\u011bt\u0161ina bohat\u00e9ho sv\u011bta je o\u010dkovan\u00e1. P\u0159itom v\u00edce ne\u017e 90 % Afri\u010dan\u016f st\u00e1le \u010dek\u00e1 na mo\u017enost dostat prvn\u00ed d\u00e1vku,\u201c \u0159ekl\u00a0gener\u00e1ln\u00ed tajemn\u00edk OSN\u00a0b\u011bhem sv\u00e9ho vystoupen\u00ed p\u0159ed nejvy\u0161\u0161\u00edmi p\u0159edstaviteli sv\u011bta.<\/p>\n<p>V \u00fater\u00fd byl v newyorsk\u00e9m s\u00eddle OSN zah\u00e1jen t\u00fdden 76. zased\u00e1n\u00ed Valn\u00e9ho shrom\u00e1\u017ed\u011bn\u00ed OSN na vysok\u00e9 \u00farovni. Potrv\u00e1 do 27. z\u00e1\u0159\u00ed.<\/p>\n<p>Gener\u00e1ln\u00ed tajemn\u00edk OSN\u00a0Ant\u00f3nio Guterres\u00a0vyzval k z\u00e1kazu autonomn\u00edch zbran\u00ed schopn\u00fdch zab\u00edjet bez lidsk\u00e9ho velen\u00ed.<\/p>\n<p>\u201eAutonomn\u00ed zbran\u011b si dnes mohou vyb\u00edrat c\u00edle a zab\u00edjet lidi bez lidsk\u00e9ho z\u00e1sahu. Mus\u00ed b\u00fdt zak\u00e1z\u00e1ny,\u201c \u0159ekl na v\u00fdro\u010dn\u00edm zased\u00e1n\u00ed Valn\u00e9ho shrom\u00e1\u017ed\u011bn\u00ed OSN.<\/p>\n<p><a href=\"https:\/\/cz.sputniknews.com\/20210921\/generalni-tajemnik-osn-rekl-cim-zacne-pristi-velka-konfrontace-ve-svete-15909695.html\">ZDROJ<\/a><\/p>\n<p>&nbsp;<\/p>\n","protected":false},"excerpt":{"rendered":"<p>Gener\u00e1ln\u00ed tajemn\u00edk OSN Antonio Guterres vyj\u00e1d\u0159il p\u0159esv\u011bd\u010den\u00ed, \u017ee jak\u00e1koli dal\u0161\u00ed velk\u00e1 konfrontace ve sv\u011bt\u011b za\u010dne&#8230;<\/p>\n","protected":false},"author":2,"featured_media":4904,"comment_status":"closed","ping_status":"closed","sticky":false,"template":"","format":"standard","meta":[],"categories":[7],"tags":[1232,186],"_links":{"self":[{"href":"https:\/\/www.infokuryr.cz\/n\/wp-json\/wp\/v2\/posts\/4903"}],"collection":[{"href":"https:\/\/www.infokuryr.cz\/n\/wp-json\/wp\/v2\/posts"}],"about":[{"href":"https:\/\/www.infokuryr.cz\/n\/wp-json\/wp\/v2\/types\/post"}],"author":[{"embeddable":true,"href":"https:\/\/www.infokuryr.cz\/n\/wp-json\/wp\/v2\/users\/2"}],"replies":[{"embeddable":true,"href":"https:\/\/www.infokuryr.cz\/n\/wp-json\/wp\/v2\/comments?post=4903"}],"version-history":[{"count":0,"href":"https:\/\/www.infokuryr.cz\/n\/wp-json\/wp\/v2\/posts\/4903\/revisions"}],"wp:featuredmedia":[{"embeddable":true,"href":"https:\/\/www.infokuryr.cz\/n\/wp-json\/wp\/v2\/media\/4904"}],"wp:attachment":[{"href":"https:\/\/www.infokuryr.cz\/n\/wp-json\/wp\/v2\/media?parent=4903"}],"wp:term":[{"taxonomy":"category","embeddable":true,"href":"https:\/\/www.infokuryr.cz\/n\/wp-json\/wp\/v2\/categories?post=4903"},{"taxonomy":"post_tag","embeddable":true,"href":"https:\/\/www.infokuryr.cz\/n\/wp-json\/wp\/v2\/tags?post=4903"}],"curies":[{"name":"wp","href":"https:\/\/api.w.org\/{rel}","templated":true}]}}