{"id":48943,"date":"2024-03-09T00:38:30","date_gmt":"2024-03-08T23:38:30","guid":{"rendered":"https:\/\/www.infokuryr.cz\/n\/?p=48943"},"modified":"2024-03-08T18:21:56","modified_gmt":"2024-03-08T17:21:56","slug":"jan-campbell-dve-zasedani-2","status":"publish","type":"post","link":"https:\/\/www.infokuryr.cz\/n\/2024\/03\/09\/jan-campbell-dve-zasedani-2\/","title":{"rendered":"Jan Campbell: Dv\u011b zased\u00e1n\u00ed (2)"},"content":{"rendered":"<div id=\"fb-root\"><\/div>\n<p><em><span style=\"font-size: 12pt;\"><strong>\u010cl\u00e1nek byl zve\u0159ejn\u011bn v \u010c\u00edn\u011b<\/strong><\/span><\/em><\/p>\n<p>Jak zn\u00e1mo t\u011bm, kdo mysl\u00ed na budoucnost rodiny, sv\u00e9 zem\u011b a planety, v Pekingu prob\u00edhaj\u00ed od 4. do 10. b\u0159ezna dv\u011b nejenom pro samotnou \u010c\u00ednu, ale i sv\u011bt, d\u016fle\u017eit\u00e1 zased\u00e1n\u00ed: V\u0161e\u010d\u00ednsk\u00e9 shrom\u00e1\u017ed\u011bn\u00ed lidov\u00fdch z\u00e1stupc\u016f (VSLZ), \u010c\u00ednsk\u00e9 lidov\u00e9 politick\u00e9 poradn\u00ed shrom\u00e1\u017ed\u011bn\u00ed (\u010cLPPS).<\/p>\n<p>D\u0159\u00edve ne\u017e pop\u00ed\u0161i podrobn\u011bji, v\u00a0pokra\u010dov\u00e1n\u00ed p\u0159\u00edsp\u011bvku,\u00a0n\u011bkter\u00e9 d\u016fle\u017eit\u00e9 aspekty jedn\u00e1n\u00ed a obsah dvou tiskov\u00fdch konferenc\u00ed z\u00a0dne\u0161n\u00edho dne, \u010dtvrtka 7. b\u0159ezna, zm\u00edn\u00edm se o dvou d\u016fle\u017eit\u00fdch sd\u011blen\u00edch ministr\u016f:<\/p>\n<p>Ministr zahrani\u010d\u00ed Wang Yi v\u00a0odpov\u011bd\u00edch na ot\u00e1zky t\u00fdkaj\u00edc\u00ed se zahrani\u010dn\u00ed politiky a diplomatick\u00fdch vztah\u016f zem\u011b odpov\u011bd\u011bl na ot\u00e1zku o vztaz\u00edch mezi \u010c\u00ednou a Ruskem: <em>\u010c\u00edna a Rusko vytvo\u0159ily nov\u00e9 paradigma vztah\u016f mezi hlavn\u00edmi zem\u011bmi, kter\u00e9 se li\u0161\u00ed od zastaral\u00e9ho p\u0159\u00edstupu studen\u00e9 v\u00e1lky, a usiluj\u00ed o trval\u00e9 dobr\u00e9 sousedstv\u00ed, p\u0159\u00e1telstv\u00ed a spolupr\u00e1ci na z\u00e1klad\u011b nealian\u010dn\u00ed a nekonfronta\u010dn\u00ed spolupr\u00e1ce a nezam\u011b\u0159uj\u00ed se na \u017e\u00e1dnou t\u0159et\u00ed stranu.<\/em><\/p>\n<p>Ministr financ\u00ed Lan Fo&#8217;an na tiskov\u00e9 konferenci na okraji prob\u00edhaj\u00edc\u00edch dvou zased\u00e1n\u00ed uvedl: <em>D\u00edky spole\u010dn\u00e9mu \u00fasil\u00ed p\u0159\u00edslu\u0161n\u00fdch stran a implementaci bal\u00ed\u010dku \u0159e\u0161en\u00ed pro zm\u00edrn\u011bn\u00ed rizika zadlu\u017een\u00ed m\u00edstn\u00edch vl\u00e1d je spl\u00e1cen\u00ed jistiny a \u00farok\u016f ze z\u00e1konn\u00e9ho dluhu m\u00edstn\u00edch vl\u00e1d dob\u0159e zaji\u0161t\u011bno a rozsah implicitn\u00edho dluhu m\u00edstn\u00edch vl\u00e1d se postupn\u011b sni\u017euje.<\/em><\/p>\n<p>Oba v\u00fdroky je nitn\u00e9 srovn\u00e1vat a hodnotit v\u00a0kontextu ud\u00e1lost\u00ed posledn\u00edch dn\u016f. Ty ukazuj\u00ed, \u017ee sv\u011bt se rychle bl\u00ed\u017e\u00ed k p\u0159ed\u011blu: glob\u00e1ln\u00ed vyjedn\u00e1v\u00e1n\u00ed a nov\u00fd sv\u011btov\u00fd \u0159\u00e1d nebo jadern\u00e1 apokalypsa. A tento p\u0159ed\u011bl nen\u00ed ani tak mezi zem\u011bmi, jako mezi konkr\u00e9tn\u00edmi lidmi v t\u011bchto zem\u00edch. a mysli m\u00e1m ud\u00e1losti v\u00a0USA, N\u011bmecku, Francii, \u010cesk\u00e9 republice, Polsku a v\u00a0neposledn\u00ed \u0159ad\u011b na Ukrajin\u011b. O ud\u00e1lostech podpo\u0159en\u00fdch statistick\u00fdmi daty bude \u0159e\u010d v\u00a0z\u00e1v\u011bre\u010dn\u00e9m p\u0159\u00edsp\u011bvku s\u00e9rie posv\u011bcen\u00e9 Dv\u011bma zased\u00e1n\u00edm v\u00a0polovin\u011b b\u0159ezna.<\/p>\n<p>Dnes nab\u00edz\u00edm p\u0159ehled hlavn\u00edch bod\u016f pracovn\u00ed zpr\u00e1vy \u010d\u00ednsk\u00e9 vl\u00e1dy, kter\u00e1 byla v \u00fater\u00fd p\u0159edlo\u017eena n\u00e1rodn\u00edmu z\u00e1konod\u00e1rn\u00e9mu sboru k projedn\u00e1n\u00ed.<\/p>\n<p>&#8211; \u010c\u00edna si v roce 2024 klade za c\u00edl hospod\u00e1\u0159sk\u00fd r\u016fst kolem 5 %<\/p>\n<p>&#8211; \u010c\u00edna slibuje proaktivn\u00ed fisk\u00e1ln\u00ed politiku, obez\u0159etnou m\u011bnovou politiku v roce 2024<\/p>\n<p>&#8211; \u010c\u00edna chce v roce 2024 vytvo\u0159it v\u00edce ne\u017e 12 milion\u016f pracovn\u00edch m\u00edst ve m\u011bstech<\/p>\n<p>&#8211; \u010c\u00edna stanovila pom\u011br deficitu k HDP na 3 procenta pro rok 2024<\/p>\n<p>&#8211; \u010c\u00edna bude v nadch\u00e1zej\u00edc\u00edch letech vyd\u00e1vat ultra dlouh\u00e9 speci\u00e1ln\u00ed st\u00e1tn\u00ed dluhopisy<\/p>\n<p>&#8211; \u010c\u00edna v roce 2024 vyd\u00e1 v\u00edce m\u00edstn\u00edch vl\u00e1dn\u00edch dluhopis\u016f pro zvl\u00e1\u0161tn\u00ed \u00fa\u010dely<\/p>\n<p>&#8211; \u010c\u00edna modernizuje pr\u016fmyslov\u00fd syst\u00e9m, rozv\u00edj\u00ed nov\u00e9 kvalitn\u00ed v\u00fdrobn\u00ed s\u00edly<\/p>\n<p>&#8211; \u010c\u00edna zintenz\u00edvn\u00ed v\u00fdzkum p\u0159elomov\u00fdch, hrani\u010dn\u00edch technologi\u00ed<\/p>\n<p>&#8211; \u010c\u00edna zah\u00e1j\u00ed ro\u010dn\u00ed program na podporu spot\u0159eby<\/p>\n<p>&#8211; \u010c\u00edna vy\u010dlen\u00ed v rozpo\u010dtu centr\u00e1ln\u00ed vl\u00e1dy v roce 2024 700 miliard j\u00fcan\u016f na investice<\/p>\n<p>&#8211; \u010c\u00edna roz\u0161\u00ed\u0159\u00ed dom\u00e1c\u00ed popt\u00e1vku<\/p>\n<p>&#8211; \u010c\u00edna zajist\u00ed n\u00e1rodn\u00ed zach\u00e1zen\u00ed pro podniky financovan\u00e9 ze zahrani\u010d\u00ed<\/p>\n<p>&#8211; \u010c\u00edna bude usilovat o vstup do Komplexn\u00ed a progresivn\u00ed dohody pro transpacifick\u00e9 partnerstv\u00ed<\/p>\n<p>&#8211; \u010c\u00edna zajist\u00ed stabiln\u00ed produkci, dod\u00e1vky zem\u011bd\u011blsk\u00fdch produkt\u016f<\/p>\n<p>&#8211; \u010c\u00edna podpo\u0159\u00ed energetickou revoluci<\/p>\n<p>&#8211; \u010c\u00edna je proti &#8222;nez\u00e1vislosti Tchaj-wanu&#8220; a vm\u011b\u0161ov\u00e1n\u00ed zven\u010d\u00ed<\/p>\n<p>&#8211; \u010c\u00edna prosazuje mezin\u00e1rodn\u00ed spravedlnost a spravedlnost<\/p>\n<p><a href=\"https:\/\/stranapro.cz\/\"><img decoding=\"async\" loading=\"lazy\" class=\"alignnone  wp-image-40285 aligncenter\" src=\"http:\/\/www.infokuryr.cz\/n\/wp-content\/uploads\/2023\/11\/11pro-300x79.png\" alt=\"\" width=\"672\" height=\"177\" srcset=\"https:\/\/www.infokuryr.cz\/n\/wp-content\/uploads\/2023\/11\/11pro-300x79.png 300w, https:\/\/www.infokuryr.cz\/n\/wp-content\/uploads\/2023\/11\/11pro.png 363w\" sizes=\"(max-width: 672px) 100vw, 672px\" \/><\/a><\/p>\n<p>Jak lze vid\u011bt z\u00a0p\u0159ehledu hlavn\u00edch bod\u016f, jedn\u00e1n\u00ed, diskuze a z\u00e1v\u011bry zased\u00e1n\u00ed se t\u00fdkaj\u00ed existenci\u00e1ln\u00edch sf\u00e9r \u017eivota spole\u010dnosti. Jednou z\u00a0nich je ekonomick\u00e1 aktivita.<\/p>\n<p>\u010c\u00ednsk\u00e1 ekonomick\u00e1 aktivita se v roce 2023 po znovuotev\u0159en\u00ed po Covidu odrazila ode dna, p\u0159i\u010dem\u017e se odhaduje, \u017ee re\u00e1ln\u00fd HDP vzrostl zhruba v souladu s r\u016fstov\u00fdm c\u00edlem \u00fa\u0159ad\u016f ve v\u00fd\u0161i p\u0159ibli\u017en\u011b 5 %, uvedla v\u00fdkonn\u00e1 rada Mezin\u00e1rodn\u00edho m\u011bnov\u00e9ho fondu (MMF).<\/p>\n<p>MMF to uvedl v ned\u00e1vn\u00e9 tiskov\u00e9 zpr\u00e1v\u011b pot\u00e9, co dokon\u010dil sv\u016fj ka\u017edoro\u010dn\u00ed p\u0159ezkum \u010d\u00ednsk\u00e9 ekonomiky podle \u010dl\u00e1nku IV. T\u00fdm MMF nav\u0161t\u00edvil \u010c\u00ednu od 26. \u0159\u00edjna do 7. listopadu 2023 a vedl konstruktivn\u00ed diskuse s vysok\u00fdmi p\u0159edstaviteli vl\u00e1dy a \u010c\u00ednsk\u00e9 lidov\u00e9 banky, jako\u017e i se z\u00e1stupci soukrom\u00e9ho sektoru a akademiky, aby si vym\u011bnil n\u00e1zory na ekonomick\u00e9 vyhl\u00eddky a rizika \u010c\u00edny, pokrok a v\u00fdzvy reforem a politick\u00e9 reakce.<\/p>\n<p>Podle prohl\u00e1\u0161en\u00ed zve\u0159ejn\u011bn\u00e9ho na webov\u00fdch str\u00e1nk\u00e1ch MMF bylo o\u017eiven\u00ed ta\u017eeno dom\u00e1c\u00ed popt\u00e1vkou, zejm\u00e9na soukromou spot\u0159ebou, a podporov\u00e1no podp\u016frn\u00fdmi makroekonomick\u00fdmi politikami, v\u010detn\u011b dal\u0161\u00edho uvoln\u011bn\u00ed m\u011bnov\u00e9 politiky, da\u0148ov\u00fdch \u00falev pro podniky a dom\u00e1cnosti a fisk\u00e1ln\u00edch v\u00fddaj\u016f na pomoc p\u0159i katastrof\u00e1ch.<\/p>\n<p>V prohl\u00e1\u0161en\u00ed se uv\u00e1d\u00ed, \u017ee inflace sice v roce 2023 klesla, a to p\u0159edev\u0161\u00edm v d\u016fsledku ni\u017e\u0161\u00edch cen energi\u00ed a potravin, ale o\u010dek\u00e1v\u00e1 se, \u017ee v roce 2024 postupn\u011b vzroste na 1,3 % s t\u00edm, jak se mezera v\u00fdstupu zu\u017euje a srovn\u00e1vac\u00ed dopady cen komodit ustupuj\u00ed.<\/p>\n<p>Rozhodn\u00e1 politick\u00e1 opat\u0159en\u00ed, v\u010detn\u011b urychlen\u00e9 restrukturalizace v sektoru nemovitost\u00ed, kter\u00e1 mimo jin\u00e9 o\u010dek\u00e1v\u00e1m od zased\u00e1n\u00ed, by mohla pos\u00edlit d\u016fv\u011bru a v\u00e9st k lep\u0161\u00edmu ne\u017e o\u010dek\u00e1van\u00e9mu o\u017eiven\u00ed soukrom\u00fdch investic. Podobnou formulaci a v\u00fdsledek o\u010dek\u00e1v\u00e1 i MMF. uv\u00e1d\u00ed se v prohl\u00e1\u0161en\u00ed.<\/p>\n<p>Co se je\u0161t\u011b o\u010dek\u00e1v\u00e1 od dvou zased\u00e1n\u00ed? P\u0159edev\u0161\u00edm se o\u010dek\u00e1v\u00e1, \u017ee budou ozn\u00e1meny dal\u0161\u00ed reformy a opat\u0159en\u00ed k otev\u0159en\u00ed se \u010c\u00edny t\u011bm, kdo projev\u00ed z\u00e1jem a m\u00e1 pot\u0159ebu spolupracovat s\u00a0\u010c\u00ednou. \u010c\u00edna letos pravd\u011bpodobn\u011b zaznamen\u00e1 siln\u00e9 hospod\u00e1\u0159sk\u00e9 o\u017eiven\u00ed, a to d\u00edky \u00faprav\u00e1m makroekonomick\u00e9 politiky a promy\u0161len\u00e9mu \u00fasil\u00ed o reformy.<\/p>\n<p>\u00dasil\u00ed bude charakterizov\u00e1no slad\u011bn\u00edm se s vysok\u00fdmi standardy mezin\u00e1rodn\u00edho obchodu a ekonomick\u00fdch pravidel, vytvo\u0159en\u00edm n\u00e1rodn\u00edho jednotn\u00e9ho dom\u00e1c\u00edho trhu a v\u00fdchovou nov\u00fdch v\u00fdrobn\u00edch sil. Toto d\u016fle\u017eit\u00e9 t\u00e9ma bylo \u010d\u00e1st\u00ed projevu prezidenta Si. Krom\u011b toho p\u0159edn\u00ed \u010d\u00edn\u0161t\u00ed a z\u00e1padn\u00ed analytici uvedli, \u017ee v\u011b\u0159\u00ed, \u017ee \u010c\u00edna z\u016fstane v nadch\u00e1zej\u00edc\u00edch desetilet\u00edch kl\u00ed\u010dov\u00fdm motorem r\u016fstu glob\u00e1ln\u00ed ekonomiky, a to d\u00edky sv\u00fdm zdrav\u00fdm dlouhodob\u00fdm ekonomick\u00fdm z\u00e1klad\u016fm, kter\u00e9 p\u0159in\u00e1\u0161ej\u00ed zlat\u00e9 obchodn\u00ed p\u0159\u00edle\u017eitosti pro zahrani\u010dn\u00ed investory, kte\u0159\u00ed pochopili mimo jin\u00e9 podstatu sd\u00edlen\u00ed a nutnost etiky a mor\u00e1lky v\u00a0podnik\u00e1n\u00ed.<\/p>\n<p>Nen\u00ed toti\u017e tajemstv\u00edm, \u017ee jak v\u00a0\u010c\u00edn\u011b, tak p\u0159edev\u0161\u00edm v\u00a0kapitalistech zem\u00edch, v\u010detn\u011b EU a \u010cesk\u00e9 republiky deficit etiky a mor\u00e1lky v\u00a0podnik\u00e1n\u00ed zp\u016fsobil, a i nad\u00e1le zp\u016fsobuje v\u00fdzvy, kter\u00fdm nem\u016f\u017ee \u00fasp\u011b\u0161n\u011b \u010delit \u017e\u00e1dn\u00e1 vl\u00e1da funguj\u00edc\u00ed na pseudo-demokratick\u00fdch principech a korupci. Tu podporuj\u00ed mimo jin\u00e9 i tak obl\u00edben\u00e9 EU dotace. Sol\u00e1rn\u00ed a uheln\u00ed baroni v\u00a0Evrop\u011b mohou sv\u00fdm chamtiv\u00fdm a vyd\u011bra\u010dsk\u00fdm chov\u00e1n\u00edm vyvolat obrovsk\u00e9 ob\u010dansk\u00e9 nepokoje, kter\u00e9, jak si mysl\u00ed, mohou sledovat z\u00a0d\u00e1li, z\u00a0ostrov\u016f nebo pro n\u011b vybudovan\u00fdch speci\u00e1ln\u00edch enkl\u00e1v.<\/p>\n<p>Zmi\u0148uji se o ob\u010dansk\u00fdch nepokoj\u00edch, proto\u017ee jsou sou\u010d\u00e1st\u00ed ji\u017e prob\u00edhaj\u00edc\u00ed antropologick\u00e9 v\u00e1lky, v\u00a0jej\u00edm\u017e kontextu se nach\u00e1zej\u00ed a budou i nad\u00e1le nach\u00e1zet vojensk\u00e9 konflikty, kter\u00e9 nebudou d\u016fsledkem jedin\u00e9ho velmi v\u00fdznamn\u00e9ho faktoru, ale komplexem r\u016fzn\u00fdch sociopolitick\u00fdch, ekonomick\u00fdch, n\u00e1rodnostn\u00edch, n\u00e1bo\u017eensk\u00fdch a dal\u0161\u00edch nap\u011bt\u00ed. Ji\u017e dnes se soupe\u0159\u00ed nejen o \u00fazem\u00ed, p\u0159\u00edrodn\u00ed zdroje, ale i o potraviny, a dokonce o vodu.<\/p>\n<p>Z toho vypl\u00fdv\u00e1, \u017ee konflikty v 21. stolet\u00ed z\u016fstanou na dlouhou dobu mnohovrstevnat\u00e9 a hybridn\u00ed, tj. zahrnuj\u00edc\u00ed r\u016fzn\u00e9 vojensk\u00e9 i nevojensk\u00e9 metody. Konflikty nebudou m\u00edt jednotnou formu a budou z\u00e1visl\u00e9 na dynamick\u00fdch strategi\u00edch.<\/p>\n<p>P\u0159edpokl\u00e1d\u00e1m, \u017ee v\u00fdsledky zased\u00e1n\u00ed VSLZ a \u010cLPPS budou obsahovat n\u00e1vrhy k \u0159e\u0161en\u00ed t\u00e9to t\u00e9matiky. Liou \u0164ie-i, mluv\u010d\u00ed druh\u00e9ho zased\u00e1n\u00ed 14. n\u00e1rodn\u00edho v\u00fdboru \u010c\u00ednsk\u00e9ho lidov\u00e9ho politick\u00e9ho poradn\u00edho sboru \u0159ekl na ned\u011bln\u00ed tiskov\u00e9 konferenci, \u017ee na ekonomick\u00e9 vyhl\u00eddky \u010c\u00edny pohl\u00ed\u017e\u00ed r\u016f\u017eov\u011b a, \u017ee zem\u011b se t\u011b\u0161\u00ed pevn\u00fdm z\u00e1klad\u016fm a p\u0159\u00edzniv\u00fdm podm\u00ednk\u00e1m pro podporu vysoce kvalitn\u00edho rozvoje. Ten je z\u00e1kladem dal\u0161\u00ed konsolidace a pos\u00edlen\u00ed \u010c\u00edny v\u00a0dob\u011b nep\u0159edv\u00eddateln\u00fdch ud\u00e1lost\u00ed ve sv\u011bt\u011b.<\/p>\n<p>Justin Yifu Lin, d\u011bkan Institutu nov\u00e9 struktur\u00e1ln\u00ed ekonomie Pekingsk\u00e9 univerzity, v exkluzivn\u00edm rozhovoru pro China Daily uvedl, \u017ee \u010c\u00edna m\u00e1 potenci\u00e1l r\u016fst v nadch\u00e1zej\u00edc\u00edch desetilet\u00edch tempem 8 % ro\u010dn\u011b. \u010c\u00ednsk\u00e1 ekonomika m\u016f\u017ee letos r\u016fst nad 5 %, pokud vl\u00e1da p\u0159ijme aktivn\u011bj\u0161\u00ed politiku fisk\u00e1ln\u00ed a monet\u00e1rn\u00ed expanze. Ne se v\u0161\u00edm souhlas\u00edm, co \u0159ekl pan Li, mimo jin\u00e9 tak\u00e9 m\u00edstop\u0159edsedou V\u00fdboru pro hospod\u00e1\u0159sk\u00e9 z\u00e1le\u017eitosti N\u00e1rodn\u00edho v\u00fdboru CPPCC. Ale jedno je jist\u00e9, kdy\u017e nedojde v\u00a0velk\u00e9mu v\u00e1le\u010dn\u00e9mu konfliktu v\u00a0p\u0159edstaviteln\u00e9 budoucnosti:<\/p>\n<p><em>\u010c\u00edna bude st\u00e1le nejdynami\u010dt\u011bji rostouc\u00ed ekonomikou, bude nejv\u00edce p\u0159isp\u00edvat ke glob\u00e1ln\u00edmu r\u016fstu a bude hnac\u00ed silou glob\u00e1ln\u00edho r\u016fstu a stability<\/em>. <em>Zem\u011b je schopna p\u0159ijmout aktivn\u011bj\u0161\u00ed proticyklickou fisk\u00e1ln\u00ed a monet\u00e1rn\u00ed politiku a poskytnout v\u00edce zdroj\u016f soukrom\u00fdm podnik\u016fm \u2013 hlavn\u00edm hr\u00e1\u010d\u016fm v \u010d\u00ednsk\u00e9m sektoru zahrani\u010dn\u00edho obchodu \u2013 aby kompenzovala dopad glob\u00e1ln\u00edho ekonomick\u00e9ho zpomalen\u00ed a klesaj\u00edc\u00ed zahrani\u010dn\u00ed popt\u00e1vky a podpo\u0159ila dom\u00e1c\u00ed investice a spot\u0159ebu<\/em>, \u0159ekl Lin.<\/p>\n<p>Dodal, \u017ee <em>je nepravd\u011bpodobn\u00e9, \u017ee by \u010c\u00edna za\u017eila to, co Japonsko po konci 90. let \u2013 pot\u00e9, co Tokio opustilo svou pr\u016fmyslovou politiku pod vn\u011bj\u0161\u00edm tlakem a nedok\u00e1zalo dos\u00e1hnout z\u00e1sadn\u00edch pr\u016flom\u016f v z\u00e1kladn\u00edm v\u00fdzkumu a technologi\u00edch \u2013 pokud bude \u010c\u00edna podporovat technologick\u00e9 inovace a pr\u016fmyslov\u00e9 modernizace a vytv\u00e1\u0159et v\u00edce investi\u010dn\u00edch p\u0159\u00edle\u017eitost\u00ed pro podniky. <\/em><\/p>\n<p>Pro dopln\u011bn\u00ed a snadn\u011bj\u0161\u00ed porozum\u011bn\u00ed d\u016fvod\u016f hospod\u00e1\u0159sk\u00e9ho pozitivn\u00edho v\u00fdvoje v\u00a0\u010c\u00edn\u011b doporu\u010duji sezn\u00e1mit se s nejnov\u011bj\u0161\u00edmi \u00fadaji N\u00e1rodn\u00edho statistick\u00e9ho \u00fa\u0159adu. Ty zve\u0159ejn\u011bn\u00e9 v p\u00e1tek uk\u00e1zaly, \u017ee nev\u00fdrobn\u00ed aktivity \u010c\u00edny expandovaly rychlej\u0161\u00edm tempem. Nap\u0159\u00edklad:<\/p>\n<p>Ofici\u00e1ln\u00ed index n\u00e1kupn\u00edch mana\u017eer\u016f ve zpracovatelsk\u00e9m sektoru v zemi v \u00fanoru klesl na 49,1 bodu z lednov\u00fdch 49,2 bodu, co\u017e je pod hranic\u00ed 50 bod\u016f, kter\u00e1 odd\u011bluje kontrakci od r\u016fstu.<\/p>\n<p>Mezit\u00edm nev\u00fdrobn\u00ed PMI dos\u00e1hl v \u00fanoru 51,4, co\u017e je n\u00e1r\u016fst z 50,7 o m\u011bs\u00edc d\u0159\u00edve. Krom\u011b toho ofici\u00e1ln\u00ed kompozitn\u00ed PMI v zemi, kter\u00fd zahrnuje v\u00fdrobn\u00ed i nev\u00fdrobn\u00ed aktivity, dos\u00e1hl v \u00fanoru 50,9, stejn\u011b jako v lednu.<\/p>\n<p><img decoding=\"async\" loading=\"lazy\" class=\"wp-image-47634 aligncenter\" src=\"http:\/\/www.infokuryr.cz\/n\/wp-content\/uploads\/2024\/02\/Pozvanka_Praha-_23.3.24-300x229.jpg\" alt=\"\" width=\"731\" height=\"558\" srcset=\"https:\/\/www.infokuryr.cz\/n\/wp-content\/uploads\/2024\/02\/Pozvanka_Praha-_23.3.24-300x229.jpg 300w, https:\/\/www.infokuryr.cz\/n\/wp-content\/uploads\/2024\/02\/Pozvanka_Praha-_23.3.24.jpg 595w\" sizes=\"(max-width: 731px) 100vw, 731px\" \/><\/p>\n<p>Nen\u00ed proto divu, \u017ee Wei Jianguo, b\u00fdval\u00fd n\u00e1m\u011bstek ministra obchodu, o\u010dek\u00e1v\u00e1 a t\u00edm potvrzuje i osobn\u00ed o\u010dek\u00e1v\u00e1n\u00ed autora p\u0159\u00edsp\u011bvku, \u017ee <em>\u010c\u00edna ozn\u00e1m\u00ed dal\u0161\u00ed opat\u0159en\u00ed k prohlouben\u00ed reforem a roz\u0161\u00ed\u0159en\u00ed otev\u00edr\u00e1n\u00ed se na vysok\u00e9 \u00farovni b\u011bhem dvou zased\u00e1n\u00ed, ka\u017edoro\u010dn\u00edch setk\u00e1n\u00ed nejvy\u0161\u0161\u00edch legislativn\u00edch a politick\u00fdch poradn\u00edch org\u00e1n\u016f v Pekingu, aby se zv\u00fd\u0161ila d\u016fv\u011bra v\u0161ech podnik\u016f a podpo\u0159il hospod\u00e1\u0159sk\u00fd r\u016fst.<\/em><\/p>\n<p>Co lze o\u010dek\u00e1vat konkr\u00e9tn\u011b? Mezi kl\u00ed\u010dov\u00e1 opat\u0159en\u00ed budou pat\u0159it ta, kter\u00e1 urychl\u00ed vytvo\u0159en\u00ed jednotn\u00e9ho dom\u00e1c\u00edho trhu, usnadn\u00ed rozvoj nov\u00fdch v\u00fdrobn\u00edch sil a pos\u00edl\u00ed syst\u00e9m vzd\u011bl\u00e1v\u00e1n\u00ed talent\u016f. To jsou sektory, kter\u00fdm se kv\u016fli strachu z\u00a0v\u00e1lky evrop\u0161t\u00ed politici nev\u011bnuj\u00ed tak, jak by se mohli a m\u011bli v\u011bnovat. Zde se nab\u00edz\u00ed vzpomenout si na realizaci rozhodnut\u00ed KS \u010cSSR podporovat talenty z\u00a0d\u011blnick\u00e9 t\u0159\u00eddy. Realizace m\u011bla n\u011bkdy a\u017e neuv\u011b\u0159iteln\u00e9 komick\u00e9 prvky, ale umo\u017enila mnoh\u00e9, z\u00a0\u010deho\u017e mnoz\u00ed je\u0161t\u011b dnes v\u00a0\u010cR \u017eij\u00ed a mohou se chlubit.<\/p>\n<p>\u017de \u010c\u00edna je na rychl\u00e9 cest\u011b k modernizaci pr\u016fmyslov\u00fdch a dodavatelsk\u00fdch \u0159et\u011bzc\u016f pomoc\u00ed ekologick\u00fdch, digit\u00e1ln\u00edch a inteligentn\u00edch transformac\u00ed, proto\u017ee up\u0159ednostnila v\u00fdchovu nov\u00fdch v\u00fdrobn\u00edch sil se st\u00e1v\u00e1 nepopiratelnou skute\u010dnost\u00ed a konkuren\u010dn\u00ed v\u00fdhodou \u010c\u00edny. Tvrzen\u00ed podporuje i Tian Xuan, prod\u011bkan PBC School of Finance na Tsinghua University. Ten v\u00a0p\u0159eddve\u0159\u00ed zased\u00e1n\u00ed \u0159ekl, \u017ee <em>rychl\u00e1 ekonomick\u00e1 expanze \u010c\u00edny s pr\u016fm\u011brn\u00fdm ro\u010dn\u00edm tempem r\u016fstu 9,9 procenta v posledn\u00edch t\u0159ech desetilet\u00edch je z\u00e1zrak. Zem\u011b m\u00e1 velk\u00fd prostor pro makroekonomick\u00e9 man\u00e9vrov\u00e1n\u00ed, a dodal, \u017ee n\u00e1vrh z\u00e1kona o podpo\u0159e soukrom\u00e9 ekonomiky by tak\u00e9 pos\u00edlil d\u016fv\u011bru sektoru a podn\u00edtil p\u0159\u00edsp\u011bvky soukrom\u00fdch podnik\u016f k celkov\u00e9 ekonomice v oblasti inovac\u00ed, zam\u011bstnanosti a da\u0148ov\u00fdch p\u0159\u00edjm\u016f<\/em>.<\/p>\n<p>A abych nezmi\u0148oval jenom \u010d\u00ednsk\u00e9 odborn\u00edky, dovoluji si zm\u00ednit se alespo\u0148 o jednom z\u00e1padn\u00edm ve v\u00fdkonn\u00e9 funkci v nadn\u00e1rodn\u00ed spole\u010dnosti. Nap\u0159\u00edklad, Marc Horn, prezident spole\u010dnosti Merck China, uvedl, \u017ee <em>v roce 2024 bude spole\u010dnost pokra\u010dovat v roz\u0161i\u0159ov\u00e1n\u00ed sv\u00e9 p\u016fsobnosti v \u010c\u00edn\u011b a vyu\u017eije obrovsk\u00e9 p\u0159\u00edle\u017eitosti, kter\u00e9 p\u0159ed n\u00ed le\u017e\u00ed.<\/em><\/p>\n<p>Ve st\u0159edn\u011bdob\u00e9m a dlouhodob\u00e9m horizontu \u0159ekl: <em>Jsem optimista, \u017ee \u010d\u00ednsk\u00e1 ekonomika bude do zna\u010dn\u00e9 m\u00edry t\u011b\u017eit ze sou\u010dasn\u00fdch prob\u00edhaj\u00edc\u00edch ekonomick\u00fdch reforem, kter\u00e9 se zam\u011b\u0159uj\u00ed na \u010d\u00ednskou cestu k modernizaci poh\u00e1n\u011bnou pr\u016fmyslovou modernizac\u00ed, rozvojem \u0161pi\u010dkov\u00fdch technologi\u00ed a zelen\u00fdmi iniciativami<\/em>.<\/p>\n<p><span style=\"font-size: 18pt;\"><strong>T\u0159i st\u0159\u00edpky ze zased\u00e1n\u00ed v z\u00e1v\u011bru<\/strong><\/span><\/p>\n<p>Vzhledem k tomu, \u017ee se \u010c\u00edna rozhodla zv\u00fd\u0161it sv\u00e9 vojensk\u00e9 v\u00fddaje o 7,2 % na rekordn\u00edch 231 miliard dolar\u016f v roce 2024, <em>Peking p\u0159itvrzuje svou r\u00e9toriku v\u016f\u010di Tchaj-wanu<\/em>, p\u00ed\u0161e agentura Reuters s odkazem na projev \u010d\u00ednsk\u00e9ho premi\u00e9ra Li \u010cchianga v N\u00e1rodn\u00ed lidov\u00e9 rad\u011b (NPC, \u010d\u00ednsk\u00e9m parlamentu) z 5. b\u0159ezna.<\/p>\n<p>Agentura upozornila zejm\u00e9na na skute\u010dnost, \u017ee Lee ve sv\u00e9m projevu vynechal formulaci <em>m\u00edrov\u00e9ho sjednocen\u00ed<\/em> s Tchaj-wanem, ke kter\u00e9mu premi\u00e9r vyzval loni. Tentokr\u00e1t \u0159ekl, \u017ee Peking <em>bude pevn\u00fd v prosazov\u00e1n\u00ed v\u011bci sjednocen\u00ed \u010c\u00edny<\/em>, \u017ee bude <em>rozhodn\u011b proti nez\u00e1vislosti Tchaj-wanu,<\/em> <em>bude podporovat m\u00edrov\u00fd rozvoj vztah\u016f mezi Tchaj-wanem a bude chr\u00e1nit z\u00e1kladn\u00ed z\u00e1jmy \u010d\u00ednsk\u00e9ho n\u00e1roda<\/em>. Zmi\u0148uji se Tchaj-wanu, proto\u017ee Reuters jasn\u011b zav\u00e1d\u00ed, sna\u017e\u00ed se manipulovat \u010dten\u00e1\u0159e. Pro\u010d? Proto\u017ee prohl\u00e1\u0161en\u00ed je v souladu s p\u0159edchoz\u00edmi prohl\u00e1\u0161en\u00edmi \u010d\u00ednsk\u00e9ho veden\u00ed.<\/p>\n<p>Cesty nejenom americk\u00fdch, ale i \u010desk\u00fdch p\u0159edstavitel\u016f na Tchaj-wan jsou v rozporu s principem <em>jedn\u00e9 \u010c\u00edny<\/em> a mohou b\u00fdt interpretov\u00e1ny jako odm\u00edt\u00e1n\u00ed principu jedn\u00e9 \u010c\u00edny p\u0159edev\u0161\u00edm v sou\u010dasn\u00e9 dob\u011b s\u00a0p\u0159edstaviteln\u00fdm rizikem vojensk\u00e9ho konfliktu. V\u00a0kontextu Tchaj-wanu se nach\u00e1z\u00ed i prohl\u00e1\u0161en\u00ed z\u00a0podzimu roku 2022 David Cohen, z\u00e1stupce \u0161\u00e9fa americk\u00e9 \u00dast\u0159edn\u00ed zpravodajsk\u00e9 slu\u017eby (CIA). Ten uvedl, \u017ee <em>\u010d\u00ednsk\u00fd prezident Si \u0164in-pching na\u0159\u00eddil arm\u00e1d\u011b, aby se p\u0159ipravila na zaveden\u00ed vojensk\u00e9 kontroly nad Tchaj-wanem do roku 2027<\/em>. Z\u00e1rove\u0148 poznamenal, \u017ee <em>americk\u00e1 rozv\u011bdka nev\u00ed, zda \u010d\u00ednsk\u00e9 veden\u00ed v t\u00e9to v\u011bci u\u010dinilo kone\u010dn\u00e9 rozhodnut\u00ed.<\/em><\/p>\n<p>2) \u010c\u00edn\u0161t\u00ed z\u00e1konod\u00e1rci v \u00fater\u00fd za\u010dali projedn\u00e1vat n\u00e1vrh revize \u00fastavn\u00edho z\u00e1kona St\u00e1tn\u00ed rady. Jedn\u00e1 se o prvn\u00ed revizi z\u00e1kona, kter\u00fd byl p\u0159ijat v prosinci 1982, kdy byla formulov\u00e1na sou\u010dasn\u00e1 \u00fastava zem\u011b.<\/p>\n<p><em>Z\u00e1kon sehr\u00e1l v\u00fdznamnou roli p\u0159i zaji\u0161\u0165ov\u00e1n\u00ed toho, aby St\u00e1tn\u00ed rada plnila sv\u00e9 povinnosti v souladu s \u00fastavou a dal\u0161\u00edmi z\u00e1kony<\/em>, \u0159ekl Li Hongzhong, m\u00edstop\u0159edseda St\u00e1l\u00e9ho v\u00fdboru V\u0161e\u010d\u00ednsk\u00e9ho shrom\u00e1\u017ed\u011bn\u00ed lidov\u00fdch z\u00e1stupc\u016f (NPC), kdy\u017e vysv\u011btloval n\u00e1vrh z\u00e1kona na zahajovac\u00edm zased\u00e1n\u00ed. <em>Revize z\u00e1kona je nezbytn\u00fdm krokem k tomu, aby St\u00e1tn\u00ed rada udr\u017eela celkov\u00e9 veden\u00ed strany a pos\u00edlila v\u0161estrann\u00e9 zlep\u0161en\u00ed vl\u00e1dy<\/em>, \u0159ekl Li a dodal, \u017ee <em>poskytuje institucion\u00e1ln\u00ed z\u00e1ruku pro St\u00e1tn\u00ed radu, aby se dr\u017eela sv\u00e9ho principu zam\u011b\u0159en\u00e9ho na lidi a sv\u00e9ho z\u00e1kladn\u00edho \u00fa\u010delu slou\u017eit lidem z cel\u00e9ho srdce.<\/em><\/p>\n<p>N\u00e1vrh revize obsahuje 20 \u010dl\u00e1nk\u016f, dopl\u0148uje ustanoven\u00ed t\u00fdkaj\u00edc\u00ed se povahy a postaven\u00ed St\u00e1tn\u00ed rady podle \u00fastavy, kter\u00e1 stanov\u00ed, \u017ee St\u00e1tn\u00ed rada, tj. \u00fast\u0159edn\u00ed lidov\u00e1 vl\u00e1da, je v\u00fdkonn\u00fdm org\u00e1nem nejvy\u0161\u0161\u00edho st\u00e1tn\u00edho org\u00e1nu moci a je nejvy\u0161\u0161\u00edm org\u00e1nem st\u00e1tn\u00ed spr\u00e1vy.<\/p>\n<p>N\u00e1vrh v\u00fdslovn\u011b nasti\u0148uje z\u00e1vazek St\u00e1tn\u00ed rady vybudovat mimo jin\u00e9 bez\u00fahonnou vl\u00e1du zalo\u017eenou na z\u00e1konech, orientovanou na inovace a orientovanou na slu\u017eby. D\u00e1le n\u00e1vrh zp\u0159es\u0148uje formulace t\u00fdkaj\u00edc\u00ed se funkc\u00ed a pravomoc\u00ed St\u00e1tn\u00ed rady a dopl\u0148uje ustanoven\u00ed, \u017ee St\u00e1tn\u00ed rada vykon\u00e1v\u00e1 jednotn\u00e9 veden\u00ed nad \u010dinnost\u00ed m\u00edstn\u00edch org\u00e1n\u016f st\u00e1tn\u00ed spr\u00e1vy na v\u0161ech \u00farovn\u00edch po cel\u00e9 zemi.<\/p>\n<p>3) Si \u0164in-pching, kter\u00fd se \u00fa\u010dastn\u00ed jedn\u00e1n\u00ed V\u0161e\u010d\u00ednsk\u00e9ho shrom\u00e1\u017ed\u011bn\u00ed lidov\u00fdch z\u00e1stupc\u016f (VSLZ) a \u010c\u00ednsk\u00e9ho lidov\u00e9ho politick\u00e9ho poradn\u00edho shrom\u00e1\u017ed\u011bn\u00ed (\u010cLPPS), ve sv\u00e9m projevu, jeho\u017e obsah se odraz\u00ed v\u00a0z\u00e1v\u011bre\u010dn\u00fdch v\u00fdsledc\u00edch zased\u00e1n\u00ed, kladl d\u016fraz na rozvoj nov\u00fdch kvalitn\u00edch v\u00fdrobn\u00edch sil. Ten je podle osobn\u00edho hodnocen\u00ed autora p\u0159\u00edsp\u011bvku p\u0159\u00edmo spojen s\u00a0p\u0159edem zm\u00edn\u011bn\u00fdm n\u00e1vrhem revize \u00fastavn\u00edho z\u00e1kona St\u00e1tn\u00ed rady, kter\u00e1 mimo jin\u00e9 jmenuje Guvern\u00e9ra \u010c\u00ednsk\u00e9 lidov\u00e9 banky. Ta bude hr\u00e1t d\u016fle\u017eitou roli p\u0159i realizaci nov\u00e9ho finan\u010dn\u00edho syst\u00e9mu BRICS.<\/p>\n<p>V\u00a0kontextu BRICS p\u0159ipom\u00edn\u00e1m slova ministra WangYi: <em>Rozvoj a posilov\u00e1n\u00ed zem\u00ed BRICS je posilov\u00e1n\u00edm m\u00edrov\u00fdch sil a roz\u0161i\u0159ov\u00e1n\u00edm glob\u00e1ln\u00ed fronty spravedlnosti, to by nem\u011blo b\u00fdt vn\u00edm\u00e1no jako v\u00fdzva<\/em>. Wang Yi ozna\u010dil roz\u0161\u00ed\u0159en\u00ed BRICS za <em>projev urychlen\u00ed procesu posilov\u00e1n\u00ed multipolarity sv\u011bta<\/em> a ji\u017e d\u0159\u00edve \u0159ekl, \u017ee <em>\u010c\u00edna a Rusko maj\u00ed v \u00famyslu podporovat skute\u010dnou multipolaritu na r\u016fzn\u00fdch m\u00edstech, v\u010detn\u011b BRICS a \u0160anghajsk\u00e9 organizace pro spolupr\u00e1ci<\/em>.<\/p>\n<p>A jako posledn\u00ed: \u010c\u00edna roz\u0161i\u0159uje svou p\u0159\u00edtomnost na ledov\u00e9m kontinentu, Antarktid\u011b. Austr\u00e1lie a Nov\u00fd Z\u00e9land se ob\u00e1vaj\u00ed, p\u0159esto\u017ee t\u011b\u017eba surovin se zd\u00e1 b\u00fdt men\u0161\u00edm c\u00edlem. Pro\u010d? S v\u00e1le\u010dn\u00fdmi myslemi v hlav\u011b o\u010dek\u00e1vaj\u00ed roz\u0161\u00ed\u0159en\u00ed odposlechov\u00fdch a naviga\u010dn\u00edch syst\u00e9m\u016f, p\u0159esto\u017ee nov\u00e1 \u010d\u00ednsk\u00e1 v\u00fdzkumn\u00e1 stanice v Rossov\u011b mo\u0159i v Antarktid\u011b, otev\u0159en\u00e1 p\u0159ed m\u011bs\u00edcem, 7. \u00fanora, m\u00e1 ide\u00e1ln\u00ed polohu pro zoologick\u00e9 v\u00fdzkumy. \u00a0To ale pat\u0159\u00ed k \u017eivotu. Souhlasu net\u0159eba.<\/p>\n<p><strong><em>Jan Campbell <\/em><\/strong><br \/>\n<strong><em>07.03.02024<\/em><\/strong><\/p>\n<p>&nbsp;<\/p>\n","protected":false},"excerpt":{"rendered":"<p>\u010cl\u00e1nek byl zve\u0159ejn\u011bn v \u010c\u00edn\u011b Jak zn\u00e1mo t\u011bm, kdo mysl\u00ed na budoucnost rodiny, sv\u00e9 zem\u011b&#8230;<\/p>\n","protected":false},"author":2,"featured_media":47088,"comment_status":"closed","ping_status":"closed","sticky":false,"template":"","format":"standard","meta":[],"categories":[6],"tags":[1042,30,59,29,122],"_links":{"self":[{"href":"https:\/\/www.infokuryr.cz\/n\/wp-json\/wp\/v2\/posts\/48943"}],"collection":[{"href":"https:\/\/www.infokuryr.cz\/n\/wp-json\/wp\/v2\/posts"}],"about":[{"href":"https:\/\/www.infokuryr.cz\/n\/wp-json\/wp\/v2\/types\/post"}],"author":[{"embeddable":true,"href":"https:\/\/www.infokuryr.cz\/n\/wp-json\/wp\/v2\/users\/2"}],"replies":[{"embeddable":true,"href":"https:\/\/www.infokuryr.cz\/n\/wp-json\/wp\/v2\/comments?post=48943"}],"version-history":[{"count":1,"href":"https:\/\/www.infokuryr.cz\/n\/wp-json\/wp\/v2\/posts\/48943\/revisions"}],"predecessor-version":[{"id":48944,"href":"https:\/\/www.infokuryr.cz\/n\/wp-json\/wp\/v2\/posts\/48943\/revisions\/48944"}],"wp:featuredmedia":[{"embeddable":true,"href":"https:\/\/www.infokuryr.cz\/n\/wp-json\/wp\/v2\/media\/47088"}],"wp:attachment":[{"href":"https:\/\/www.infokuryr.cz\/n\/wp-json\/wp\/v2\/media?parent=48943"}],"wp:term":[{"taxonomy":"category","embeddable":true,"href":"https:\/\/www.infokuryr.cz\/n\/wp-json\/wp\/v2\/categories?post=48943"},{"taxonomy":"post_tag","embeddable":true,"href":"https:\/\/www.infokuryr.cz\/n\/wp-json\/wp\/v2\/tags?post=48943"}],"curies":[{"name":"wp","href":"https:\/\/api.w.org\/{rel}","templated":true}]}}