{"id":48941,"date":"2024-03-09T00:35:46","date_gmt":"2024-03-08T23:35:46","guid":{"rendered":"https:\/\/www.infokuryr.cz\/n\/?p=48941"},"modified":"2024-03-08T18:17:29","modified_gmt":"2024-03-08T17:17:29","slug":"jiri-vyvadil-evropsti-zemedelci-jsou-jedinou-revolucni-silou-proti-mainstreamu","status":"publish","type":"post","link":"https:\/\/www.infokuryr.cz\/n\/2024\/03\/09\/jiri-vyvadil-evropsti-zemedelci-jsou-jedinou-revolucni-silou-proti-mainstreamu\/","title":{"rendered":"Ji\u0159\u00ed Vyvadil: Evrop\u0161t\u00ed zem\u011bd\u011blci jsou jedinou revolu\u010dn\u00ed silou proti mainstreamu"},"content":{"rendered":"<div id=\"fb-root\"><\/div>\n<p><strong>Zat\u00edmco Amerika m\u00e1 nad\u011bji na zm\u011bnu v podob\u011b st\u0159etu Trumpa vs. Bidena, kter\u00fd, jak je pro americk\u00e9 volby obvykl\u00e9, se op\u011bt rozhodne rozd\u00edlem maxim\u00e1ln\u011b n\u011bkolika des\u00edtek tis\u00edc\u016f hlas\u016f, Evropsk\u00e1 unie sm\u011b\u0159uje p\u0159es silnou nespokojenost mnoh\u00fdch z n\u00e1s s Green Dealem \u010di podporou Ukrajiny k tomu, \u017ee Ursula von der Leyen se na 90% stane znovu p\u0159edsedkyn\u00ed EK se v\u0161emi jej\u00edm totalitn\u00edmi a nedemokratick\u00fdmi zp\u016fsoby. A je to d\u00e1no stranick\u00fdm syst\u00e9mem, pro kter\u00fd intern\u011b plat\u00ed jist\u00e1 nem\u011bnnost. V z\u00e1sad\u011b to p\u0159ipom\u00edn\u00e1 rusk\u00e9 samod\u011br\u017eav\u00ed. Ov\u0161em jeho p\u0159edstavitel\u00e9 a Ursula zvl\u00e1\u0161\u0165 si obl\u00edbili metodu, ur\u010dov\u00e1n\u00ed, kdo je a kdo nen\u00ed ten spr\u00e1vn\u011b demokratick\u00fd.<\/strong><\/p>\n<p>N\u00e1\u0161 jinak ve sv\u011bt\u011b zcela bezv\u00fdznamn\u00fd Petr Fiala je rozhodn\u011b ten spr\u00e1vn\u00fd demokrat, Viktor Orb\u00e1n a Robert Fico jsou zcela nespr\u00e1vn\u00ed. Je tam ov\u0161em jeden rozd\u00edle\u010dek. Viktor Orb\u00e1n sv\u00fdmi n\u00e1zory i faktem, \u017ee m\u00ed\u0159\u00ed do s\u00eddla Donalda Trumpa prodiskutovat s\u00a0n\u00edm ot\u00e1zku Ukrajiny, je pro protirusk\u00e9ho xenofoba Fialu vnit\u0159n\u011b jist\u011b nen\u00e1vid\u011bn\u00fd, ale navenek je t\u011b\u017eko napadat n\u011bkoho, kdo se tak vynikaj\u00edcn\u011b zn\u00e1 s\u00a0potencion\u00e1ln\u00edm americk\u00fdm prezidentem. Na rozd\u00edl od na\u0161ich m\u00edstn\u00edch papal\u00e1\u0161\u016f Petra Pavla \u010di Petra Fialy \u2013 a to jsme koupili za neskute\u010dn\u00e9 pen\u00edze dod\u00e1vku letoun\u016f F-35 \u2013to k\u00a0ni\u010demu nevedlo. A Fiala, co\u017e by byl jeho sen, nebude m\u00edt mo\u017enost na p\u016fl hodinky k\u00a0Bidenovi. A k\u00a0Trumpovi se zcela ur\u010dit\u011b nedostane Pavel ani Fiala.<\/p>\n<p><a href=\"https:\/\/stranapro.cz\/\"><img decoding=\"async\" loading=\"lazy\" class=\"wp-image-40285 aligncenter\" src=\"http:\/\/www.infokuryr.cz\/n\/wp-content\/uploads\/2023\/11\/11pro-300x79.png\" alt=\"\" width=\"596\" height=\"157\" srcset=\"https:\/\/www.infokuryr.cz\/n\/wp-content\/uploads\/2023\/11\/11pro-300x79.png 300w, https:\/\/www.infokuryr.cz\/n\/wp-content\/uploads\/2023\/11\/11pro.png 363w\" sizes=\"(max-width: 596px) 100vw, 596px\" \/><\/a><\/p>\n<p>Evropsk\u00e9 volby jsou vlastn\u011b velmi zvl\u00e1\u0161tn\u00ed. Daleko v\u00edce to u n\u00e1s znamen\u00e1 sign\u00e1l, jak si kter\u00e1 strana stoj\u00ed politicky uvnit\u0159 zem\u011b, v\u00fdrazn\u011b m\u00e9n\u011b to bude znamenat pro Evropu. Ale mo\u017en\u00e1 nejsme v\u00fdjimkou\u2026<\/p>\n<p>Emmanuel Macron, korouhvi\u010dka a mluvka, kter\u00fd vid\u011bl, jak francouz\u0161t\u00ed zem\u011bd\u011blci se daleko v\u00edce linou k Marine Le Pen, kterou m\u00e9dia t\u00e9m\u011b\u0159 povinn\u011b ozna\u010duj\u00ed jako krajn\u00ed pravici, se rozhodl b\u00fdt hlavn\u00edm bojovn\u00edkem proti Rusku.<\/p>\n<p><img decoding=\"async\" loading=\"lazy\" class=\"wp-image-48462 alignright\" src=\"http:\/\/www.infokuryr.cz\/n\/wp-content\/uploads\/2024\/03\/pozvanka-23-300x165.jpg\" alt=\"\" width=\"477\" height=\"262\" srcset=\"https:\/\/www.infokuryr.cz\/n\/wp-content\/uploads\/2024\/03\/pozvanka-23-300x165.jpg 300w, https:\/\/www.infokuryr.cz\/n\/wp-content\/uploads\/2024\/03\/pozvanka-23-768x422.jpg 768w, https:\/\/www.infokuryr.cz\/n\/wp-content\/uploads\/2024\/03\/pozvanka-23.jpg 898w\" sizes=\"(max-width: 477px) 100vw, 477px\" \/><\/p>\n<p>Ale je to slab\u00e9\u2026 Cht\u011blo by to d\u016frazn\u00fd z\u00e1v\u011br. Zat\u00edm je to kaf\u00ed\u010dko.<\/p>\n<p>M\u011bl by si vz\u00edt p\u0159\u00edklad z\u00a0Napoleona a vyrazit na Moskvu. Petr Fiala by mu mohl d\u011blat ideologick\u00e9ho poradce a Petr Pavel n\u00e1\u010deln\u00edka \u0161t\u00e1bu\u2026<\/p>\n<p>Ano. Cht\u011blo by to konec.<\/p>\n<p>Kdo z\u00a0koho.<\/p>\n<p>A\u0165 tak \u010di onak celoevropsk\u00e9 bou\u0159e zem\u011bd\u011blc\u016f jsou v\u00edce ne\u017e jen vyk\u0159i\u010dn\u00edkem proti Green Dealu, proti dominanci dikt\u00e1tu EU, co se m\u00e1 d\u011blat \u010di ned\u011blat, abychom m\u011bli Evropu norm\u00e1ln\u011bj\u0161\u00ed a p\u0159irozen\u011bj\u0161\u00ed.<\/p>\n<p>Je to o ukon\u010den\u00ed dal\u0161\u00ed nekone\u010dn\u00e9 v\u00e1lky, po v\u00e1lce v\u00a0Ir\u00e1ku, Afgh\u00e1nist\u00e1nu.<\/p>\n<p>Na\u0161i i evrop\u0161t\u00ed zem\u011bd\u011blci bojuj\u00ed za jinou Evropu a pota\u017emo sv\u011bt.<\/p>\n<p>Sv\u011bt bez Macron\u016f, Fial\u016f, von der Leyenov\u00fdch.<\/p>\n<p>Sv\u011bt bez v\u00e1lek.<\/p>\n<p><a href=\"https:\/\/vasevec.info\/komentare\/evropsti-zemedelci-jsou-jedinou-revolucni-silou-proti-mainstreamu\" target=\"_blank\" rel=\"noopener\">Ji\u0159\u00ed Vyvadil<\/a><\/p>\n<p><img decoding=\"async\" loading=\"lazy\" class=\"alignnone size-medium wp-image-16474\" src=\"http:\/\/www.infokuryr.cz\/n\/wp-content\/uploads\/2022\/10\/jiri-vyvadil-300x200.jpg\" alt=\"\" width=\"300\" height=\"200\" srcset=\"https:\/\/www.infokuryr.cz\/n\/wp-content\/uploads\/2022\/10\/jiri-vyvadil-300x200.jpg 300w, https:\/\/www.infokuryr.cz\/n\/wp-content\/uploads\/2022\/10\/jiri-vyvadil-768x512.jpg 768w, https:\/\/www.infokuryr.cz\/n\/wp-content\/uploads\/2022\/10\/jiri-vyvadil.jpg 800w\" sizes=\"(max-width: 300px) 100vw, 300px\" \/><\/p>\n<p>&nbsp;<\/p>\n","protected":false},"excerpt":{"rendered":"<p>Zat\u00edmco Amerika m\u00e1 nad\u011bji na zm\u011bnu v podob\u011b st\u0159etu Trumpa vs. Bidena, kter\u00fd, jak je&#8230;<\/p>\n","protected":false},"author":2,"featured_media":33893,"comment_status":"closed","ping_status":"closed","sticky":false,"template":"","format":"standard","meta":[],"categories":[6],"tags":[283,2739,29],"_links":{"self":[{"href":"https:\/\/www.infokuryr.cz\/n\/wp-json\/wp\/v2\/posts\/48941"}],"collection":[{"href":"https:\/\/www.infokuryr.cz\/n\/wp-json\/wp\/v2\/posts"}],"about":[{"href":"https:\/\/www.infokuryr.cz\/n\/wp-json\/wp\/v2\/types\/post"}],"author":[{"embeddable":true,"href":"https:\/\/www.infokuryr.cz\/n\/wp-json\/wp\/v2\/users\/2"}],"replies":[{"embeddable":true,"href":"https:\/\/www.infokuryr.cz\/n\/wp-json\/wp\/v2\/comments?post=48941"}],"version-history":[{"count":1,"href":"https:\/\/www.infokuryr.cz\/n\/wp-json\/wp\/v2\/posts\/48941\/revisions"}],"predecessor-version":[{"id":48942,"href":"https:\/\/www.infokuryr.cz\/n\/wp-json\/wp\/v2\/posts\/48941\/revisions\/48942"}],"wp:featuredmedia":[{"embeddable":true,"href":"https:\/\/www.infokuryr.cz\/n\/wp-json\/wp\/v2\/media\/33893"}],"wp:attachment":[{"href":"https:\/\/www.infokuryr.cz\/n\/wp-json\/wp\/v2\/media?parent=48941"}],"wp:term":[{"taxonomy":"category","embeddable":true,"href":"https:\/\/www.infokuryr.cz\/n\/wp-json\/wp\/v2\/categories?post=48941"},{"taxonomy":"post_tag","embeddable":true,"href":"https:\/\/www.infokuryr.cz\/n\/wp-json\/wp\/v2\/tags?post=48941"}],"curies":[{"name":"wp","href":"https:\/\/api.w.org\/{rel}","templated":true}]}}