{"id":48938,"date":"2024-03-09T00:32:58","date_gmt":"2024-03-08T23:32:58","guid":{"rendered":"https:\/\/www.infokuryr.cz\/n\/?p=48938"},"modified":"2024-03-08T18:12:20","modified_gmt":"2024-03-08T17:12:20","slug":"je-pet-minut-po-dvanacte-varuje-aliance-za-nezavislost-cr-ve-volbach-chce-prekrocit-5-procent","status":"publish","type":"post","link":"https:\/\/www.infokuryr.cz\/n\/2024\/03\/09\/je-pet-minut-po-dvanacte-varuje-aliance-za-nezavislost-cr-ve-volbach-chce-prekrocit-5-procent\/","title":{"rendered":"Je p\u011bt minut po dvan\u00e1ct\u00e9, varuje Aliance za nez\u00e1vislost \u010cR. Ve volb\u00e1ch chce p\u0159ekro\u010dit 5 procent"},"content":{"rendered":"<div id=\"fb-root\"><\/div>\n<p><strong>Vystoupen\u00ed z\u00a0Evropsk\u00e9 unie i z\u00a0NATO, to je hlavn\u00ed c\u00edl uskupen\u00ed osmi vlasteneck\u00fdch politick\u00fdch stan a hnut\u00ed, je\u017e hodlaj\u00ed v\u00a0\u010dervnu kandidovat do Evropsk\u00e9ho parlamentu bok po boku. C\u00edlem tzv. Aliance za nez\u00e1vislost \u010cR je z\u00edskat jeden mand\u00e1t. Uvedli to jej\u00ed p\u0159edstavitel\u00e9 na dne\u0161n\u00ed tiskov\u00e9 konferenci v\u00a0Praze.<\/strong><\/p>\n<p>Aliance je tvo\u0159ena osmi stranami a hnut\u00edmi \u2013 jsou to Aliance n\u00e1rodn\u00edch sil (ANS), Bezpe\u010dn\u00e9 ulice, \u010cist\u00fd kraj, D\u011blnick\u00e1 strana soci\u00e1ln\u00ed spravedlnosti (DSSS), N\u00e1rodn\u00ed demokracie (ND), Rozumn\u00ed a Sdru\u017een\u00ed pro republiku \u2013 Republik\u00e1nsk\u00e1 strana \u010ceskoslovenska a politick\u00e1 strana Hnut\u00ed PES.<\/p>\n<p>Ji\u017e d\u00e9le je zn\u00e1mo, \u017ee l\u00eddrem se stane sou\u010dasn\u00fd europoslanec\u00a0<strong>Hynek Bla\u0161ko<\/strong>. Dnes bylo d\u00e1le ozn\u00e1meno dal\u0161\u00ed po\u0159ad\u00ed \u2013 dvojkou na spole\u010dn\u00e9 kandid\u00e1tce bude p\u0159edseda neziskov\u00e9 organizace N\u00e1rodn\u00ed ml\u00e1de\u017e a m\u00edstop\u0159edseda ND\u00a0<strong>Jan Sedl\u00e1\u010dek<\/strong>, trojkou pak \u0161\u00e9fka ANS\u00a0<strong>Vladim\u00edra V\u00edtov\u00e1<\/strong>\u00a0a \u010dty\u0159kou p\u0159edseda strany Rozumn\u00ed\u00a0<strong>Petr Hannig<\/strong>. Na p\u00e1t\u00e9m m\u00edst\u011b voli\u010di najdou p\u0159edsedu DSSS\u00a0<strong>Tom\u00e1\u0161e Vandase<\/strong>, na \u0161est\u00e9m p\u0159edsedu ND\u00a0<strong>Adama B. Barto\u0161e<\/strong>, sedmi\u010dkou je advok\u00e1t Miroslav Pinde\u0161, zastupuj\u00edc\u00ed republik\u00e1ny, a osmi\u010dkou Ji\u0159\u00ed Jane\u010dek, p\u0159edseda Hnut\u00ed PES.<\/p>\n<figure class=\"wp-block-gallery has-nested-images columns-default is-cropped wp-block-gallery-1 is-layout-flex wp-block-gallery-is-layout-flex\">\n<figure class=\"wp-block-image size-large\"><a class=\"td-modal-image\" href=\"https:\/\/www.iportal24.cz\/wp-content\/uploads\/2024\/03\/aliance_zacatek.jpg\"><img decoding=\"async\" loading=\"lazy\" class=\"wp-image-104739 td-animation-stack-type1-2 aligncenter\" src=\"https:\/\/www.iportal24.cz\/wp-content\/uploads\/2024\/03\/aliance_zacatek-1024x498.jpg\" sizes=\"(max-width: 1024px) 100vw, 1024px\" srcset=\"https:\/\/www.iportal24.cz\/wp-content\/uploads\/2024\/03\/aliance_zacatek-1024x498.jpg 1024w, https:\/\/www.iportal24.cz\/wp-content\/uploads\/2024\/03\/aliance_zacatek-300x146.jpg 300w, https:\/\/www.iportal24.cz\/wp-content\/uploads\/2024\/03\/aliance_zacatek-768x373.jpg 768w, https:\/\/www.iportal24.cz\/wp-content\/uploads\/2024\/03\/aliance_zacatek-864x420.jpg 864w, https:\/\/www.iportal24.cz\/wp-content\/uploads\/2024\/03\/aliance_zacatek-640x311.jpg 640w, https:\/\/www.iportal24.cz\/wp-content\/uploads\/2024\/03\/aliance_zacatek-681x331.jpg 681w, https:\/\/www.iportal24.cz\/wp-content\/uploads\/2024\/03\/aliance_zacatek.jpg 1280w\" alt=\"\" width=\"878\" height=\"427\" data-id=\"104739\" \/><\/a><figcaption class=\"wp-element-caption\"><\/figcaption><\/figure>\n<\/figure>\n<p>_____________________<\/p>\n<p><strong>Zleva Adam B. Barto\u0161, Vladim\u00edra V\u00edtov\u00e1, Tom\u00e1\u0161 Vandas a Jan Sedl\u00e1\u010dek<\/strong><\/p>\n<p><em>\u00bbVe volb\u00e1ch chceme usp\u011bt, to znamen\u00e1 p\u0159ekro\u010dit 5 procent a m\u00edt sv\u00e9ho z\u00e1stupce v\u00a0Evropsk\u00e9m parlamentu. R\u00e1d bych, aby si lid\u00e9 zjistili, koho vol\u00ed a jakou maj\u00ed minulost na\u0161i kandid\u00e1ti, a jakou naopak tzv. ochr\u00e1nci n\u00e1rodn\u00edch z\u00e1jm\u016f, kte\u0159\u00ed te\u010f slibuj\u00ed, ale v\u00a0minulosti jednali jinak,\u00ab<\/em>\u00a0uvedl Vandas na p\u0159\u00edm\u00fd dotaz iportaL24.cz ohledn\u011b ambic\u00ed Aliance za nez\u00e1vislost \u010cR.\u00a0<em>\u00bb\u0158\u00edk\u00e1 se, \u017ee nem\u00e1me \u0161anci, ale kdy\u017e se pod\u00edv\u00e1te, kolik procent v\u00a0minul\u00fdch volb\u00e1ch z\u00edskaly jednotliv\u00e9 strany, kdy\u017e kandidovaly samostatn\u011b, a p\u0159ipo\u010dtete preferen\u010dn\u00ed hlasy pro pana gener\u00e1la Bla\u0161ka, jste najednou na 3,5 procentech a odtud u\u017e nen\u00ed daleko k\u00a0p\u011bti,\u00ab<\/em>\u00a0doplnil Sedl\u00e1\u010dek.<\/p>\n<p><em>\u00bbLid\u00e9 by m\u011bli volit ne toho, kdo je hezkej, ale kdo m\u00e1 n\u011bjak\u00fd n\u00e1zor,\u00ab<\/em>\u00a0dotkl se p\u0159edseda Rozumn\u00fdch Petr Hannig ned\u00e1vn\u00e9 prezidentsk\u00e9 volby. \u00bb<em>Je nesmysl volit toho, kdo dos\u00e1hne p\u011bti procent podle toho, co p\u0159edpod\u00edvaj\u00ed agentury, kter\u00e9 ka\u017ed\u00fd t\u00fdden vyd\u00e1vaj\u00ed preference. K\u00a0volb\u00e1m je pot\u0159eba p\u0159istoupit zodpov\u011bdn\u011b,\u00ab<\/em> p\u0159ipojil Hannig.<\/p>\n<p>Aliance voli\u010d\u016fm vzk\u00e1zala motto, aby nevolili men\u0161\u00ed zlo, ale dobro.\u00a0<em>\u00bbV\u0161echny na\u0161e strany vystupuj\u00ed historicky proti EU a NATO,\u00ab<\/em>\u00a0\u0159ekla V\u00edtov\u00e1.\u00a0<em>\u00bbJedinou cestou k\u00a0obnoven\u00ed suverenity je vystoupen\u00ed z\u00a0EU. K\u00a0tomu mus\u00ed doj\u00edt ka\u017ed\u00fd, kdo m\u00e1 selsk\u00fd rozum a vid\u00ed a analyzuje v\u0161e, se d\u011bje v\u00a0Evropsk\u00e9 komisi a jak se prom\u011bnila EU za posledn\u00edch 20 let,\u00ab<\/em>\u00a0p\u0159ipojil Vandas.\u00a0<em>\u00bbKdysi to byl spolek zalo\u017een\u00fd na spolupr\u00e1ci suver\u00e9nn\u00edch st\u00e1t\u016f v\u00a0hospod\u00e1\u0159sk\u00e9 oblasti, co\u017e je prosp\u011b\u0161n\u00e9, kdy\u017e spolu naleznou \u0159e\u010d. V\u00a0posledn\u00edch letech ale nab\u00edr\u00e1 st\u00e1le zb\u011bsilej\u0161\u00ed tempo, okovy se utahuj\u00ed siln\u011bji a p\u0159ich\u00e1z\u00ed totalitn\u00ed my\u0161len\u00ed a diktatura Bruselu. Na\u0161e vl\u00e1dy jen slep\u011b p\u0159ij\u00edmaj\u00ed nesmysln\u00e1 na\u0159\u00edzen\u00ed a dnes jsme v\u00a0situaci, kdy jde o byt\u00ed a nebyt\u00ed na\u0161\u00ed zem\u011b. Je pot\u0159eba zastavit ma\u0161inerii v\u00a0EU a Evropsk\u00e9m parlamentu, proto jsme nalezli spole\u010dnou \u0159e\u010d a kandidujeme spolu. Nen\u00ed p\u011bt minut p\u0159ed, ale p\u011bt minut po dvan\u00e1ct\u00e9,\u00ab\u00a0<\/em>dodal Vandas.<\/p>\n<figure class=\"wp-block-gallery has-nested-images columns-default is-cropped wp-block-gallery-2 is-layout-flex wp-block-gallery-is-layout-flex\">\n<figure class=\"wp-block-image size-large\"><a class=\"td-modal-image\" href=\"https:\/\/www.iportal24.cz\/wp-content\/uploads\/2024\/03\/aliance_hannig.jpg\"><img decoding=\"async\" loading=\"lazy\" class=\"wp-image-104740 td-animation-stack-type1-2 aligncenter\" src=\"https:\/\/www.iportal24.cz\/wp-content\/uploads\/2024\/03\/aliance_hannig-1024x498.jpg\" sizes=\"(max-width: 1024px) 100vw, 1024px\" srcset=\"https:\/\/www.iportal24.cz\/wp-content\/uploads\/2024\/03\/aliance_hannig-1024x498.jpg 1024w, https:\/\/www.iportal24.cz\/wp-content\/uploads\/2024\/03\/aliance_hannig-300x146.jpg 300w, https:\/\/www.iportal24.cz\/wp-content\/uploads\/2024\/03\/aliance_hannig-768x373.jpg 768w, https:\/\/www.iportal24.cz\/wp-content\/uploads\/2024\/03\/aliance_hannig-864x420.jpg 864w, https:\/\/www.iportal24.cz\/wp-content\/uploads\/2024\/03\/aliance_hannig-640x311.jpg 640w, https:\/\/www.iportal24.cz\/wp-content\/uploads\/2024\/03\/aliance_hannig-681x331.jpg 681w, https:\/\/www.iportal24.cz\/wp-content\/uploads\/2024\/03\/aliance_hannig.jpg 1280w\" alt=\"\" width=\"934\" height=\"454\" data-id=\"104740\" \/><\/a><figcaption class=\"wp-element-caption\"><\/figcaption><\/figure>\n<\/figure>\n<p>________________<\/p>\n<p><strong>Slovo m\u00e1 \u0161\u00e9f Rozumn\u00fdch Petr Hannig (vpravo).<\/strong><\/p>\n<p>\u0160\u00e9f N\u00e1rodn\u00ed demokracie Barto\u0161 k\u00a0tomu p\u0159ipojil nutnost vystoupen\u00ed z\u00a0NATO i v\u00a0souvislosti s\u00a0v\u00e1lkou na Ukrajin\u011b.\u00a0<em>\u00bbVid\u011bli jsme mapy, kde jsou na\u0161e jednotky rozm\u00edst\u011bny u b\u011blorusk\u00fdch hranic. V\u0161echny na\u0161e strany od po\u010d\u00e1tku odm\u00edtaly eskalaci nap\u011bt\u00ed dod\u00e1v\u00e1n\u00edm zbran\u00ed na Ukrajinu i sankce proti Rusk\u00e9 federaci. A po dvou letech nejsme na konci konfliktu, ale v\u00a0situaci nebezpe\u010dn\u011bj\u0161\u00ed a rizikov\u011bj\u0161\u00ed ne\u017e za celou dobu t\u011bch dvou let. Odm\u00edt\u00e1me jak\u00e9koli zapojen\u00ed na\u0161ich vojensk\u00fdch jednotek za jak\u00fdmkoli \u00fa\u010delem. Dnes se \u0159\u00edk\u00e1, \u017ee je to jen z\u00a0bezpe\u010dnostn\u00edch d\u016fvod\u016f, ale m\u016f\u017ee se to zvrtnout do n\u011b\u010deho jin\u00e9ho a elity n\u00e1s na to ji\u017e p\u0159ipravuj\u00ed. Jen to pot\u0159ebuj\u00ed medi\u00e1ln\u011b spr\u00e1vn\u011b vysv\u011btlit. V\u00a0tom p\u0159\u00edpad\u011b se \u010cesk\u00e1 republika dostane do konfliktu s\u00a0Ruskem lousknut\u00edm prstu,\u00ab<\/em>\u00a0varoval Barto\u0161.<\/p>\n<p><img decoding=\"async\" loading=\"lazy\" class=\"wp-image-48462 alignright\" src=\"http:\/\/www.infokuryr.cz\/n\/wp-content\/uploads\/2024\/03\/pozvanka-23-300x165.jpg\" alt=\"\" width=\"615\" height=\"338\" srcset=\"https:\/\/www.infokuryr.cz\/n\/wp-content\/uploads\/2024\/03\/pozvanka-23-300x165.jpg 300w, https:\/\/www.infokuryr.cz\/n\/wp-content\/uploads\/2024\/03\/pozvanka-23-768x422.jpg 768w, https:\/\/www.infokuryr.cz\/n\/wp-content\/uploads\/2024\/03\/pozvanka-23.jpg 898w\" sizes=\"(max-width: 615px) 100vw, 615px\" \/><\/p>\n<p><em>\u00bbKdy\u017e se dostane na pomoc Ukrajin\u011b a \u010dtete koment\u00e1\u0159e renomovan\u00fdch specialist\u016f, kte\u0159\u00ed se ot\u00e1zkou v\u00e1lky zab\u00fdvaj\u00ed, zjist\u00edte, \u017ee bu\u010f to nem\u00e1 v\u016fbec \u0159e\u0161en\u00ed, bude to plichta, nebo bude ostuda. My p\u0159itom sl\u00fdch\u00e1me, jak se na Ukrajin\u011b bojuje za evropskou demokracii. Vzpome\u0148me si ale, jak se vyk\u0159ikovalo, \u017ee v\u00a0Afgh\u00e1nist\u00e1nu se bojuje za Prahu, a jak to kon\u010dilo. Kolos\u00e1ln\u00ed ostudou! Ut\u00edkali odtud jak krysy z\u00a0pot\u00e1p\u011bj\u00edc\u00ed se lodi a T\u00e1lib\u00e1nu nechali v\u0161echno, co pot\u0159eboval,\u00ab<\/em>\u00a0uvedl europoslanec Bla\u0161ko, kter\u00fd byl v\u00a0minul\u00e9m volebn\u00edm obdob\u00ed zvolen za SPD.\u00a0<em>\u00bbCo se tam vyh\u00e1zelo miliard dolar\u016f! A jak se na tom pod\u00edlela i \u010cesk\u00e1 republika! To je n\u011bco neuv\u011b\u0159iteln\u00e9ho,\u00ab<\/em>\u00a0kritizoval Bla\u0161ko a odsoudil i snahy zav\u00e9st euro. Tzv. Zelenou dohodu pro Evropu ozna\u010dil za politickou smy\u0161lenku, kter\u00e1 nen\u00ed podlo\u017eena v\u011bdeck\u00fdmi poznatky.<\/p>\n<p>Politice Green Dealu se na dne\u0161n\u00ed tiskov\u00e9 konferenci v\u011bnovala i dvojka na kandid\u00e1tce, p\u0159\u00edrodov\u011bdec Sedl\u00e1\u010dek.\u00a0<em>\u00bbM\u00e9dia tvrd\u00ed, \u017ee klimatick\u00e1 politika je z\u00e1klad ochrany \u017eivotn\u00edho prost\u0159ed\u00ed. Tahle ideologie nem\u00e1 nic spole\u010dn\u00e9ho se z\u00e1jmy p\u0159\u00edrody, naopak jde proti ochran\u011b p\u0159\u00edrody<\/em>,\u00ab uvedl Sedl\u00e1\u010dek.\u00a0<em>\u00bbGreen Deal je hlavn\u00ed p\u0159\u00ed\u010dinou, pro\u010d je drahota. Mluv\u00ed se o Babi\u0161ov\u011b drahot\u011b, Fialov\u011b drahot\u011b, ale nejp\u0159esn\u011bj\u0161\u00ed je vyj\u00e1d\u0159en\u00ed bruselsk\u00e1 drahota,\u00ab<\/em>\u00a0uvedl Sedl\u00e1\u010dek a p\u0159edstavil petici Aliance za nez\u00e1vislost \u010cR za zru\u0161en\u00ed emisn\u00edch povolenek, kter\u00e9 podle n\u011bj stoj\u00ed za zdra\u017een\u00edm zbo\u017e\u00ed, a za levnou elekt\u0159inu. Ta by podle n\u011bj pomohla nastartovat pr\u016fmysl i sn\u00ed\u017eit ceny potravin. Petice je ke sta\u017een\u00ed\u00a0<a title=\"zde\" href=\"https:\/\/aliancezacr.cz\/petice-za-zruseni-emisnich-povolenek-a-za-levnou-elektrinu-pro-lidi-a-podniky-v-cr\/\">zde<\/a>.<\/p>\n<p><strong>(pk)<\/strong><\/p>\n<p><a href=\"https:\/\/stranapro.cz\/\"><img decoding=\"async\" loading=\"lazy\" class=\"wp-image-40286 aligncenter\" src=\"http:\/\/www.infokuryr.cz\/n\/wp-content\/uploads\/2023\/11\/12pro-300x87.png\" alt=\"\" width=\"948\" height=\"275\" srcset=\"https:\/\/www.infokuryr.cz\/n\/wp-content\/uploads\/2023\/11\/12pro-300x87.png 300w, https:\/\/www.infokuryr.cz\/n\/wp-content\/uploads\/2023\/11\/12pro.png 366w\" sizes=\"(max-width: 948px) 100vw, 948px\" \/><\/a><\/p>\n<p>&nbsp;<\/p>\n","protected":false},"excerpt":{"rendered":"<p>Vystoupen\u00ed z\u00a0Evropsk\u00e9 unie i z\u00a0NATO, to je hlavn\u00ed c\u00edl uskupen\u00ed osmi vlasteneck\u00fdch politick\u00fdch stan a&#8230;<\/p>\n","protected":false},"author":2,"featured_media":48939,"comment_status":"closed","ping_status":"closed","sticky":false,"template":"","format":"standard","meta":[],"categories":[6],"tags":[1876,811,1370,27],"_links":{"self":[{"href":"https:\/\/www.infokuryr.cz\/n\/wp-json\/wp\/v2\/posts\/48938"}],"collection":[{"href":"https:\/\/www.infokuryr.cz\/n\/wp-json\/wp\/v2\/posts"}],"about":[{"href":"https:\/\/www.infokuryr.cz\/n\/wp-json\/wp\/v2\/types\/post"}],"author":[{"embeddable":true,"href":"https:\/\/www.infokuryr.cz\/n\/wp-json\/wp\/v2\/users\/2"}],"replies":[{"embeddable":true,"href":"https:\/\/www.infokuryr.cz\/n\/wp-json\/wp\/v2\/comments?post=48938"}],"version-history":[{"count":1,"href":"https:\/\/www.infokuryr.cz\/n\/wp-json\/wp\/v2\/posts\/48938\/revisions"}],"predecessor-version":[{"id":48940,"href":"https:\/\/www.infokuryr.cz\/n\/wp-json\/wp\/v2\/posts\/48938\/revisions\/48940"}],"wp:featuredmedia":[{"embeddable":true,"href":"https:\/\/www.infokuryr.cz\/n\/wp-json\/wp\/v2\/media\/48939"}],"wp:attachment":[{"href":"https:\/\/www.infokuryr.cz\/n\/wp-json\/wp\/v2\/media?parent=48938"}],"wp:term":[{"taxonomy":"category","embeddable":true,"href":"https:\/\/www.infokuryr.cz\/n\/wp-json\/wp\/v2\/categories?post=48938"},{"taxonomy":"post_tag","embeddable":true,"href":"https:\/\/www.infokuryr.cz\/n\/wp-json\/wp\/v2\/tags?post=48938"}],"curies":[{"name":"wp","href":"https:\/\/api.w.org\/{rel}","templated":true}]}}