{"id":48924,"date":"2024-03-09T00:46:10","date_gmt":"2024-03-08T23:46:10","guid":{"rendered":"https:\/\/www.infokuryr.cz\/n\/?p=48924"},"modified":"2024-03-08T17:43:40","modified_gmt":"2024-03-08T16:43:40","slug":"marocan-ktery-behem-fotbaloveho-turnaje-ubil-nemeckeho-teenagera-dostal-podminku","status":"publish","type":"post","link":"https:\/\/www.infokuryr.cz\/n\/2024\/03\/09\/marocan-ktery-behem-fotbaloveho-turnaje-ubil-nemeckeho-teenagera-dostal-podminku\/","title":{"rendered":"Maro\u010dan, kter\u00fd b\u011bhem fotbalov\u00e9ho turnaje ubil n\u011bmeck\u00e9ho teenagera dostal podm\u00ednku"},"content":{"rendered":"<div id=\"fb-root\"><\/div>\n<p><span style=\"font-size: 18pt;\"><strong>Migrantovi byl ulo\u017een podm\u00edn\u011bn\u00fd trest odn\u011bt\u00ed svobody, co\u017e znamen\u00e1, \u017ee ve \u010dtvrtek ode\u0161el od soudu, p\u0159esto\u017ee loni na fotbalov\u00e9m turnaji do 17 let v N\u011bmecku ubil soupe\u0159e k smrti<\/strong><\/span><\/p>\n<p><span>Sedmn\u00e1ctilet\u00fd marock\u00fd fotbalista, kter\u00fd loni na fotbalov\u00e9m turnaji ubil k smrti n\u011bmeck\u00e9ho teenagera, se vyhnul v\u011bzen\u00ed.<\/span><\/p>\n<p><span>Pachatel byl spolupracovn\u00edkem francouzsk\u00e9ho fotbalov\u00e9ho klubu FC Metz&#8217;s Performance Program, kdy\u017e jeho t\u00fdm sout\u011b\u017eil na German Cup, mezin\u00e1rodn\u00edm turnaji do 17 let, kter\u00fd se konal loni na ja\u0159e ve Frankfurtu.<\/span><\/p>\n<p><span>28. kv\u011btna do\u0161lo b\u011bhem jednoho z utk\u00e1n\u00ed ke rva\u010dce, kter\u00e1 vy\u00fastila v to, \u017ee Maro\u010dan srazil p\u011bst\u00ed sv\u00e9ho mlad\u00e9ho n\u011bmeck\u00e9ho soupe\u0159e Paula P. k zemi.\u00a0Na m\u00edsto byli vysl\u00e1ni z\u00e1chran\u00e1\u0159i, kdy\u017e ob\u011b\u0165 nenabyla v\u011bdom\u00ed a po upadnut\u00ed do k\u00f3matu byl p\u0159evezen do nemocnice.<\/span><\/p>\n<p><span>\u201ePatn\u00e1ctilet\u00fd mlad\u00edk zem\u0159el v nemocnici na n\u00e1sledky t\u011b\u017ek\u00e9ho poran\u011bn\u00ed mozku,\u201c potvrdil o n\u011bkolik dn\u00ed pozd\u011bji st\u00e1tn\u00ed z\u00e1stupce.<\/span><\/p>\n<p><span>Fotbalov\u00fd t\u00fdm ob\u011bti popsal Paula jako \u201eneoby\u010dejn\u00e9ho mlad\u00e9ho \u010dlov\u011bka\u201c, kter\u00fd \u201eka\u017ed\u00fdm vl\u00e1knem sv\u00e9ho srdce a du\u0161e zt\u011bles\u0148oval ducha BFC\u201c.<\/span><\/p>\n<p><span>Marock\u00fd pachatel byl obvin\u011bn z \u201eubl\u00ed\u017een\u00ed na zdrav\u00ed s n\u00e1sledkem smrti\u201c a str\u00e1vil dev\u011bt m\u011bs\u00edc\u016f ve vy\u0161et\u0159ovac\u00ed vazb\u011b v za\u0159\u00edzen\u00ed pro mladistv\u00e9 v N\u011bmecku, kdy\u017e \u010dekal na soudn\u00ed proces, kter\u00fd se kv\u016fli jeho v\u011bku konal za zav\u0159en\u00fdmi dve\u0159mi.<\/span><\/p>\n<p><span>Ve \u010dtvrtek ud\u011blil frankfurtsk\u00fd soud podm\u00edn\u011bn\u00fd dvoulet\u00fd trest v\u011bzen\u00ed, co\u017e znamen\u00e1, \u017ee bude okam\u017eit\u011b propu\u0161t\u011bn z vazby.<\/span><\/p>\n<p><span>Ob\u017ealoba po\u017eadovala okam\u017eit\u00fd trest odn\u011bt\u00ed svobody v d\u00e9lce dvou let a t\u0159\u00ed m\u011bs\u00edc\u016f za \u00fatok, kter\u00fd m\u011bl za n\u00e1sledek smrt n\u011bmeck\u00e9ho teenagera.<\/span><\/p>\n<p><span>&#8222;Nyn\u00ed je voln\u00fd a m\u016f\u017ee jet do kter\u00e9koli zem\u011b, kterou chce, ale mus\u00ed ka\u017ed\u00fd m\u011bs\u00edc informovat frankfurtsk\u00fd soud o tom, co d\u011bl\u00e1,&#8220; \u0159ekl agentu\u0159e AFP mluv\u010d\u00ed soudu Daniel Trosch.\u00a0&#8222;P\u0159iznal fakta a \u0159ekl, \u017ee jich lituje,&#8220; dodal.<\/span><\/p>\n<p><span>N\u00e1sil\u00ed b\u011bhem fotbalov\u00fdch z\u00e1pas\u016f v N\u011bmecku se v posledn\u00edch letech stalo b\u011b\u017en\u00fdm jevem.<\/span><\/p>\n<p><span>V \u0159\u00edjnu lo\u0148sk\u00e9ho roku jeden fotbalov\u00fd klub, kter\u00fd se py\u0161n\u00ed n\u00e1borem hr\u00e1\u010d\u016f s migra\u010dn\u00ed minulost\u00ed, ukon\u010dil \u010dlenstv\u00ed t\u0159em \u010dlen\u016fm t\u00fdmu pot\u00e9, co se\u00a0<\/span><a class=\"ek-link\" href=\"https:\/\/www.rmx.news\/germany\/germany-football-match-descends-into-chaos-after-kurdish-team-attacks-opposition-players-and-referee\/\"><span>hr\u00e1\u010di a fanou\u0161ci klubu se bou\u0159ili b\u011bhem ligov\u00e9ho utk\u00e1n\u00ed a fyzicky napadli rozhod\u010d\u00ed<\/span><\/a><span>\u00a0a soupe\u0159e.<\/span><\/p>\n<p><span>A v srpnu\u00a0<\/span><a class=\"ek-link\" href=\"https:\/\/www.rmx.news\/crime\/football-coach-hospitalized-after-player-dropped-from-team-rounds-up-migrant-mob-in-revenge-attack\/\"><span>byl fotbalov\u00fd tren\u00e9r hospitalizov\u00e1n pot\u00e9, co ho napadl 18let\u00fd fotbalista, kter\u00e9ho vykopl z t\u00fdmu,<\/span><\/a><span> a kter\u00fd n\u00e1sledn\u011b shrom\u00e1\u017edil 40\u010dlenn\u00fd dav migrant\u016f, aby ho zml\u00e1til p\u0159ed berl\u00ednskou kav\u00e1rnou.<\/span><\/p>\n<p><img decoding=\"async\" loading=\"lazy\" class=\"alignnone size-full wp-image-1185\" src=\"http:\/\/www.infokuryr.cz\/n\/wp-content\/uploads\/2021\/04\/kuryr-podpis.png\" alt=\"\" width=\"84\" height=\"24\" \/><\/p>\n<p>&nbsp;<\/p>\n","protected":false},"excerpt":{"rendered":"<p>Migrantovi byl ulo\u017een podm\u00edn\u011bn\u00fd trest odn\u011bt\u00ed svobody, co\u017e znamen\u00e1, \u017ee ve \u010dtvrtek ode\u0161el od soudu,&#8230;<\/p>\n","protected":false},"author":2,"featured_media":48925,"comment_status":"closed","ping_status":"closed","sticky":false,"template":"","format":"standard","meta":[],"categories":[7],"tags":[5358,84,324],"_links":{"self":[{"href":"https:\/\/www.infokuryr.cz\/n\/wp-json\/wp\/v2\/posts\/48924"}],"collection":[{"href":"https:\/\/www.infokuryr.cz\/n\/wp-json\/wp\/v2\/posts"}],"about":[{"href":"https:\/\/www.infokuryr.cz\/n\/wp-json\/wp\/v2\/types\/post"}],"author":[{"embeddable":true,"href":"https:\/\/www.infokuryr.cz\/n\/wp-json\/wp\/v2\/users\/2"}],"replies":[{"embeddable":true,"href":"https:\/\/www.infokuryr.cz\/n\/wp-json\/wp\/v2\/comments?post=48924"}],"version-history":[{"count":0,"href":"https:\/\/www.infokuryr.cz\/n\/wp-json\/wp\/v2\/posts\/48924\/revisions"}],"wp:featuredmedia":[{"embeddable":true,"href":"https:\/\/www.infokuryr.cz\/n\/wp-json\/wp\/v2\/media\/48925"}],"wp:attachment":[{"href":"https:\/\/www.infokuryr.cz\/n\/wp-json\/wp\/v2\/media?parent=48924"}],"wp:term":[{"taxonomy":"category","embeddable":true,"href":"https:\/\/www.infokuryr.cz\/n\/wp-json\/wp\/v2\/categories?post=48924"},{"taxonomy":"post_tag","embeddable":true,"href":"https:\/\/www.infokuryr.cz\/n\/wp-json\/wp\/v2\/tags?post=48924"}],"curies":[{"name":"wp","href":"https:\/\/api.w.org\/{rel}","templated":true}]}}