{"id":48905,"date":"2024-03-09T00:34:05","date_gmt":"2024-03-08T23:34:05","guid":{"rendered":"https:\/\/www.infokuryr.cz\/n\/?p=48905"},"modified":"2024-03-08T16:54:27","modified_gmt":"2024-03-08T15:54:27","slug":"kit-klarenberg-spojene-kralovstvi-skryte-nervove-centrum-sionismu","status":"publish","type":"post","link":"https:\/\/www.infokuryr.cz\/n\/2024\/03\/09\/kit-klarenberg-spojene-kralovstvi-skryte-nervove-centrum-sionismu\/","title":{"rendered":"Kit Klarenberg: Spojen\u00e9 kr\u00e1lovstv\u00ed: skryt\u00e9 nervov\u00e9 centrum sionismu"},"content":{"rendered":"<div id=\"fb-root\"><\/div>\n<p>Stolet\u00fd z\u00e1vazek Brit\u00e1nie k sionismu a spolupr\u00e1ci s Izraelem dnes hraje \u010dasto p\u0159ehl\u00ed\u017eenou roli p\u0159i udr\u017eov\u00e1n\u00ed \u00fatlaku a genocidy Palestinc\u016f.<\/p>\n<p><span dir=\"ltr\" lang=\"EN\" style=\"font-size: 18pt;\"><strong>Role Brit\u00e1nie p\u0159i udr\u017eov\u00e1n\u00ed sionistick\u00e9 entity<\/strong><\/span><\/p>\n<p><a href=\"https:\/\/www.declassifieduk.org\/u-k-is-training-israeli-military-in-britain\/\"><span>\u00fanora<\/span><\/a><span>\u00a0informoval britsk\u00fd ministr obrany James Heappey parlament, \u017ee izrael\u0161t\u00ed vojen\u0161t\u00ed agenti jsou \u201emoment\u00e1ln\u011b\u2026 um\u00edst\u011bni ve Spojen\u00e9m kr\u00e1lovstv\u00ed\u201c, a to jak v r\u00e1mci diplomatick\u00e9 mise v Tel Avivu, \u201ea jako \u00fa\u010dastn\u00edci britsk\u00fdch obrann\u00fdch v\u00fdcvikov\u00fdch kurz\u016f\u201c.\u00a0Toto dosud neuznan\u00e9 uspo\u0159\u00e1d\u00e1n\u00ed dostate\u010dn\u011b demonstruje, jak navzdory\u00a0\u00a0<\/span><a href=\"https:\/\/www.youtube.com\/watch?v=5y-R7u7ite0\"><span>ned\u00e1vn\u00fdm v\u00fdzv\u00e1m<\/span><\/a><span>\u00a0\u00a0\u00fa\u0159edn\u00edk\u016f z Lond\u00fdna, aby vl\u00e1da Benjamina Netanjahua zachovala zdr\u017eenlivost ve sv\u00e9 genocid\u011b v Gaze \u2013 ne-li zav\u00e9st p\u0159\u00edm\u011b\u0159\u00ed \u2013 z\u016fst\u00e1v\u00e1 Spojen\u00e9 kr\u00e1lovstv\u00ed skryt\u00fdm nervov\u00fdm centrem mezin\u00e1rodn\u00edho sionismu.<\/span><\/p>\n<p><span>Jen o n\u011bkolik dn\u00ed d\u0159\u00edve Heappey\u00a0\u00a0<\/span><a href=\"https:\/\/questions-statements.parliament.uk\/written-questions\/detail\/2024-02-01\/12729\"><span>rovn\u011b\u017e p\u0159ipustil<\/span><\/a><span>\u00a0\u00a0, \u017ee dev\u011bt izraelsk\u00fdch vojensk\u00fdch letadel p\u0159ist\u00e1lo v Brit\u00e1nii od operace Al Aks\u00e1 Povode\u0148 7. \u0159\u00edjna lo\u0148sk\u00e9ho roku.\u00a0Vy\u0161et\u0159ov\u00e1n\u00ed nez\u00e1visl\u00e9ho investigativn\u00edho webu Declassified UK ukazuje, \u017ee letadla Royal Air Force\u00a0\u00a0<\/span><a href=\"https:\/\/www.declassifieduk.org\/u-k-is-training-israeli-military-in-britain\/\"><span>let\u011bla<\/span><\/a><span>\u00a0\u00a0do Izraele az Izraele ve stejn\u00e9m obdob\u00ed spolu s 65 misemi \u0161pion\u00e1\u017en\u00edch letadel vypu\u0161t\u011bn\u00fdch z rozs\u00e1hl\u00e9, m\u00e1lo zn\u00e1m\u00e9 vojensk\u00e9 a zpravodajsk\u00e9\u00a0\u00a0<\/span><a href=\"https:\/\/commonwealthchamber.com\/associated-territories\/sovereign-base-areas-of-akrotiri-and-dhekelia-on-cyprus\/\"><span>z\u00e1kladny Spojen\u00e9ho kr\u00e1lovstv\u00ed na Kypru<\/span><\/a><span>\u00a0.<\/span><\/p>\n<p><span>\u00da\u010del t\u011bchto let\u016f a kdo a\/nebo co p\u0159epravovaly jsou st\u00e1tn\u00edm tajemstv\u00edm.\u00a0\u017d\u00e1dosti o svobodn\u00fd p\u0159\u00edstup k informac\u00edm byly zam\u00edtnuty, britsk\u00e9 ministerstvo obrany se odm\u00edtlo vyj\u00e1d\u0159it a m\u00edstn\u00ed m\u00e9dia vesm\u011bs ml\u010d\u00ed.\u00a0<\/span><\/p>\n<p><span>Nicm\u00e9n\u011b v\u00a0\u00a0<\/span><a href=\"https:\/\/twitter.com\/declassifieduk\/status\/1681202286612082695?s=12&amp;t=36dTnOCYhvcJ2igaIuakuA\"><span>\u010dervenci 2023<\/span><\/a><span>\u00a0brit\u0161t\u00ed minist\u0159i p\u0159ipustili, \u017ee britsk\u00fd v\u00fdcvik izraelsk\u00e9ho vojensk\u00e9ho person\u00e1lu zahrnuje l\u00e9ka\u0159skou pomoc na boji\u0161ti, \u201eorganiza\u010dn\u00ed design a koncepty\u201c a \u201eobrannou v\u00fdchovu\u201c.\u00a0Nen\u00ed zn\u00e1mo, zda toto \u201evzd\u011bl\u00e1v\u00e1n\u00ed\u201c n\u011bjak\u00fdm zp\u016fsobem informovalo\u00a0\u00a0<\/span><a href=\"https:\/\/reliefweb.int\/report\/occupied-palestinian-territory\/nearly-30000-palestinians-killed-during-82-day-israeli-genocide-gaza-enar\"><span>o vyvra\u017ed\u011bn\u00ed<\/span><\/a><span>\u00a0\u00a0v\u00edce ne\u017e 30 000 Palestinc\u016f od 7. \u0159\u00edjna.<\/span><\/p>\n<p><span style=\"font-size: 18pt;\"><strong>Britsk\u00e1 vojensk\u00e1 p\u0159\u00edtomnost v okupovan\u00e9 Palestin\u011b\u00a0<\/strong><\/span><\/p>\n<p><span>P\u0159esto jsou n\u00e1znaky, \u017ee Lond\u00fdn ji\u017e dlouho poskytoval vysoce vlivnou v\u016fd\u010d\u00ed ruku Tel Avivu p\u0159i jeho \u00fatlaku a masov\u00e9m vra\u017ed\u011bn\u00ed Palestinc\u016f, jednozna\u010dn\u00e9, i kdy\u017e jsou na o\u010d\u00edch skryt\u00e9.\u00a0Nap\u0159\u00edklad v\u00a0\u00a0<\/span><a href=\"https:\/\/ukdefencejournal.org.uk\/israeli-fighter-jets-to-take-part-in-exercise-over-british-skies\/\"><span>z\u00e1\u0159\u00ed 2019<\/span><\/a><span>\u00a0se izraelsk\u00e9 letectvo z\u00fa\u010dastnilo spole\u010dn\u00e9ho bojov\u00e9ho cvi\u010den\u00ed se sv\u00fdmi britsk\u00fdmi, n\u011bmeck\u00fdmi a italsk\u00fdmi prot\u011bj\u0161ky.\u00a0<\/span><\/p>\n<p><span>Izraelci za t\u00edmto \u00fa\u010delem nasadili bojov\u00e1 letadla F-15, kter\u00e1 od 7. \u0159\u00edjna prakticky denn\u011b bombarduj\u00ed Gazu, bez rozd\u00edlu srovn\u00e1vaj\u00ed se zem\u00ed \u0161koly, nemocnice, podniky a domy a zab\u00edjej\u00ed nespo\u010detn\u00e9 mno\u017estv\u00ed nevinn\u00fdch lid\u00ed.<\/span><\/p>\n<p><span>O rok d\u0159\u00edve, v \u0159\u00edjnu 2022, bylo\u00a0 v parlamentu\u00a0<\/span><a href=\"https:\/\/questions-statements.parliament.uk\/written-questions\/detail\/2022-10-18\/66031\/\"><span>v tichosti p\u0159ipu\u0161t\u011bno<\/span><\/a><span>\u00a0\u00a0, \u017ee Lond\u00fdn m\u00e1 n\u011bkolik \u201est\u00e1l\u00fdch vojensk\u00fdch pracovn\u00edk\u016f v Izraeli\u201c, v\u0161e um\u00edst\u011bno na britsk\u00e9 ambas\u00e1d\u011b v Tel Avivu:<\/span><\/p>\n<p><span>\u201eProv\u00e1d\u011bj\u00ed kl\u00ed\u010dov\u00e9 aktivity v oblasti obrany a diplomacie.\u00a0Ministerstvo obrany podporuje Program m\u00edrov\u00e9ho procesu HMG na Bl\u00edzk\u00e9m v\u00fdchod\u011b na okupovan\u00fdch palestinsk\u00fdch \u00fazem\u00edch a v Izraeli.\u00a0C\u00edlem programu je pomoci chr\u00e1nit politickou a fyzickou \u017eivotaschopnost dvoust\u00e1tn\u00edho \u0159e\u0161en\u00ed.\u00a0Z bezpe\u010dnostn\u00edch d\u016fvod\u016f bychom nezve\u0159ejnili um\u00edst\u011bn\u00ed a po\u010dty vojensk\u00e9ho person\u00e1lu.&#8220;<\/span><\/p>\n<p><span style=\"font-size: 18pt;\"><strong>&#8222;Spole\u010dn\u00e1 aktivita&#8220;<\/strong><\/span><\/p>\n<p><span>Netanjahu a dal\u0161\u00ed izrael\u0161t\u00ed p\u0159edstavitel\u00e9 se otev\u0159en\u011b a opakovan\u011b chlubili svou osobn\u00ed rol\u00ed p\u0159i blokov\u00e1n\u00ed palestinsk\u00e9 st\u00e1tnosti.\u00a0Nezb\u00fdv\u00e1 n\u00e1m tedy, abychom se zamysleli nad t\u00edm, o co tito brit\u0161t\u00ed agenti skute\u010dn\u011b maj\u00ed obavy \u2013 rozhodn\u011b to nen\u00ed ochrana \u201epolitick\u00e9 a fyzick\u00e9 \u017eivotaschopnosti dvoust\u00e1tn\u00edho \u0159e\u0161en\u00ed\u201c, proto\u017ee cel\u00fd tento projekt zjevn\u011b nebyl nikdy \u201e\u017eivotaschopn\u00fd\u201c z\u00e1m\u011brn\u011b.\u00a0Mohli by to b\u00fdt ti \u201est\u00e1l\u00ed vojen\u0161t\u00ed pracovn\u00edci\u201c, kte\u0159\u00ed jsou p\u0159\u00edtomni pod z\u00e1\u0161titou vysoce d\u016fv\u011brn\u00e9\u00a0 dohody o vojensk\u00e9 spolupr\u00e1ci\u00a0<\/span><a href=\"https:\/\/www.declassifieduk.org\/the-icc-must-investigate-british-ministers-for-gaza-war-crimes-heres-how\/\"><span>z prosince 2020<\/span><\/a><span>\u00a0\u00a0podepsan\u00e9 Lond\u00fdnem a Tel Avivem.<\/span><\/p>\n<p><span>P\u0159edstavitel\u00e9 britsk\u00e9ho ministerstva obrany popisuj\u00ed dohodu jako \u201ed\u016fle\u017eitou sou\u010d\u00e1st obrann\u00e9 diplomacie\u201c, kter\u00e1 \u201eposiluje\u201c vojensk\u00e9 vazby mezi dvojic\u00ed a z\u00e1rove\u0148 poskytuje \u201emechanismus pro pl\u00e1nov\u00e1n\u00ed na\u0161\u00ed spole\u010dn\u00e9 \u010dinnosti\u201c.\u00a0<\/span><\/p>\n<p><span>Jeho obsah je v\u0161ak utajov\u00e1n nejen p\u0159ed ve\u0159ejnost\u00ed, ale i p\u0159ed zvolen\u00fdmi z\u00e1konod\u00e1rci.\u00a0Spekuluje se pouze o tom, \u017ee dohoda nut\u00ed Brit\u00e1nii br\u00e1nit Izrael v p\u0159\u00edpad\u011b, \u017ee bude napaden.\u00a0Takov\u00e1 podez\u0159en\u00ed jen umoc\u0148uje\u00a0\u00a0<\/span><a href=\"https:\/\/www.kitklarenberg.com\/p\/britains-sas-abetting-gaza-genocide\"><span>viditeln\u00e1 p\u0159\u00edtomnost<\/span><\/a><span>\u00a0\u00a0elitn\u00edch jednotek SAS Spojen\u00e9ho kr\u00e1lovstv\u00ed v Gaze dnes.<\/span><\/p>\n<p><span>Jak\u00a0 odhalilo\u00a0<\/span><span>\u00a0vy\u0161et\u0159ov\u00e1n\u00ed\u00a0\u00a0<i>The Cradle\u00a0<\/i><\/span><a href=\"https:\/\/thecradle.co\/articles\/secrecy-shrouds-british-military-actions-in-lebanon\"><span>z prosince 2023<\/span><\/a><span>\u00a0\u00a0, toto zjevn\u00e9 rozm\u00edst\u011bn\u00ed je chr\u00e1n\u011bno p\u0159ed medi\u00e1ln\u00ed a ve\u0159ejnou kontrolou specializovan\u00fdm D-ozn\u00e1men\u00edm ministerstva obrany, stejn\u011b jako dal\u0161\u00ed zlov\u011bstn\u00e9 ukazatele, \u017ee Brit\u00e1nie utv\u00e1\u0159\u00ed divadlo a p\u0159ipravuje p\u016fdu v \u200b\u200bz\u00e1padn\u00ed Asii. plnohodnotn\u00e1, vlekl\u00e1 v\u00e1lka v cel\u00e9m regionu.\u00a0<\/span><i><\/i><\/p>\n<p><span>To zahrnovalo dosud ne\u00fasp\u011b\u0161n\u00e9 \u00fasil\u00ed\u00a0\u00a0<\/span><a href=\"https:\/\/thecradle.co\/articles-id\/13215\"><span>p\u0159im\u011bt Bejr\u00fat,<\/span><\/a><span>\u00a0\u00a0aby umo\u017enil ozbrojen\u00fdm britsk\u00fdm voj\u00e1k\u016fm \u00faplnou a neomezenou svobodu pohybu v Libanonu, spolu s imunitou proti zat\u010den\u00ed a st\u00edh\u00e1n\u00ed za sp\u00e1ch\u00e1n\u00ed\u00a0\u00a0<\/span><i><span>jak\u00e9hokoli\u00a0<\/span><\/i><span>\u00a0trestn\u00e9ho \u010dinu.<\/span><\/p>\n<p><span style=\"font-size: 18pt;\"><strong>Odchod monarchie od neutrality<\/strong><\/span><\/p>\n<p><span>Na\u00a0\u00a0<\/span><a href=\"https:\/\/twitter.com\/AlanRMacLeod\/status\/1713498386018582881\"><span>nes\u010detn\u00fdch protestech<\/span><\/a><span>\u00a0\u00a0po cel\u00e9m sv\u011bt\u011b v solidarit\u011b s Palestinci od lo\u0148sk\u00e9ho \u0159\u00edjna se demonstranti oh\u00e1n\u011bli transparenty a cedulemi vyz\u00fdvaj\u00edc\u00edmi americk\u00e9ho prezidenta Joea Bidena, aby v Gaze zavedl p\u0159\u00edm\u011b\u0159\u00ed, ne-li na\u0159\u00eddil Netanjahuovi, aby usiloval o m\u00edr.\u00a0Je to vzne\u0161en\u00fd po\u017eadavek, ale potenci\u00e1ln\u011b nespr\u00e1vn\u011b zam\u011b\u0159en\u00fd.\u00a0Skute\u010dn\u00e1 s\u00edla zastavit sou\u010dasnou snahu Tel Avivu naplnit genocidn\u00ed zakl\u00e1daj\u00edc\u00ed misi sionismu nemus\u00ed le\u017eet ve Washingtonu DC, ale v Lond\u00fdn\u011b \u2013 konkr\u00e9tn\u011b v Buckinghamsk\u00e9m pal\u00e1ci.<\/span><\/p>\n<p><span>V\u00fdjime\u010dn\u00fdm a z velk\u00e9 \u010d\u00e1sti nepozorovan\u00fdm v\u00fdvojem od za\u010d\u00e1tku izraelsk\u00e9ho vojensk\u00e9ho \u00fatoku na Gazu bylo nestydat\u00e9 upu\u0161t\u011bn\u00ed od \u201epolitick\u00e9 neutrality\u201c britsk\u00e9 monarchie v\u016f\u010di Izraeli.\u00a0<\/span><\/p>\n<p><span>Kr\u00e1lovna Al\u017eb\u011bta II., alespo\u0148 ve\u0159ejn\u011b, se po celou dobu sv\u00e9 70let\u00e9 vl\u00e1dy zdr\u017eela koment\u00e1\u0159\u016f k aktu\u00e1ln\u00edm ud\u00e1lostem nebo zd\u00e1n\u00ed, \u017ee stoj\u00ed v jak\u00e9koli ot\u00e1zce na \u201estranu\u201c.\u00a0Jej\u00ed ned\u00e1vno korunovan\u00fd syn v\u0161ak zjevn\u011b bez fanf\u00e1r tuto dlouhodobou konvenci rozs\u00e1hle skartoval.<\/span><\/p>\n<p><span style=\"font-size: 18pt;\"><strong>Kr\u00e1l Karel sionista\u00a0<\/strong><\/span><\/p>\n<p><span>B\u011bhem n\u011bkolika hodin po erupci operace Al-Aks\u00e1 Potopa kr\u00e1l Charles\u00a0\u00a0<\/span><a href=\"https:\/\/www.reuters.com\/world\/middle-east\/uks-king-charles-appalled-by-barbaric-acts-israel-spokesperson-says-2023-10-11\/\"><span>otev\u0159en\u011b odsoudil<\/span><\/a><span>\u00a0\u00a0Ham\u00e1s a \u0159ekl, \u017ee je \u201ehluboce zarmoucen\u201c a \u201ezd\u011b\u0161en\u201c \u201ehr\u016fzami zp\u016fsoben\u00fdmi\u201c skupinou odporu a jej\u00edmi \u201ebarbarsk\u00fdmi teroristick\u00fdmi \u010diny\u201c.\u00a0V\u011bt\u0161ina zem\u00ed mezin\u00e1rodn\u011b neuzn\u00e1v\u00e1 Ham\u00e1s jako teroristickou entitu, zat\u00edmco BBC \u2013 kter\u00e1 na\u00a0\u00a0<\/span><span>\u00a0ka\u017ed\u00e9m kroku\u00a0 ne\u00fanavn\u011b\u00a0<\/span><a href=\"https:\/\/english.almayadeen.net\/articles\/analysis\/western-media-manufactures-consent-for-gaza-genocide\"><span>vyr\u00e1b\u00ed souhlas s genocidou v Gaze \u2013\u00a0<\/span><\/a><span><a href=\"https:\/\/www.bbc.com\/news\/world-middle-east-67083432\">pou\u017eit\u00ed tohoto ozna\u010den\u00ed<\/a>\u00a0odm\u00edt\u00e1 .<\/span><\/p>\n<p><span>V letech t\u011bsn\u011b p\u0159ed n\u00e1stupem na tr\u016fn dal Karel sv\u016fj sionismus\u00a0\u00a0<\/span><a href=\"https:\/\/www.timesofisrael.com\/the-royal-familys-800-year-relationship-with-britains-jews-in-7-historical-tidbits\/\"><span>zcela jasn\u011b najevo<\/span><\/a><span>\u00a0, rozch\u00e1zel se s nevyslovenou politikou sv\u00e9 matky nenav\u0161t\u011bvovat Izrael a tajn\u011b se \u00fa\u010dastnit poh\u0159b\u016f b\u00fdval\u00fdch izraelsk\u00fdch v\u016fdc\u016f Jicchaka Rabina a \u0160imona Perese.\u00a0V posledn\u011b jmenovan\u00e9m p\u0159\u00edpad\u011b v roce 2016 tak\u00e9\u00a0\u00a0<\/span><a href=\"https:\/\/www.jpost.com\/opinion\/article-716906\"><span>nav\u0161t\u00edvil hroby<\/span><\/a><span>\u00a0\u00a0sv\u00e9 babi\u010dky princezny Alice a jej\u00ed tety velkov\u00e9vodkyn\u011b Al\u017eb\u011bty na h\u0159bitov\u011b na jeruzal\u00e9msk\u00e9 Olivetsk\u00e9 ho\u0159e pobl\u00ed\u017e nejv\u011bt\u0161\u00edho \u017eidovsk\u00e9ho h\u0159bitova na sv\u011bt\u011b.\u00a0Oba byli k\u0159es\u0165an\u0161t\u00ed sionist\u00e9.<\/span><\/p>\n<p><span>Jerusalem Post\u00a0\u00a0<\/span><a href=\"https:\/\/www.jpost.com\/opinion\/article-716906\"><span>souhlasn\u011b nazval<\/span><\/a><span>\u00a0\u00a0Charlesovy sionistick\u00e9 sympatie a rodinn\u00e9 spojen\u00ed s horou \u201eprobl\u00e9mem pro Palestince\u201c s t\u00edm, \u017ee m\u00e1 jasnou p\u0159edstavu o tom, \u201ekomu m\u011bsto a zem\u011b pat\u0159\u00ed\u201c.\u00a0Mezit\u00edm ho Times of Israel\u00a0\u00a0<\/span><a href=\"https:\/\/www.timesofisrael.com\/king-charles-iii-a-friend-to-uk-jewry-with-special-and-historic-ties-to-israel\/\"><span>v\u00edtaly<\/span><\/a><span>\u00a0\u00a0jako \u201ep\u0159\u00edtele\u201c \u017did\u016f \u201ese zvl\u00e1\u0161tn\u00edmi a historick\u00fdmi vazbami na Izrael\u201c.\u00a0Jednou takovou \u201ekravatou\u201c bylo\u00a0\u00a0<\/span><a href=\"https:\/\/www.timesofisrael.com\/prince-charles-mourns-uks-rabbi-jonathan-sacks-he-spanned-sacred-and-secular\/\"><span>d\u016fv\u011brn\u00e9 p\u0159\u00e1telstv\u00ed<\/span><\/a><span>\u00a0\u00a0s b\u00fdval\u00fdm britsk\u00fdm vrchn\u00edm rab\u00ednem a prezidentem United Jewish Israel Appeal, Jonathanem Sacksem.<\/span><\/p>\n<p><span style=\"font-size: 18pt;\"><strong>Vzd\u011bl\u00e1vac\u00ed indoktrinace\u00a0<\/strong><\/span><\/p>\n<p><a href=\"https:\/\/ujia.org\/wp-content\/uploads\/2020\/08\/5742-UJIA-Annual-Report-2018-2019-SP-ONLINE.pdf\"><span>Sacks<\/span><\/a><span>\u00a0mimo jin\u00e9 proselytizuj\u00edc\u00ed akty\u00a0 dohl\u00ed\u017eel\u00a0<\/span><span>\u00a0a obhajoval \u0159adu operac\u00ed, jejich\u017e c\u00edlem bylo indoktrinovat \u0161kol\u00e1ky v\u0161ech v\u011bkov\u00fdch kategori\u00ed v sionismu, \u010dasto pod fale\u0161nou z\u00e1\u0161titou boje proti \u201eantisemitismu\u201c ve t\u0159\u00edd\u00e1ch a na univerzit\u00e1ch.\u00a0Nen\u00ed tedy mo\u017en\u00e1 n\u00e1hoda, \u017ee ministerstvo \u0161kolstv\u00ed\u00a0\u00a0<\/span><a href=\"https:\/\/www.contractsfinder.service.gov.uk\/Notice\/79abdcb2-29af-481d-ae0e-deab2c90c285\"><span>jemn\u011b odhalilo<\/span><\/a><span>\u00a0\u00a0mnohomilionov\u00e9 \u00fasil\u00ed o \u0161kolen\u00ed \u201ezam\u011bstnanc\u016f a student\u016f\u201c na britsk\u00fdch \u0161kol\u00e1ch, vysok\u00fdch \u0161kol\u00e1ch a univerzit\u00e1ch, aby \u201eidentifikovali a \u0159e\u0161ili p\u0159\u00edpady antisemitismu\u201c.<\/span><\/p>\n<p><span>U\u0161lechtil\u00fd po\u010din, dalo by se nam\u00edtnout.\u00a0Ale je to evidentn\u011b v souladu s Sacksov\u00fdmi projekty pro mazl\u00ed\u010dky.\u00a0Mezi hlavn\u00ed stanoven\u00e9 c\u00edle programu pat\u0159\u00ed \u201eposkytnout pedagogick\u00fdm pracovn\u00edk\u016fm nezbytn\u00e9 n\u00e1stroje k veden\u00ed a usnadn\u011bn\u00ed diskus\u00ed o historick\u00fdch a sou\u010dasn\u00fdch konfliktech [v z\u00e1padn\u00ed Asii] a pot\u00edr\u00e1n\u00ed dezinformac\u00ed \u2026 v\u010detn\u011b situace v Izraeli po teroristick\u00fdch \u00fatoc\u00edch ze 7. \u0159\u00edjna.\u00a0Rovn\u011b\u017e m\u00e1 v \u00famyslu, aby univerzity \u201eprok\u00e1zaly praktick\u00fd z\u00e1vazek k definici antisemitismu Mezin\u00e1rodn\u00ed aliance pro p\u0159ipomenut\u00ed holocaustu (IHRA).<\/span><\/p>\n<p><span style=\"font-size: 18pt;\"><strong>V\u00fdroba a \u00fadr\u017eba sionistick\u00e9 entity\u00a0<\/strong><\/span><\/p>\n<p><span>V\u011bt\u0161ina britsk\u00fdch univerzit p\u0159ijala vysoce kontroverzn\u00ed definici IHRA pod\u00a0\u00a0<\/span><a href=\"https:\/\/www.theguardian.com\/education\/2023\/sep\/13\/antisemitism-definition-used-by-uk-universities-leading-to-unreasonable-accusations\"><span>p\u0159\u00edmou vl\u00e1dn\u00ed hrozbou<\/span><\/a><span>\u00a0\u00a0omezen\u00ed financov\u00e1n\u00ed, pokud ji odm\u00edtnou.\u00a0Platnost a legitimita definice byla \u0161iroce zpochyb\u0148ov\u00e1na, v\u010detn\u011b akademick\u00e9ho Davida Feldmana, jednoho z jej\u00edch autor\u016f.\u00a0V roce 2017 vyj\u00e1d\u0159il\u00a0\u00a0<\/span><a href=\"http:\/\/blogs.bbk.ac.uk\/bbkcomments\/2017\/01\/03\/will-britains-new-definition-of-antisemitism-help-jewish-people-im-sceptical\/\"><span>v\u00e1\u017en\u00e9 obavy<\/span><\/a><span>\u00a0\u00a0, \u017ee \u201etato definice je nep\u0159esn\u00e1\u201c, p\u0159i\u010dem\u017e fale\u0161n\u011b p\u0159irovn\u00e1val judaismus a Izrael k drtiv\u00e9mu zam\u011b\u0159en\u00ed na posledn\u011b jmenovan\u00fd, co\u017e vytv\u00e1\u0159\u00ed \u201enebezpe\u010d\u00ed, \u017ee celkov\u00fd \u00fa\u010dinek bude kl\u00e1st b\u0159emeno na izraelsk\u00e9 kritiky, aby prok\u00e1zali, \u017ee nejsou antisemit\u0161t\u00ed. \u201c<\/span><\/p>\n<p><span>Iniciativa se jednozna\u010dn\u011b zab\u00fdv\u00e1 potla\u010dov\u00e1n\u00edm kritiky Izraele a jeho okupace a z\u00e1rove\u0148 zaji\u0161\u0165uje, aby britsk\u00e1 ml\u00e1de\u017e byla od nej\u00fatlej\u0161\u00edho a nejv\u00edce formativn\u00edho v\u011bku propagov\u00e1na na jej\u00ed podporu.\u00a0<\/span><\/p>\n<p><span>Vl\u00e1da Jeho Veli\u010denstva jasn\u011b v\u011b\u0159\u00ed v budoucnost Tel Avivu a \u010dek\u00e1 ji na dlouhou tra\u0165, pokud jde o pomoc p\u0159i zachov\u00e1n\u00ed Mefistofelsk\u00e9ho projektu.\u00a0V\u011bt\u0161\u00ed d\u016fkaz, \u017ee sou\u010dasn\u00e1 krize v z\u00e1padn\u00ed Asii vznikla v Lond\u00fdn\u011b, jist\u011b neexistuje.\u00a0<\/span><\/p>\n<p><a href=\"https:\/\/thecradle.co\/articles\/the-united-kingdom-zionisms-covert-nerve-center\">ZDROJ<\/a><\/p>\n<p>&nbsp;<\/p>\n","protected":false},"excerpt":{"rendered":"<p>Stolet\u00fd z\u00e1vazek Brit\u00e1nie k sionismu a spolupr\u00e1ci s Izraelem dnes hraje \u010dasto p\u0159ehl\u00ed\u017eenou roli p\u0159i&#8230;<\/p>\n","protected":false},"author":2,"featured_media":48906,"comment_status":"closed","ping_status":"closed","sticky":false,"template":"","format":"standard","meta":[],"categories":[7],"tags":[1042,3291,6431,303],"_links":{"self":[{"href":"https:\/\/www.infokuryr.cz\/n\/wp-json\/wp\/v2\/posts\/48905"}],"collection":[{"href":"https:\/\/www.infokuryr.cz\/n\/wp-json\/wp\/v2\/posts"}],"about":[{"href":"https:\/\/www.infokuryr.cz\/n\/wp-json\/wp\/v2\/types\/post"}],"author":[{"embeddable":true,"href":"https:\/\/www.infokuryr.cz\/n\/wp-json\/wp\/v2\/users\/2"}],"replies":[{"embeddable":true,"href":"https:\/\/www.infokuryr.cz\/n\/wp-json\/wp\/v2\/comments?post=48905"}],"version-history":[{"count":1,"href":"https:\/\/www.infokuryr.cz\/n\/wp-json\/wp\/v2\/posts\/48905\/revisions"}],"predecessor-version":[{"id":48907,"href":"https:\/\/www.infokuryr.cz\/n\/wp-json\/wp\/v2\/posts\/48905\/revisions\/48907"}],"wp:featuredmedia":[{"embeddable":true,"href":"https:\/\/www.infokuryr.cz\/n\/wp-json\/wp\/v2\/media\/48906"}],"wp:attachment":[{"href":"https:\/\/www.infokuryr.cz\/n\/wp-json\/wp\/v2\/media?parent=48905"}],"wp:term":[{"taxonomy":"category","embeddable":true,"href":"https:\/\/www.infokuryr.cz\/n\/wp-json\/wp\/v2\/categories?post=48905"},{"taxonomy":"post_tag","embeddable":true,"href":"https:\/\/www.infokuryr.cz\/n\/wp-json\/wp\/v2\/tags?post=48905"}],"curies":[{"name":"wp","href":"https:\/\/api.w.org\/{rel}","templated":true}]}}