{"id":48904,"date":"2024-03-09T00:35:11","date_gmt":"2024-03-08T23:35:11","guid":{"rendered":"https:\/\/www.infokuryr.cz\/n\/?p=48904"},"modified":"2024-03-08T16:35:40","modified_gmt":"2024-03-08T15:35:40","slug":"stary-svet-jiz-neumira-je-jiz-mrtvy","status":"publish","type":"post","link":"https:\/\/www.infokuryr.cz\/n\/2024\/03\/09\/stary-svet-jiz-neumira-je-jiz-mrtvy\/","title":{"rendered":"Star\u00fd sv\u011bt ji\u017e neum\u00edr\u00e1, je ji\u017e mrtv\u00fd"},"content":{"rendered":"<div id=\"fb-root\"><\/div>\n<div class=\"elementor-element elementor-element-1fb4c2c elementor-widget elementor-widget-theme-post-content\" data-id=\"1fb4c2c\" data-element_type=\"widget\" data-widget_type=\"theme-post-content.default\">\n<div class=\"elementor-widget-container\">\n<p><span>Pot\u00e9, co bude tato genocida vys\u00edl\u00e1na v HD a v Technicoloru, nen\u00ed cesty zp\u011bt, aby ji sv\u011bt vid\u011bl a na\u0161i v\u016fdci ji omlouvali.\u00a0Krve\u017e\u00edzniv\u00fd status quo byl vystaven p\u0159\u00edli\u0161 mnoha lidem a n\u011bkter\u00e9 ko\u010dky se prost\u011b necht\u011bj\u00ed vr\u00e1tit do sv\u00e9 ta\u0161ky.<\/span><\/p>\n<p><span>Te\u010f u\u017e v\u00edm, jak vypad\u00e1 vnit\u0159ek mozkov\u00e9 schr\u00e1nky.<\/span><\/p>\n<p><span>V\u00edm, jak ho\u0159\u00ed t\u011bla a u\u0159ez\u00e1vaj\u00ed kon\u010detiny.<\/span><\/p>\n<p><span>V\u00edm, \u017ee d\u011bti nikdy nevypadaj\u00ed tak zni\u010duj\u00edc\u00edm zp\u016fsobem nevinn\u011b, ne\u017e kdy\u017e je zabila krut\u00e1 arm\u00e1da s nejpokro\u010dilej\u0161\u00edmi zbran\u011bmi na sv\u011bt\u011b.\u00a0V\u00edm to, proto\u017ee jsem jich vid\u011bl tolik \u2013 mnohem v\u00edc ne\u017e sou\u010det v\u0161ech \u017eij\u00edc\u00edch d\u011bt\u00ed, kter\u00e9 pravd\u011bpodobn\u011b kdy pozn\u00e1m.<\/span><\/p>\n<p><span>V\u00edm, kolik bolesti m\u016f\u017ee lidsk\u00e1 bytost vydr\u017eet a st\u00e1le existovat na tomto sv\u011bt\u011b &#8211; zeptejte se kter\u00e9hokoli \u017eiv\u00e9ho Palestince.<\/span><\/p>\n<p><span>Je tolik obr\u00e1zk\u016f, \u017ee nikdy nezapomenu, \u017ee v\u0161echno mimo Gazu mi p\u0159ipad\u00e1 stejn\u011b bezv\u00fdznamn\u00e9 jako barva pono\u017eek, kter\u00e9 nos\u00edm.\u00a0Ale nejsou to jen hr\u016fzy okam\u017eiku \u2013 tyto hr\u016fzy nejsou nov\u00e9.\u00a0Navzdory zvy\u0161uj\u00edc\u00ed se z\u00e1va\u017enosti znaj\u00ed Palestinci tyto hr\u016fzy d\u00e9le, ne\u017e jsem existoval j\u00e1.<\/span><\/p>\n<p><span>To je to, co tato hr\u016fza znamen\u00e1.\u00a0Znamen\u00e1 to, \u017ee jedin\u00fd tyran m\u016f\u017ee zavra\u017edit kohokoli z n\u00e1s podle libosti, spolu s celou na\u0161\u00ed rodinou, \u010dtvrt\u00ed a komunitou, a sv\u011btov\u00ed v\u016fdci nebudou jednat, aby ho zastavili.<\/span><\/p>\n<p><span>Znamen\u00e1 to, \u017ee divo\u0161i v oblec\u00edch n\u00e1s v\u0161echny zabij\u00ed nejmodern\u011bj\u0161\u00edmi drony a mrtvoly na\u0161ich d\u011bt\u00ed m\u016f\u017eeme sd\u00edlet s miliardami lid\u00ed, a m\u00e9dia to omluv\u00ed, stanou ob\u011btn\u00edm ber\u00e1nkem z na\u0161ich p\u0159\u00edbuzn\u00fdch a odvedou pozornost jak\u00fdmkoliv znamen\u00e1 mo\u017en\u00fd.<\/span><\/p>\n<p><span>Znamen\u00e1 to, \u017ee pr\u00e1vn\u00ed apar\u00e1t zaveden\u00fd po holocaustu, aby zabr\u00e1nil dal\u0161\u00edmu holocaustu, postr\u00e1d\u00e1 smysl, proto\u017ee pr\u00e1v\u011b ty n\u00e1rody, kter\u00e9 jej ratifikovaly, budou ignorovat jeho jasn\u00e1 p\u0159ik\u00e1z\u00e1n\u00ed a budou dokonce podkop\u00e1vat a \u00fato\u010dit na ty, kte\u0159\u00ed se o to pokou\u0161ej\u00ed, aby p\u0159ik\u00e1z\u00e1n\u00ed prosadili.<\/span><\/p>\n<p><span>V tuto chv\u00edli izraelsk\u00e9 akce st\u00e1ly cel\u00fd sv\u011bt v\u00edc, ne\u017e kdokoli dok\u00e1\u017ee vy\u010d\u00edslit, a zka\u017een\u00e1 a zvr\u00e1cen\u00e1 z\u00e1padn\u00ed koalice, kter\u00e1 podporovala izraelsk\u00fd re\u017eim, zajistila, \u017ee tyto n\u00e1klady jsou vysok\u00e9 a mus\u00edme je n\u00e9st my v\u0161ichni.<\/span><\/p>\n<p><span>Bu\u010f budeme nad\u00e1le un\u00e1\u0161et chaos a v\u00e1lky, kter\u00e9 se dotknou n\u00e1s v\u0161ech, nebo dos\u00e1hneme hmatateln\u00e9 zm\u011bny, kter\u00e1 odsoud\u00ed a z\u00e1sadn\u011b zm\u011bn\u00ed mechanismy moci \u2013 ty, kter\u00e9 v sou\u010dasnosti vyu\u017e\u00edvaj\u00ed krev des\u00edtek tis\u00edc d\u011bt\u00ed jako nedostate\u010dnou m\u011bnu k n\u00e1kupu. m\u00edrov\u00fd respekt.<\/span><\/p>\n<p><span>Toto je, jak v\u011b\u0159\u00edm, velk\u00e1 bitva na\u0161\u00ed doby a jen tak nezmiz\u00ed.\u00a0Star\u00fd sv\u011bt je mrtv\u00fd, to je jist\u00e9, a monstra p\u0159evzala kontrolu.\u00a0Ot\u00e1zka zn\u00ed: co s t\u00edm m\u016f\u017eeme d\u011blat?<\/span><\/p>\n<\/div>\n<\/div>\n<div class=\"elementor-element elementor-element-8c57238 quelle dc-has-condition dc-condition-empty elementor-widget elementor-widget-heading\" data-id=\"8c57238\" data-element_type=\"widget\" data-widget_type=\"heading.default\">\n<div class=\"elementor-widget-container\">\n<h3 class=\"elementor-heading-title elementor-size-default\"><span style=\"font-size: 10pt;\"><a href=\"https:\/\/t.me\/TXDPR\/12686\" target=\"_blank\" rel=\"nofollow noopener\">ZDROJ<\/a><\/span><\/h3>\n<p>&nbsp;<\/p>\n<\/div>\n<\/div>\n","protected":false},"excerpt":{"rendered":"<p>Pot\u00e9, co bude tato genocida vys\u00edl\u00e1na v HD a v Technicoloru, nen\u00ed cesty zp\u011bt, aby&#8230;<\/p>\n","protected":false},"author":2,"featured_media":32548,"comment_status":"closed","ping_status":"closed","sticky":false,"template":"","format":"standard","meta":[],"categories":[7],"tags":[279,29,276,3509],"_links":{"self":[{"href":"https:\/\/www.infokuryr.cz\/n\/wp-json\/wp\/v2\/posts\/48904"}],"collection":[{"href":"https:\/\/www.infokuryr.cz\/n\/wp-json\/wp\/v2\/posts"}],"about":[{"href":"https:\/\/www.infokuryr.cz\/n\/wp-json\/wp\/v2\/types\/post"}],"author":[{"embeddable":true,"href":"https:\/\/www.infokuryr.cz\/n\/wp-json\/wp\/v2\/users\/2"}],"replies":[{"embeddable":true,"href":"https:\/\/www.infokuryr.cz\/n\/wp-json\/wp\/v2\/comments?post=48904"}],"version-history":[{"count":0,"href":"https:\/\/www.infokuryr.cz\/n\/wp-json\/wp\/v2\/posts\/48904\/revisions"}],"wp:featuredmedia":[{"embeddable":true,"href":"https:\/\/www.infokuryr.cz\/n\/wp-json\/wp\/v2\/media\/32548"}],"wp:attachment":[{"href":"https:\/\/www.infokuryr.cz\/n\/wp-json\/wp\/v2\/media?parent=48904"}],"wp:term":[{"taxonomy":"category","embeddable":true,"href":"https:\/\/www.infokuryr.cz\/n\/wp-json\/wp\/v2\/categories?post=48904"},{"taxonomy":"post_tag","embeddable":true,"href":"https:\/\/www.infokuryr.cz\/n\/wp-json\/wp\/v2\/tags?post=48904"}],"curies":[{"name":"wp","href":"https:\/\/api.w.org\/{rel}","templated":true}]}}