{"id":4890,"date":"2021-09-21T07:50:26","date_gmt":"2021-09-21T05:50:26","guid":{"rendered":"http:\/\/www.infokuryr.cz\/n\/?p=4890"},"modified":"2021-09-21T07:50:26","modified_gmt":"2021-09-21T05:50:26","slug":"to-je-smesne-cesky-dobrovolnik-se-vyjadril-k-20letemu-trestu","status":"publish","type":"post","link":"https:\/\/www.infokuryr.cz\/n\/2021\/09\/21\/to-je-smesne-cesky-dobrovolnik-se-vyjadril-k-20letemu-trestu\/","title":{"rendered":"\u201cTo je sm\u011b\u0161n\u00e9!\u201d \u2013 \u010desk\u00fd dobrovoln\u00edk se vyj\u00e1d\u0159il k 20let\u00e9mu trestu"},"content":{"rendered":"<div id=\"fb-root\"><\/div>\n<p><strong>Skand\u00e1ln\u00ed tresty \u010desk\u00fdch ob\u010dan\u016f \u2013 dobrovoln\u00edk\u016f v boji proti ukrajinsk\u00e9mu nacizmu \u2013 jsou p\u0159edm\u011btem kr\u00e1tk\u00e9ho rozhovoru s jedn\u00edm z \u010desk\u00fdch bojovn\u00edk\u016f na Donbasu \u2013 J\u00ed\u0159\u00edm Urb\u00e1nkem<\/strong><\/p>\n<figure class=\"oneimage\"><figcaption><em>\u010cesk\u00fd dobrovoln\u00edk Jurij (Ji\u0159\u00ed) Urb\u00e1nek, odsouzen\u00fd k\u00a020 let\u016fm v\u011bzen\u00ed za \u00fa\u010dast ve v\u00e1lce na Donbasu, \u0159ekl\u00a0<a href=\"https:\/\/eadaily.com\/\"><strong>EADaily<\/strong><\/a>, \u017ee tento trest nebere v\u00e1\u017en\u011b, proto\u017ee jej pova\u017euje za politickou objedn\u00e1vku.<\/em><\/figcaption><\/figure>\n<blockquote>\n<p style=\"text-align: left;\"><em>\u201cTenhle rozsudek m\u011b nezaj\u00edm\u00e1.\u201d Je to jen politick\u00e1 objedn\u00e1vka.\u00a0P\u0159irozen\u011b se nepova\u017euji za teroristu, \u201c \u0159ekl Urb\u00e1nek.<\/em><\/p>\n<\/blockquote>\n<p>\u0158ekl, \u017ee jedin\u00e9 z \u010deho je obvin\u011bn je \u00fa\u010dast na bojov\u00fdch akc\u00edch proti ukrajinsk\u00e9 arm\u00e1d\u011b.<\/p>\n<p><em>\u201cTo je sm\u011b\u0161n\u00e9. Po p\u0159evratu sed\u00ed v Kyjev\u011b neleg\u00e1ln\u00ed vl\u00e1da a mn\u011b vy\u010d\u00edtaj\u00ed, \u017ee bojuji proti t\u00e9to neleg\u00e1ln\u00ed vl\u00e1d\u011b, \u201c\u0159ekl.<\/em><\/p>\n<p>Podle Urb\u00e1nka o\u00a0trestn\u00edm st\u00edh\u00e1n\u00ed v\u011bd\u011bl u\u017e del\u0161\u00ed dobu. Bylo zah\u00e1jeno v\u00a0roce 2016 a\u00a0po\u00a0celou dobu se pokou\u0161eli z\u00a0ni\u010deho ud\u011blat obvin\u011bn\u00ed z\u00a0terorismu, ani\u017e by podali jak\u00fdkoli p\u0159esv\u011bd\u010div\u00fd d\u016fkaz, kter\u00fd by n\u011bjak ospravedl\u0148oval rozsudek.<\/p>\n<p>\u201cKdy\u017e jsem \u0161el na Donbas, uv\u011bdomil jsem si, \u017ee jsem si vzal jednosm\u011brnou j\u00edzdenku.\u201d Abych \u0159ekl pravdu, nikdy jsem si nemyslel, \u017ee po\u00a0letech 2015 a\u00a02016 p\u0159e\u017eiju. Nep\u0159em\u00fd\u0161lel jsem proto o\u00a0procesu proti mn\u011b, \u201c\u0159ekl Urb\u00e1nek.<\/p>\n<p>Urb\u00e1nek ji\u017e d\u0159\u00edve v\u00a0<a href=\"https:\/\/eadaily.com\/ru\/news\/2021\/08\/02\/makkartizm-po-cheshski-pochemu-v-strane-obyavili-ohotu-na-dobrovolcev-donbassa\">rozhovoru pro\u00a0<\/a><a href=\"https:\/\/eadaily.com\/\"><strong>EADaily<\/strong><\/a> kritizoval postaven\u00ed \u010desk\u00fdch \u00fa\u0159ad\u016f ve vztahu k\u00a0dobrovoln\u00edk\u016fm Donbasu a\u00a0uvedl, \u017ee v\u00a0zemi byl zah\u00e1jen skute\u010dn\u00fd hon na \u010darod\u011bjnice.<\/p>\n<p><em>\u201cLid\u00e9 v\u00a0\u010cesk\u00e9 republice ji\u017e byli souzeni s\u00a0promy\u0161len\u00fdmi z\u00e1minkami, jako v\u00a0dob\u00e1ch mccarthismu a\u00a0honu na \u010darod\u011bjnice ve Spojen\u00fdch st\u00e1tech, kdy \u010dlov\u011bk mohl b\u00fdt\u00a0 popraven elektrick\u00fdm proudem za vykonstruovan\u00fd p\u0159\u00edpad,\u201d porovnal Urbanek.<\/em><\/p>\n<p>Pobou\u0159ilo ho, \u017ee dobrovoln\u00edci Donbasu byli souzeni podle teroristick\u00e9ho \u010dl\u00e1nku, zat\u00edmco na Donbasu ve skute\u010dnosti bojovali s terorismem.<\/p>\n<p><em>\u201cV podstat\u011b se jedn\u00e1 o teroristickou v\u00e1lku Ukrajiny proti jej\u00edm vlastn\u00edm ob\u010dan\u016fm \u2013 jsou to ukrajinsk\u00e9 helikopt\u00e9ry, kter\u00e9 st\u0159\u00edl\u00ed na Don\u011bck,\u00a0 jsou to ukrajin\u0161t\u00ed voj\u00e1ci, kte\u0159\u00ed zab\u00edjeli d\u011bti v srpnu 2014, kdy\u017e se o pr\u00e1zdnin\u00e1ch koupaly.\u201d Ukrajina zab\u00edj\u00ed lidi a v Evrop\u011b jsou souzeni ti, kte\u0159\u00ed nezabili ani jednoho civilistu, \u201c \u0159ekl rozho\u0159\u010den\u011b.<\/em><\/p>\n<p>Urb\u00e1nek tak\u00e9 upozornil, \u017ee \u010desk\u00e9 nacionalisty, kte\u0159\u00ed bojovali v\u00a0Donbasu na stran\u011b ukrajinsk\u00fdch n\u00e1rodn\u00edch prapor\u016f, Praha nijak nepron\u00e1sledovala.<\/p>\n<p>Jak\u00a0<a href=\"https:\/\/eadaily.com\/\"><strong>EADaily<\/strong><\/a>\u00a0informoval\u00a0, 7.\u00a0z\u00e1\u0159\u00ed \u010desk\u00fd soud uznal Urb\u00e1nka vinn\u00fdm podle teroristick\u00e9ho \u010dl\u00e1nku za \u00fa\u010dast ve v\u00e1lce v\u00a0Donbasu na stran\u011b lidov\u00fdch republik. V\u00a0\u010dervenci zp\u0159\u00edsnil \u010desk\u00fd odvolac\u00ed soud trest\u00a0<strong>Alekseji Fad\u011bjevovi<\/strong>,\u00a0b\u011blorusk\u00e9mu ob\u010danovi \u017eij\u00edc\u00edmu v\u00a0Praze, kter\u00fd byl loni odsouzen na 4,5 roku za \u00fa\u010dast ve v\u00e1lce v\u00a0Donbasu na stran\u011b domobrany.<\/p>\n<p>Pot\u00e9 soud usoudil, \u017ee se p\u0159\u00edmo ne\u00fa\u010dastn\u00ed nep\u0159\u00e1telsk\u00fdch akc\u00ed, ale st\u00e1tn\u00ed z\u00e1stupce podal odvol\u00e1n\u00ed, kter\u00e9mu soud vyhov\u011bl, na\u010de\u017e byl Fad\u011bjev odsouzen k\u00a021 let\u016fm v\u011bzen\u00ed, \u010d\u00edm\u017e byl jeho \u201czlo\u010din\u201d p\u0159ekvalifikov\u00e1n na terorismu.<\/p>\n<p>D\u0159\u00edve v\u00a0\u010cesk\u00e9 republice byl dobrovoln\u00edk\u00a0<strong>Martin Kantor<\/strong>\u00a0odsouzen k\u00a020 let\u016fm v\u011bzen\u00ed\u00a0.\u00a0V lo\u0148sk\u00e9m roce byl na hranici s\u00a0Ruskem na \u017e\u00e1dost Interpolu zadr\u017een ob\u010dan \u010cesk\u00e9 republiky a\u00a0DPR\u00a0<strong>Old\u0159ich Grund<\/strong>, kter\u00e9mu se d\u00edky humbuku v\u00a0m\u00e9di\u00edch poda\u0159ilo deportaci a\u00a0hroz\u00edc\u00edmu trestu vyhnout. To jsou jen ta jm\u00e9na, kter\u00e1 si na\u0161la publicitu v\u00a0m\u00e9di\u00edch, zat\u00edmco dobrovoln\u00edk\u016f z\u00a0\u010cesk\u00e9 republiky, kte\u0159\u00ed byli perzekuov\u00e1ni kv\u016fli podpo\u0159e Donbasu, m\u016f\u017ee b\u00fdt mnohem v\u00edce.<\/p>\n<p><em>Zdroj:<strong>\u00a0<a href=\"https:\/\/eadaily.com\/ru\/news\/2021\/09\/17\/eto-smeshno-cheshskiy-dobrovolec-prokommentiroval-prigovor-v-20-let\">EADaily<\/a><\/strong><\/em><\/p>\n<p>&nbsp;<\/p>\n","protected":false},"excerpt":{"rendered":"<p>Skand\u00e1ln\u00ed tresty \u010desk\u00fdch ob\u010dan\u016f \u2013 dobrovoln\u00edk\u016f v boji proti ukrajinsk\u00e9mu nacizmu \u2013 jsou p\u0159edm\u011btem kr\u00e1tk\u00e9ho&#8230;<\/p>\n","protected":false},"author":2,"featured_media":4891,"comment_status":"closed","ping_status":"closed","sticky":false,"template":"","format":"standard","meta":[],"categories":[7],"tags":[1231,324,26],"_links":{"self":[{"href":"https:\/\/www.infokuryr.cz\/n\/wp-json\/wp\/v2\/posts\/4890"}],"collection":[{"href":"https:\/\/www.infokuryr.cz\/n\/wp-json\/wp\/v2\/posts"}],"about":[{"href":"https:\/\/www.infokuryr.cz\/n\/wp-json\/wp\/v2\/types\/post"}],"author":[{"embeddable":true,"href":"https:\/\/www.infokuryr.cz\/n\/wp-json\/wp\/v2\/users\/2"}],"replies":[{"embeddable":true,"href":"https:\/\/www.infokuryr.cz\/n\/wp-json\/wp\/v2\/comments?post=4890"}],"version-history":[{"count":0,"href":"https:\/\/www.infokuryr.cz\/n\/wp-json\/wp\/v2\/posts\/4890\/revisions"}],"wp:featuredmedia":[{"embeddable":true,"href":"https:\/\/www.infokuryr.cz\/n\/wp-json\/wp\/v2\/media\/4891"}],"wp:attachment":[{"href":"https:\/\/www.infokuryr.cz\/n\/wp-json\/wp\/v2\/media?parent=4890"}],"wp:term":[{"taxonomy":"category","embeddable":true,"href":"https:\/\/www.infokuryr.cz\/n\/wp-json\/wp\/v2\/categories?post=4890"},{"taxonomy":"post_tag","embeddable":true,"href":"https:\/\/www.infokuryr.cz\/n\/wp-json\/wp\/v2\/tags?post=4890"}],"curies":[{"name":"wp","href":"https:\/\/api.w.org\/{rel}","templated":true}]}}