{"id":48795,"date":"2024-03-07T06:14:54","date_gmt":"2024-03-07T05:14:54","guid":{"rendered":"https:\/\/www.infokuryr.cz\/n\/?p=48795"},"modified":"2024-03-07T06:14:54","modified_gmt":"2024-03-07T05:14:54","slug":"jindrich-kulhavy-zajimava-exkurze-do-potrebneho-arealu","status":"publish","type":"post","link":"https:\/\/www.infokuryr.cz\/n\/2024\/03\/07\/jindrich-kulhavy-zajimava-exkurze-do-potrebneho-arealu\/","title":{"rendered":"Jind\u0159ich Kulhav\u00fd: Zaj\u00edmav\u00e1 exkurze do pot\u0159ebn\u00e9ho are\u00e1lu"},"content":{"rendered":"<div id=\"fb-root\"><\/div>\n<p><span class=\"anotation\">\u010cesk\u00e1 diplomacie a vl\u00e1da se op\u011bt \u00fapln\u011b odkopala. Jejich arogance a tupost postoupila o dal\u0161\u00ed level v\u00fd\u0161e, p\u0159esto\u017ee si poka\u017ed\u00e9 mysl\u00edme, \u017ee u\u017e to v\u00edce nelze. Proukrajinsk\u00e9 a protirusk\u00e9 poblouzn\u011bn\u00ed dosahuje \u00farovn\u011b velmi bl\u00edzk\u00e9 schizofrenii a lze si p\u0159edstavit, \u017ee by po vy\u0161et\u0159en\u00ed velk\u00e1 \u010das libedr\u00e1l\u016f skon\u010dila v\u00a0Bohnic\u00edch. P\u0159ed branami proslul\u00e9ho bohnick\u00e9ho are\u00e1lu se v\u00a0posledn\u00edch letech tvo\u0159\u00ed dlouh\u00e1 fronta. K\u00a0\u0160afrovi a Dole\u017ealovi z\u00a0Forum 24 se p\u0159idali report\u00e9\u0159i z\u00a0\u010cT a dal\u0161\u00edch m\u00e9di\u00ed, jejich\u017e report\u00e1\u017ee u\u017e p\u0159ekra\u010duj\u00ed meze ch\u00e1p\u00e1n\u00ed norm\u00e1ln\u00edho ob\u010dana, v\u00a0politick\u00e9 sekci \u00fastavu se m\u016f\u017ee hl\u00e1sit kompletn\u00ed vl\u00e1da a v\u00a0podstat\u011b i v\u011bt\u0161ina p\u0159ed\u00e1k\u016f p\u011btikoali\u010dn\u00edch stran v\u010detn\u011b inteligentn\u00ed krasavice Danu\u0161e Nerudov\u00e9. A na zahrad\u011b u\u017e instalovali jednu Danu pro gener\u00e1la sh\u00e1n\u011bj\u00edc\u00edho d\u011blost\u0159eleckou munici.<\/span><\/p>\n<div id=\"pagetext\">\n<p>\u00a0 \u00davod \u010dl\u00e1nku by mohl vypadat jako politick\u00e1 satira, bohu\u017eel na n\u011bm nen\u00ed nic k\u00a0sm\u00edchu. Ve skute\u010dnosti by musela b\u00fdt zn\u00e1m\u00e1 psychiatrie velk\u00e1 jako Praha a bylo by v\u00a0n\u00ed na\u0161lap\u00e1no. A prvn\u00ed odd\u011blen\u00ed by mohlo b\u00fdt obsazeno t\u011bmi, kte\u0159\u00ed splnili \u00a0o\u010dkovac\u00ed k\u00e1ze\u0148, poslu\u0161n\u011b se skr\u00fdvali za rou\u0161kami. Tato \u010d\u00e1st by byla bez dozoru, dost\u00e1vali by vych\u00e1zky a pouze by se hl\u00e1sili k\u00a0s\u010d\u00edt\u00e1n\u00ed, aby byl zaji\u0161t\u011bn p\u0159ehled o zv\u00fd\u0161en\u00e9 \u00famrtnosti. Dal\u0161\u00ed odd\u00edl by pat\u0159il voli\u010d\u016fm P\u011btikoalice, tedy sebepo\u0161kozova\u010d\u016fm. Pod\u00edv\u00e1te li se p\u0159edvolebn\u00ed v\u00fdzkumy, \u0161lo by o solidn\u011b zapln\u011bn\u00e9 prostory, proto\u017ee Pir\u00e1ty a ODS by st\u00e1le ka\u017ed\u00e9 z\u00a0nich volilo kolem 10% dot\u00e1zan\u00fdch, tedy jejich p\u011btina. N\u011bco zbylo i na Top09 a STAN, p\u00e1nb\u00ed\u010dk\u00e1\u0159i u\u017e jsou na tom h\u016f\u0159e a lidovci jsou pod hranic\u00ed volitelnosti, tak\u017ee zastoupen\u00ed jejich naivn\u00edch voli\u010d\u016f v\u00a0slo\u017een\u00ed osazenstva bl\u00e1zince je m\u00e9n\u011b viditeln\u00e9. O to v\u011bt\u0161\u00ed kontrast by byli p\u0159\u00edznivci Petra Pavla pat\u0159\u00edc\u00ed do stejn\u00e9 skupiny. Tentokr\u00e1t se p\u0159edvolebn\u00ed heslo ,,Cokoliv lep\u0161\u00ed ne\u017e Zeman a Babi\u0161\u201c \u00a0uk\u00e1zalo b\u00fdt uk\u00e1zkou sebevra\u017eedn\u00e9ho \u0161\u00edlenstv\u00ed. Tady u\u017e by ur\u010dit\u00e1 ochrana ze strany person\u00e1lu byla pot\u0159eba a n\u011bkte\u0159\u00ed jedinci by opou\u0161t\u011bli \u00fastav jen s\u00a0dozorem.<\/p>\n<p><a href=\"https:\/\/stranapro.cz\/\"><img decoding=\"async\" loading=\"lazy\" class=\"alignnone  wp-image-40285 aligncenter\" src=\"http:\/\/www.infokuryr.cz\/n\/wp-content\/uploads\/2023\/11\/11pro-300x79.png\" alt=\"\" width=\"619\" height=\"163\" srcset=\"https:\/\/www.infokuryr.cz\/n\/wp-content\/uploads\/2023\/11\/11pro-300x79.png 300w, https:\/\/www.infokuryr.cz\/n\/wp-content\/uploads\/2023\/11\/11pro.png 363w\" sizes=\"(max-width: 619px) 100vw, 619px\" \/><\/a><\/p>\n<p>P\u0159ich\u00e1z\u00edme do prostor\u016f pro medi\u00e1ln\u00ed pracovn\u00edky. Jejich sebev\u011bdom\u00ed nazna\u010duje vysokou nebezpe\u010dnost a chov\u00e1n\u00ed hrani\u010d\u00ed se ztr\u00e1tou pam\u011bti, prostorov\u00e9ho vn\u00edm\u00e1n\u00ed a vysokou agresivitou se \u0161irok\u00fdm z\u00e1b\u011brem. Schopnost ovliv\u0148ovat \u0161irok\u00e9 masy nazna\u010duje, \u017ee opou\u0161t\u011bn\u00ed are\u00e1lu bl\u00e1zince je kontraproduktivn\u00ed a n\u011bkte\u0159\u00ed zvl\u00e1\u0161t\u011b nebezpe\u010dn\u00ed jedinci maj\u00ed dokonce pr\u00e1vo na speci\u00e1ln\u00ed od\u011bvn\u00ed dopln\u011bk zvan\u00fd sv\u011brac\u00ed kazajka \u010di na vlastn\u00ed bezpe\u010dnostn\u00ed klec. Toto odd\u011blen\u00ed u\u017e lze naz\u00fdvat nebezpe\u010dn\u00fdm a pot\u0159ebuj\u00edc\u00edm zvl\u00e1\u0161tn\u00ed re\u017eim. D\u016fle\u017eit\u00e1 je absence kamer s\u00a0v\u00fdjimkou bezpe\u010dnostn\u00edch, chovanc\u016fm nesm\u00ed p\u0159ij\u00edt do ruky tu\u017eka a pap\u00edr, nato\u017e kl\u00e1vesnice p\u0159ipojen\u00e1 k\u00a0po\u010d\u00edta\u010di. Nebylo by ani vhodn\u00e9, aby se mezi sebou st\u00fdkali obyvatel\u00e9 jednotliv\u00fdch pokoj\u016f ozna\u010den\u00fdch nap\u0159\u00edklad \u010cT, Forum24, Nova \u010di Prima, Seznam nebo t\u0159eba Demagogov\u00e9 (tedy zda li je\u0161t\u011b existuj\u00ed). Zapomenout nesm\u00edme ani na um\u011bleckou \u010d\u00e1st t\u00e9to sekce, proto\u017ee t\u00edm by hem\u017een\u00ed zn\u00e1m\u00fdch tv\u00e1\u0159\u00ed bylo \u00fapln\u00e9.<\/p>\n<p><img decoding=\"async\" loading=\"lazy\" class=\"wp-image-48462 alignright\" src=\"http:\/\/www.infokuryr.cz\/n\/wp-content\/uploads\/2024\/03\/pozvanka-23-300x165.jpg\" alt=\"\" width=\"650\" height=\"357\" srcset=\"https:\/\/www.infokuryr.cz\/n\/wp-content\/uploads\/2024\/03\/pozvanka-23-300x165.jpg 300w, https:\/\/www.infokuryr.cz\/n\/wp-content\/uploads\/2024\/03\/pozvanka-23-768x422.jpg 768w, https:\/\/www.infokuryr.cz\/n\/wp-content\/uploads\/2024\/03\/pozvanka-23.jpg 898w\" sizes=\"(max-width: 650px) 100vw, 650px\" \/><\/p>\n<p>Na \u0159ad\u011b je nejdrsn\u011bj\u0161\u00ed odd\u011blen\u00ed ur\u010den\u00e9 politik\u016fm a notorick\u00fdm lh\u00e1\u0159\u016fm. Po posledn\u00edm po\u010dinu vl\u00e1dy, tedy ukon\u010den\u00ed spole\u010dn\u00fdch jedn\u00e1n\u00ed se slovenskou stranou vedenou staronov\u00fdm premi\u00e9rem Ficem, k\u00a0\u010demu\u017e d\u016fvodem je podstatn\u011b realisti\u010dt\u011bj\u0161\u00ed vn\u00edm\u00e1n\u00ed Ukrajiny a Ruska ze strany Slov\u00e1k\u016f, se Fialovi kone\u010dn\u011b poda\u0159ilo rozlo\u017eit V4. Fico se p\u0159idal k\u00a0Orb\u00e1novi a slovensk\u00e1 opozice jezd\u00ed obrazn\u011b i skute\u010dn\u011b bre\u010det do Prahy. Dozv\u011bd\u011bli jsme se tak, \u017ee p\u016fvodn\u011b Ma\u010fa\u0159i a Slov\u00e1ci nebyli pozv\u00e1ni ani k\u00a0Macronovi na protirusk\u00fd d\u00fdch\u00e1nek, na kter\u00e9m se hovo\u0159ilo o mo\u017enosti vyslat voj\u00e1ky st\u00e1t\u016f NATO na misi na ukrajinskou frontu. Ne, \u017ee by tam u\u017e nebyli, ale te\u010f by to bylo poloofici\u00e1ln\u011b. Premi\u00e9\u0159i Ma\u010farska a Slovenska to odm\u00edtli s\u00a0t\u00edm, \u017ee \u00a0nebudou dod\u00e1vat ani lidi, ale ani zbran\u011b a pen\u00edze na jejich po\u0159\u00edzen\u00ed. A t\u00edm se dostali do situace, \u017ee jim na\u0161e vl\u00e1da skoro vyhl\u00e1sila v\u00e1lku. Aspo\u0148 tu diplomatickou. I kdy\u017e je na stole ot\u00e1zka, lze li u na\u0161ich p\u0159edstavitel\u016f je\u0161t\u011b hovo\u0159it o diplomacii, proto\u017ee ta od n\u00e1stupu Pir\u00e1ta Lipavsk\u00e9ho do veden\u00ed p\u0159edv\u00e1d\u00ed p\u0159edev\u0161\u00edm to, jak nem\u00e1 vypadat. Vz\u00edt Fialovi a v\u0161em jeho p\u0159isluhova\u010d\u016fm mo\u017enost hovo\u0159it neust\u00e1le o Ukrajin\u011b, Rusku a Evropsk\u00e9 unii by bylo n\u011bco jako sebrat batoleti obl\u00edbenou hra\u010dku.<\/p>\n<p>Jednotliv\u00e9 mund\u016fry a sv\u011brac\u00ed kazajky v politick\u00e9m odd\u011blen\u00ed by byly bu\u010f v\u00a0barv\u00e1ch EU nebo v\u00a0modro\u017elut\u00e9 kombinaci, ekonomick\u00fd odd\u00edl by z\u016fstal \u010dern\u00fd, co\u017e vystihuje perspektivn\u00ed p\u0159\u00edstup chovanc\u016f k\u00a0\u010cesk\u00e9 republice, soudruh gener\u00e1l by samoz\u0159ejm\u011b obl\u00e9kl mask\u00e1\u010dov\u00fd vzor s\u00a0embl\u00e9my d\u011blost\u0159electva. A jako p\u00e1\u017ee by mu mohl posluhovat \u00fadajn\u00fd dlouholet\u00fd p\u0159\u00edtel herec Vetch\u00fd p\u0159eveden\u00fd ze sekce m\u00e9dia a um\u011blci. Ten se toti\u017e tak\u00e9 asi zbl\u00e1znil. Jist\u011b jste u\u017e pochopili, pro\u010d by cel\u00fd are\u00e1l nov\u011b obsazen\u00fd pot\u0159eboval mnohem v\u011bt\u0161\u00ed \u00fazemn\u00ed rozsah, ne\u017e je tomu nyn\u00ed. M\u00e9n\u011b sledovan\u00e1 odd\u011blen\u00ed, v\u00a0nich\u017e se nach\u00e1z\u00ed ne tolik nebezpe\u010dn\u00ed schizofrenici, fe\u0165\u00e1ci, potencion\u00e1ln\u00ed sebevrazi a alkoholici, zab\u00edraj\u00ed moment\u00e1ln\u011b prostor Bohnick\u00e9ho parku, ale po roz\u0161\u00ed\u0159en\u00ed po\u010dtu osazenstva by bylo t\u0159eba are\u00e1l skute\u010dn\u011b roz\u0161\u00ed\u0159it natolik, aby se za jeho branami nach\u00e1zely i ruzy\u0148sk\u00e1 a pankr\u00e1ck\u00e1 v\u011bznice. Tam toti\u017e \u0159ada z\u00a0na\u0161ich politik\u016f a novin\u00e1\u0159\u016f skute\u010dn\u011b pat\u0159\u00ed. V\u00e1le\u010dn\u00ed psychopati bez soci\u00e1ln\u00edho c\u00edt\u011bn\u00ed. To je asi jedin\u00e1 spr\u00e1vn\u00e1 diagn\u00f3za. A vypov\u011bzen\u00ed dohod, nedodr\u017eov\u00e1n\u00ed slib\u016f i jist\u00e9 etiky a odm\u00edt\u00e1n\u00ed jak\u00fdchkoliv n\u00e1zor\u016f rozd\u00edln\u00fdch od modro\u017elut\u00e9ho vn\u00edm\u00e1n\u00ed sv\u011bta na\u0161\u00ed vl\u00e1dou, a to nejen u ob\u010dan\u016f \u010cR, ale i u vl\u00e1d jin\u00fdch zem\u00ed, je prost\u011b projevem ztr\u00e1ty smyslu pro realitu. Bohu\u017eel, zat\u00edm n\u00e1m tito bl\u00e1zni vl\u00e1dnou, m\u00e9dia je podporuj\u00ed a pr\u00e1zdn\u00fd je i pavilon pro jejich voli\u010de. Jak dlouho to \u0161\u00edlenstv\u00ed budeme je\u0161t\u011b trp\u011bt?<\/p>\n<p><a href=\"https:\/\/www.inadhled.live\/uvaha-dne\/zajimava-exkurze-do-potrebneho-arealu\/\">Jind\u0159ich Kulhav\u00fd<\/a><\/p>\n<p><img decoding=\"async\" loading=\"lazy\" class=\"alignnone size-full wp-image-48136\" src=\"http:\/\/www.infokuryr.cz\/n\/wp-content\/uploads\/2024\/02\/kulhavy-jindrich.jpg\" alt=\"\" width=\"219\" height=\"221\" srcset=\"https:\/\/www.infokuryr.cz\/n\/wp-content\/uploads\/2024\/02\/kulhavy-jindrich.jpg 219w, https:\/\/www.infokuryr.cz\/n\/wp-content\/uploads\/2024\/02\/kulhavy-jindrich-150x150.jpg 150w\" sizes=\"(max-width: 219px) 100vw, 219px\" \/><\/p>\n<p>&nbsp;<\/p>\n<\/div>\n","protected":false},"excerpt":{"rendered":"<p>\u010cesk\u00e1 diplomacie a vl\u00e1da se op\u011bt \u00fapln\u011b odkopala. Jejich arogance a tupost postoupila o dal\u0161\u00ed&#8230;<\/p>\n","protected":false},"author":2,"featured_media":48796,"comment_status":"closed","ping_status":"closed","sticky":false,"template":"","format":"standard","meta":[],"categories":[6],"tags":[],"_links":{"self":[{"href":"https:\/\/www.infokuryr.cz\/n\/wp-json\/wp\/v2\/posts\/48795"}],"collection":[{"href":"https:\/\/www.infokuryr.cz\/n\/wp-json\/wp\/v2\/posts"}],"about":[{"href":"https:\/\/www.infokuryr.cz\/n\/wp-json\/wp\/v2\/types\/post"}],"author":[{"embeddable":true,"href":"https:\/\/www.infokuryr.cz\/n\/wp-json\/wp\/v2\/users\/2"}],"replies":[{"embeddable":true,"href":"https:\/\/www.infokuryr.cz\/n\/wp-json\/wp\/v2\/comments?post=48795"}],"version-history":[{"count":0,"href":"https:\/\/www.infokuryr.cz\/n\/wp-json\/wp\/v2\/posts\/48795\/revisions"}],"wp:featuredmedia":[{"embeddable":true,"href":"https:\/\/www.infokuryr.cz\/n\/wp-json\/wp\/v2\/media\/48796"}],"wp:attachment":[{"href":"https:\/\/www.infokuryr.cz\/n\/wp-json\/wp\/v2\/media?parent=48795"}],"wp:term":[{"taxonomy":"category","embeddable":true,"href":"https:\/\/www.infokuryr.cz\/n\/wp-json\/wp\/v2\/categories?post=48795"},{"taxonomy":"post_tag","embeddable":true,"href":"https:\/\/www.infokuryr.cz\/n\/wp-json\/wp\/v2\/tags?post=48795"}],"curies":[{"name":"wp","href":"https:\/\/api.w.org\/{rel}","templated":true}]}}