{"id":48790,"date":"2024-03-07T05:58:54","date_gmt":"2024-03-07T04:58:54","guid":{"rendered":"https:\/\/www.infokuryr.cz\/n\/?p=48790"},"modified":"2024-03-07T05:58:54","modified_gmt":"2024-03-07T04:58:54","slug":"ceske-soudy-a-zidovske-pravo-halacha-rovnost-pred-zakonem-uz-davno-cesi-nemaji","status":"publish","type":"post","link":"https:\/\/www.infokuryr.cz\/n\/2024\/03\/07\/ceske-soudy-a-zidovske-pravo-halacha-rovnost-pred-zakonem-uz-davno-cesi-nemaji\/","title":{"rendered":"\u010cesk\u00e9 soudy a \u017eidovsk\u00e9 pr\u00e1vo halacha? Rovnost p\u0159ed z\u00e1konem u\u017e d\u00e1vno \u010ce\u0161i nemaj\u00ed"},"content":{"rendered":"<div id=\"fb-root\"><\/div>\n<p>P\u0159ed \u010dasem jsem se v datab\u00e1zi infosoud do\u010detl, \u017ee\u00a0<strong>starosta\u00a0<a href=\"https:\/\/www.novinky.cz\/clanek\/krimi-novotny-dostal-penezity-trest-za-slova-o-palestincich-oskliva-cifra-reagoval-40461878#dop_ab_variant=0&amp;dop_source_zone_name=novinky.web.nexttoart\">\u0158eporyj Pavel Novotn\u00fd (ODS) byl za<\/a>\u00a0ve\u0159ejn\u00e9 vulg\u00e1rn\u00ed ur\u00e1\u017eky palestinsk\u00e9ho n\u00e1roda odsouzen k pen\u011b\u017eit\u00e9mu trest<\/strong>u. Pan Novotn\u00fd \u00fadajn\u011b pod\u00e1 odpor a prob\u011bhne \u0159\u00e1dn\u00e9 l\u00ed\u010den\u00ed.<\/p>\n<p>Na cel\u00e9 v\u011bci je skand\u00e1ln\u00ed, \u017ee\u00a0<strong>P. Novotn\u00fd je aktu\u00e1ln\u011b za podobn\u00fd \u010din v podm\u00ednce a tak by m\u011bl logicky n\u00e1sledovat p\u0159\u00edsn\u011bj\u0161\u00ed trest (jedn\u00e1 se o recidivu) a aktivace pr\u00e1v\u011b t\u00e9 podm\u00ednky.<\/strong><\/p>\n<p><strong>Soud ale nic takov\u00e9ho nepova\u017euje za nutn\u00e9 a naopak p\u0159istoupil k nezvykl\u00e9 m\u00edrn\u00e9mu potrest\u00e1n\u00ed.<\/strong><\/p>\n<p><a href=\"https:\/\/stranapro.cz\/\"><img decoding=\"async\" loading=\"lazy\" class=\"wp-image-40285 aligncenter\" src=\"http:\/\/www.infokuryr.cz\/n\/wp-content\/uploads\/2023\/11\/11pro-300x79.png\" alt=\"\" width=\"574\" height=\"151\" srcset=\"https:\/\/www.infokuryr.cz\/n\/wp-content\/uploads\/2023\/11\/11pro-300x79.png 300w, https:\/\/www.infokuryr.cz\/n\/wp-content\/uploads\/2023\/11\/11pro.png 363w\" sizes=\"(max-width: 574px) 100vw, 574px\" \/><\/a><\/p>\n<p>Jak zn\u00e1mo\u00a0<strong>Pavel Novotn\u00fd je \u017eidovsk\u00e9ho p\u016fvodu, s\u00e1m se t\u00edm ve\u0159ejn\u011b chlub\u00ed a dokonce \u0159\u00edk\u00e1, \u017ee \u010ce\u0161i maj\u00ed slou\u017eit \u017did\u016fm. P\u0159edchoz\u00ed judik\u00e1ty kritik\u016f \u017eidovsk\u00e9ho n\u00e1roda z \u0159ad \u010desk\u00e9ho obyvatelstva , zd\u016fraz\u0148uji slovo kritik\u016f, proto\u017ee se vesm\u011bs nedopou\u0161t\u011bli vulg\u00e1rn\u00edch ur\u00e1\u017eek \u017eidovsk\u00e9ho n\u00e1roda a ani nepo\u017eadovali jeho likvidaci, uk\u00e1zaly n\u011bco zcela jin\u00e9ho. <\/strong>Demonstrativn\u00ed\u00a0<strong>domovn\u00ed prohl\u00eddky, vazba, zabaven\u00ed majetku, ve\u0159ejn\u00e1 zat\u00fdk\u00e1n\u00ed p\u0159ed rodinn\u00fdmi p\u0159\u00edslu\u0161n\u00edky n\u00e1sledn\u00e9 p\u0159\u00edsn\u00e9 tresty atd.<\/strong>\u2026<\/p>\n<p>Je tedy zjevn\u00e9, \u017ee<strong>\u00a0o n\u011bjak\u00e9 rovnosti p\u0159ed z\u00e1konem nem\u016f\u017ee b\u00fdt ani \u0159e\u010di. Ani de iure, ani de facto. \u017did\u00e9 se podle \u010desk\u00e9ho pr\u00e1vn\u00edho \u0159\u00e1du t\u011b\u0161\u00ed vysok\u00e9 nadpr\u00e1vn\u00ed ochran\u011b. To je sice nejsp\u00ed\u0161 v rozporu s \u00dastavou \u010cR, ale nikoho z \u201e\u010desk\u00fdch elit\u201c to neznepokojuje,\u00a0<\/strong>Situace neznepokojuje ani \u010dleny \u00fastavn\u00edho soudu, kde nyn\u00ed sed\u00ed t\u0159eba dcera p\u0159edsedy \u017eidovsk\u00e9 obce Lucie Dolansk\u00e1 B\u00e1nyaiov\u00e1.\u00a0<strong>Divn\u00e9, \u017ee?!<\/strong><\/p>\n<p>Skoro to vypad\u00e1, \u017ee se \u010desk\u00e9 soudy u\u017e l\u00e9ta v podobn\u00fdch p\u0159\u00edpadech \u0159\u00edd\u00ed \u017eidovsk\u00fdm pr\u00e1vem halacha a to nem\u00e1 pro g\u00f3je \u017e\u00e1dn\u00e9 pochopen\u00ed. Nechaj\u00ed si \u010ce\u0161i tohle ve sv\u00e9 zemi l\u00edbit donekone\u010dna?<\/p>\n<p><a href=\"https:\/\/ceskavec.com\/2024\/03\/ceske-soudy-a-zidovske-pravo-halacha-rovnost-pred-zakonem-uz-davno-cesi-nemaji\">Mike Don\u00e1k, Texas, USA<\/a><\/p>\n<p><img decoding=\"async\" loading=\"lazy\" class=\"wp-image-47634 aligncenter\" src=\"http:\/\/www.infokuryr.cz\/n\/wp-content\/uploads\/2024\/02\/Pozvanka_Praha-_23.3.24-300x229.jpg\" alt=\"\" width=\"749\" height=\"572\" srcset=\"https:\/\/www.infokuryr.cz\/n\/wp-content\/uploads\/2024\/02\/Pozvanka_Praha-_23.3.24-300x229.jpg 300w, https:\/\/www.infokuryr.cz\/n\/wp-content\/uploads\/2024\/02\/Pozvanka_Praha-_23.3.24.jpg 595w\" sizes=\"(max-width: 749px) 100vw, 749px\" \/><\/p>\n","protected":false},"excerpt":{"rendered":"<p>P\u0159ed \u010dasem jsem se v datab\u00e1zi infosoud do\u010detl, \u017ee\u00a0starosta\u00a0\u0158eporyj Pavel Novotn\u00fd (ODS) byl za\u00a0ve\u0159ejn\u00e9 vulg\u00e1rn\u00ed&#8230;<\/p>\n","protected":false},"author":2,"featured_media":24220,"comment_status":"closed","ping_status":"closed","sticky":false,"template":"","format":"standard","meta":[],"categories":[6],"tags":[670,6910,6911,520,92],"_links":{"self":[{"href":"https:\/\/www.infokuryr.cz\/n\/wp-json\/wp\/v2\/posts\/48790"}],"collection":[{"href":"https:\/\/www.infokuryr.cz\/n\/wp-json\/wp\/v2\/posts"}],"about":[{"href":"https:\/\/www.infokuryr.cz\/n\/wp-json\/wp\/v2\/types\/post"}],"author":[{"embeddable":true,"href":"https:\/\/www.infokuryr.cz\/n\/wp-json\/wp\/v2\/users\/2"}],"replies":[{"embeddable":true,"href":"https:\/\/www.infokuryr.cz\/n\/wp-json\/wp\/v2\/comments?post=48790"}],"version-history":[{"count":0,"href":"https:\/\/www.infokuryr.cz\/n\/wp-json\/wp\/v2\/posts\/48790\/revisions"}],"wp:featuredmedia":[{"embeddable":true,"href":"https:\/\/www.infokuryr.cz\/n\/wp-json\/wp\/v2\/media\/24220"}],"wp:attachment":[{"href":"https:\/\/www.infokuryr.cz\/n\/wp-json\/wp\/v2\/media?parent=48790"}],"wp:term":[{"taxonomy":"category","embeddable":true,"href":"https:\/\/www.infokuryr.cz\/n\/wp-json\/wp\/v2\/categories?post=48790"},{"taxonomy":"post_tag","embeddable":true,"href":"https:\/\/www.infokuryr.cz\/n\/wp-json\/wp\/v2\/tags?post=48790"}],"curies":[{"name":"wp","href":"https:\/\/api.w.org\/{rel}","templated":true}]}}