{"id":48773,"date":"2024-03-07T00:39:56","date_gmt":"2024-03-06T23:39:56","guid":{"rendered":"https:\/\/www.infokuryr.cz\/n\/?p=48773"},"modified":"2024-03-06T18:45:48","modified_gmt":"2024-03-06T17:45:48","slug":"vlastimil-podracky-nevime-kde-zijeme","status":"publish","type":"post","link":"https:\/\/www.infokuryr.cz\/n\/2024\/03\/07\/vlastimil-podracky-nevime-kde-zijeme\/","title":{"rendered":"Vlastimil Podrack\u00fd: Nev\u00edme, kde \u017eijeme"},"content":{"rendered":"<div id=\"fb-root\"><\/div>\n<section class=\"perex\"><strong>Charakter sou\u010dasn\u00e9ho \u017eivota se ned\u00e1 za\u0159adit k \u017e\u00e1dn\u00e9mu tradi\u010dn\u00edmu evropsk\u00e9mu ide\u00e1lu, ob\u010das se objev\u00ed n\u011bco jako liberalismus apod., co\u017e ov\u0161em nen\u00ed pravda. V\u00a0podstat\u011b \u017eijeme v\u00a0jak\u00e9msi chaosu.<\/strong><\/section>\n<section>_____________<\/section>\n<section class=\"clanek-obsah\">Tento chaos vznikl z\u00a0nihilismu z\u00e1padn\u00edch demokraci\u00ed a do n\u011bj se projektovaly r\u016fzn\u00e9 z\u00e1jmy formulovan\u00e9 do my\u0161lenek, kter\u00e9 se hodily n\u011bkter\u00e9 z\u00a0mocn\u00fdch skupin finan\u010dn\u00edch nebo spole\u010densk\u00fdch.Po opu\u0161t\u011bn\u00ed klasick\u00e9 demokracie, kter\u00e1 vytv\u00e1\u0159ela vl\u00e1du lid\u00ed nez\u00e1vislou na pen\u011bz\u00edch a skupin\u00e1ch, proto\u017ee byla siln\u00e1 a op\u00edrala se o st\u00e1totvornou st\u0159edn\u00ed t\u0159\u00eddu a jej\u00ed ide\u00e1ly svobody a demokracie, nastala podivn\u00e1 doba, kterou bychom mohli nazvat influenkracie. Kdo sv\u00fdm vlivem pronikne do \u0159\u00edd\u00edc\u00edch org\u00e1n\u016f, ten prosad\u00ed svoji ideu. Dnes jsme pod vlivem zahrani\u010dn\u00edch korporac\u00ed a jejich z\u00e1jm\u016f, EU a USA. Jejich vlivy jsou siln\u011bj\u0161\u00ed ne\u017e dom\u00e1c\u00edch subjekt\u016f. Ani \u010de\u0161t\u00ed podnikatel\u00e9, ani d\u011blnick\u00e9 organizace nemaj\u00ed rozhoduj\u00edc\u00ed vliv.<\/p>\n<h2>Kam se pod\u011bla svoboda slova?<\/h2>\n<p>Juraj Draxler (viz Disput 23.2.2024) si st\u011b\u017euje na sou\u010dasn\u00e9 lidi a uv\u00e1d\u00ed, jak d\u0159\u00edve byli lid\u00e9 state\u010dn\u00ed. Zmi\u0148uje: Sarte, Foucault, Aron, Marcuse, Habermas. Martin Luther King za to zaplatil \u017eivotem. Velk\u00e1 \u010d\u00e1st lid\u00ed \u017eila permanentn\u011b v\u00a0odporu k\u00a0re\u017eimu, ale vzhledem ke svobod\u011b si mohla dovolit odporovat (to neznamen\u00e1, \u017ee nenesla ur\u010dit\u00e9 n\u00e1sledky). Takov\u00fd boj dnes chyb\u00ed (alespo\u0148 v\u00a0Evrop\u011b). Samoz\u0159ejm\u011b by to byl jin\u00fd boj, jsou jin\u00e9 hodnoty hodn\u00e9 obhajoby. Ale influenci u\u017e ned\u011blaj\u00ed state\u010dn\u00ed intelektu\u00e1lov\u00e9, ale pen\u00edze v\u00a0rukou prodejn\u00fdch intelektu\u00e1l\u016f. State\u010dn\u00ed intelektu\u00e1lov\u00e9 nemaj\u00ed podporu, uch\u00fdlili se na okrajov\u00e9 weby, dost\u00e1vaj\u00ed se do marginality, zat\u00edmco ti n\u011bkdej\u0161\u00ed m\u011bli v\u00fdznamnou \u0161irokou podporu, mluvilo se o nich na univerzit\u00e1ch a studentsk\u00fd \u017eivot v\u0159el protesty. Dnes jsou tito protestuj\u00edc\u00ed, pokud nejednaj\u00ed v\u00a0z\u00e1jmu establishmentu, naz\u00fdv\u00e1ni \u201edesol\u00e1ty\u201c, p\u0159esto, \u017ee protesty jsou naprosto klidn\u00e9, a jejich organiz\u00e1to\u0159i jsou pron\u00e1sledov\u00e1ni, jakoby to byli zlo\u010dinci a jsou na n\u011b po\u0159\u00e1d\u00e1ny kampan\u011b v\u00a0zaprodan\u00fdch sd\u011blovac\u00edch prost\u0159edc\u00edch. Je pozorovateln\u00fd rozd\u00edl v\u00a0tom, \u017ee tyto protesty nemaj\u00ed podporu v\u00a0nikom jin\u00e9m, ne\u017e v\u00a0\u00fa\u010dastn\u00edc\u00edch (a snad podporovatel\u00edch uvnit\u0159 prost\u00e9ho lidu). Kde jsou ov\u0161em intelektu\u00e1lov\u00e9, cel\u00e9 univerzity a cel\u00e9 fakulty, z\u00e1stupy student\u016f, opozi\u010dn\u00ed sd\u011blovac\u00ed prost\u0159edky? Kde je demokracie a svoboda? Bez skute\u010dn\u00fdch protest\u016f nen\u00ed v\u00fdvoj, nen\u00ed pokrok a nehledaj\u00ed se \u0159e\u0161en\u00ed. Establishment nikdy necht\u011bl v\u00fdvoj. V\u00fdvoj v\u0161ak byl, byl sou\u010d\u00e1st\u00ed syst\u00e9mu, proti tomu nikdo nic neud\u011blal. To byla demokracie, dnes nen\u00ed.<\/p>\n<p>Je absence protest\u016f snad proto, \u017ee tyto n\u011bkdej\u0161\u00ed ide\u00e1ly protestuj\u00edc\u00edch byly spln\u011bny? Jednak nikoliv v\u0161echny, ale vyvst\u00e1vaj\u00ed jin\u00e9 probl\u00e9my, kter\u00e9 maj\u00ed jen slab\u00e9 zastoupen\u00ed, a dokonce probl\u00e9my velk\u00e9 nikdo dostate\u010dn\u011b nereflektuje. Draxler si op\u011bt st\u011b\u017euje, \u017ee zanikla investigativn\u00ed novina\u0159ina. Kde jsou ti state\u010dn\u00ed novin\u00e1\u0159i, kter\u00fdm se poda\u0159ilo vyfotografovat \u00fa\u010dinky napalmu pou\u017eit\u00fdm Ameri\u010dany ve Vietnamu, aby na z\u00e1klad\u011b t\u011bchto informac\u00ed skon\u010dil vietnamsk\u00fd konflikt? Co kdyby dnes t\u0159eba n\u011bkdo napsal report\u00e1\u017e o vnit\u0159n\u00ed politick\u00e9 situaci na Ukrajin\u011b, t\u0159eba o tom, kam se pod\u011bli opozi\u010dn\u00ed politici Janukovi\u010dovy strany, a polo\u017eil ot\u00e1zku, zda je Ukrajina a byla i p\u0159ed v\u00e1lkou v\u016fbec demokratick\u00e1? Kde jsou politici strany Za \u017eivot? Tyto informace chyb\u00ed permanentn\u011b u\u017e pom\u011brn\u011b d\u00e1vno. Pokud je n\u011bkdo hled\u00e1 a nal\u00e9z\u00e1, ocitne se na okraji a nem\u00e1 podporu odnikud. V\u0161ichni se boj\u00ed. Nen\u00ed state\u010dnost a odhodlanost bojovat za pravdu. Draxler nep\u00ed\u0161e o p\u0159\u00ed\u010din\u00e1ch t\u00e9to zm\u011bny, v\u00a0podstat\u011b je velmi podivn\u00e9, \u017ee demokracie zanik\u00e1 sama od sebe, v\u017edy\u0165 anga\u017eovanost a nastavov\u00e1n\u00ed vlastn\u00edho krku bylo v\u017edy.<\/p>\n<p>J\u00e1 se domn\u00edv\u00e1m, \u017ee probl\u00e9m je v\u00a0nez\u00e1visl\u00e9m financov\u00e1n\u00ed. Jestli\u017ee opozi\u010dn\u00ed noviny m\u011bly svoje odb\u011bratele, zisk s\u00a0p\u0159\u00edpadn\u00fdmi p\u0159\u00edsp\u011bvky byl dosta\u010duj\u00edc\u00ed, mohla se investigativn\u00ed novina\u0159ina rozv\u00edjet. Dokladem je i K.H.Borovsk\u00fd, kter\u00e9ho museli v\u00a0noci p\u0159epadnout policist\u00e9 a odv\u00e9st do Brixenu, proto\u017ee jinak by nejenom vyd\u00e1val sv\u00e9 noviny d\u00e1l, ale mo\u017en\u00e1 dokonce zalo\u017eil dal\u0161\u00ed, proto\u017ee \u010dten\u00e1\u0159\u016f ochotn\u00fdch je kupovat m\u011bl dost. Dnes se za informace na internetu neplat\u00ed, t\u00edm p\u00e1dem se neplat\u00ed ani novin\u00e1\u0159i. Dnes jsou informace ve v\u011bt\u0161\u00edm nebezpe\u010d\u00ed, proto\u017ee mohou b\u00fdt na internetu sledov\u00e1ny a selektivn\u011b blokov\u00e1ny. Ot\u00e1zka zastra\u0161ov\u00e1n\u00ed je dnes mnohem nal\u00e9hav\u011bj\u0161\u00ed. Samostatn\u00fd roln\u00edk nebo \u0159emesln\u00edk m\u011bl svoje financov\u00e1n\u00ed, na kter\u00e9 nemohl m\u00edt nikdo vliv. Financov\u00e1n\u00ed dne\u0161n\u00edch web\u016f je obvykle z\u00a0reklam a podniky maj\u00ed strach z\u00a0kampan\u00ed, kter\u00e9 je mo\u017en\u00e9 proti nim v\u00e9st.<\/p>\n<h2>Ideov\u00fd chaos<\/h2>\n<p>V\u00a0demokracii st\u00e1t chr\u00e1n\u00ed ob\u010dany a zaji\u0161\u0165uje jejich pr\u00e1va. Influenkracie je re\u017eim, ve kter\u00e9m ochrana ob\u010dan\u016f selh\u00e1v\u00e1. Tento re\u017eim vznikl otev\u0159en\u00fdmi hranicemi, realizac\u00ed tzv. \u201eotev\u0159en\u00e9 spole\u010dnosti\u201c. Dom\u00e1c\u00ed podnik proti zahrani\u010dn\u00edmu nem\u00e1 \u017e\u00e1dnou v\u00fdhodu, nikdo ho nechr\u00e1n\u00ed (viditeln\u00e9 je to dnes na protestech zem\u011bd\u011blc\u016f). Zahrani\u010dn\u00ed korporace bohat\u0161\u00ed, ne\u017e cel\u00fd \u010desk\u00fd st\u00e1t si mohou cokoliv dovolit. Za t\u011bmito korporacemi stoj\u00ed jin\u00e9 st\u00e1ty a jejich vliv, nen\u00ed to jen zn\u00e1m\u00fd p\u0159\u00edpad Snowdena, kter\u00fd zve\u0159ejnil, jak americk\u00e1 vl\u00e1da vyu\u017e\u00edv\u00e1 Facebook k\u00a0informac\u00edm o ob\u010danech ciz\u00edch st\u00e1t\u016f, ale i r\u016fzn\u00e9 nadace zakl\u00e1daj\u00edc\u00ed neziskovky na na\u0161em \u00fazem\u00ed. St\u00e1t se br\u00e1n\u00ed pouze rusk\u00e9mu vlivu, na ostatn\u00ed nem\u00e1 \u201ep\u00e1ku\u201c.<\/p>\n<p>Ale influenkracie se projevuje tak\u00e9 v\u00a0ideov\u00e9m p\u016fsoben\u00ed. N\u00e1\u0161 st\u00e1t nezaujal po p\u0159evratu v\u00a0r. 1989 jasnou ideovou doktr\u00ednu, v\u00e1gn\u00ed definice liberalismu nic ne\u0159\u00edk\u00e1 (krom\u011b voln\u00e9ho trhu). Prezident Havel \u0159\u00edkal cosi, \u010demu\u017e lid\u00e9 nerozum\u011bli a co v\u016fbec nezapadalo do tradic. My\u0161lenkov\u00fd chaos se prohluboval zv\u011bt\u0161uj\u00edc\u00edm se vlivem z\u00e1padn\u00edch my\u0161lenek, kter\u00e9 u\u017e tenkr\u00e1t byly sm\u011bsic\u00ed protich\u016fdn\u00fdch idej\u00ed.<\/p>\n<p><a href=\"https:\/\/stranapro.cz\/\"><img decoding=\"async\" loading=\"lazy\" class=\"alignnone wp-image-40285 aligncenter\" src=\"http:\/\/www.infokuryr.cz\/n\/wp-content\/uploads\/2023\/11\/11pro-300x79.png\" alt=\"\" width=\"554\" height=\"146\" srcset=\"https:\/\/www.infokuryr.cz\/n\/wp-content\/uploads\/2023\/11\/11pro-300x79.png 300w, https:\/\/www.infokuryr.cz\/n\/wp-content\/uploads\/2023\/11\/11pro.png 363w\" sizes=\"(max-width: 554px) 100vw, 554px\" \/><\/a><\/p>\n<p>Kdo m\u011bl s\u00edlu, toho ide\u00e1ly se prosazovaly. Pomalu se prosazovaly my\u0161lenky neomarxismu, tedy jak\u00e9hosi marxismu bez kolektivismu. Tato egocentrick\u00e1 idea spl\u0148ovala lidsk\u00e1 p\u0159\u00e1n\u00ed na zvy\u0161uj\u00edc\u00ed se \u201erovnost ve v\u00fdsledku\u201c r\u016fzn\u00fdch skupin etnick\u00fdch, kulturn\u00edch a sexu\u00e1ln\u00edch, p\u0159i\u010dem\u017e se jaksi zanedbalo, kdo je ten povinn\u00fd, kdo m\u00e1 tato p\u0159\u00e1n\u00ed plnit. Tak\u017ee se m\u00edra mohla p\u0159eh\u00e1n\u011bt do extr\u00e9m\u016f. Tato jak\u00e1si synkretick\u00e1 idea nebyla koncem, pouze se stala z\u00e1kladem pro influenci. Muslimov\u00e9 za\u00fato\u010dili na evropsk\u00e9 po\u0159\u00e1dky. Salman Rushdie byl pron\u00e1sledov\u00e1n pro svoji knihu Satansk\u00e9 ver\u0161e muslimy cel\u00e9ho sv\u011bta. Objevovali se dal\u0161\u00ed svobodn\u011b p\u00ed\u0161\u00edc\u00ed, ale muslimov\u00e9 evropsk\u00fd pojem svobody neznaj\u00ed. Trestaj\u00ed smrt\u00ed. Postupn\u011b se jim ustupovalo t\u00e9m\u011b\u0159 ve v\u0161em. Co si mohl dovolit muslim, si evropsk\u00fd k\u0159es\u0165an dovolit nemohl, muslimsk\u00e9 zlo\u010diny byly zatajov\u00e1ny. Pok\u00e1n\u00ed za kolonialismus a otrok\u00e1\u0159stv\u00ed gradovalo do sm\u011b\u0161n\u00e9ho klan\u011bn\u00ed jak\u00e9mukoliv \u010dernochovi. Ob\u010dansk\u00e1 rovnost ov\u0161em u\u017e v\u00a0USA d\u00e1vno je. Nen\u00ed pochopiteln\u00e9, pro\u010d se tedy klan\u011bt (klan\u011bt se vy\u017eadovalo i od n\u00e1s, a\u010dkoliv jsme nikdy s\u00a0kolonialismem a otrok\u00e1\u0159stv\u00edm nic spole\u010dn\u00e9ho nem\u011bli)? Proti neklan\u011bj\u00edc\u00edmu byly po\u0159\u00e1d\u00e1ny primitivn\u00ed kampan\u011b jako proti xenofobovi a rasistovi (to samo od sebe ukazuje na ubohost \u2013 \u201emy se te\u010f klan\u00edme, kdo se neklan\u00ed, nen\u00ed n\u00e1\u0161\u201c). Samoz\u0159ejm\u011b, \u017ee klan\u011bn\u00ed byl pokus o usm\u00ed\u0159en\u00ed \u010dernoch\u016f, kter\u00fd ov\u0161em \u017e\u00e1dn\u00fd v\u00fdznam nem\u011bl, d\u00e1 se \u0159\u00edci, \u017ee asimilaci \u010dernoch\u016f sp\u00ed\u0161e znemo\u017enil, proto\u017ee \u010derno\u0161sk\u00fd \u0161ovinismus se projevoval d\u00e1l. Co ale znamenaj\u00ed takov\u00e9 akce? M\u00edsto ob\u010dansk\u00e9 rovnosti jako se prosazuje modl\u00e1\u0159stv\u00ed? Nav\u00edc cel\u00e1 kampa\u0148 ukazuje na rasismus. Rovnopr\u00e1vn\u00e9mu ob\u010danovi se p\u0159ece nebudu klan\u011bt.<\/p>\n<p>Zat\u00edmco liberalismus hl\u00e1s\u00e1 co nejmen\u0161\u00ed vm\u011b\u0161ov\u00e1n\u00ed st\u00e1tu do spole\u010dnosti, ekologov\u00e9 ovl\u00e1dli EK a vynutili si tsunami p\u0159\u00edkaz\u016f a z\u00e1kaz\u016f. Na jedn\u00e9 stran\u011b se voz\u00ed d\u011btsk\u00e9 hra\u010dky p\u0159es p\u016fl sv\u011bta, na druh\u00e9 se p\u0159ipravuj\u00ed \u0161ikan\u00f3sn\u00ed p\u0159edpisy pro stavby. Nebezpe\u010dn\u00fd a nefunk\u010dn\u00ed elektromobil je prosazov\u00e1n dotacemi a bez dotac\u00ed prakticky nem\u016f\u017ee b\u00fdt vyr\u00e1b\u011bn, sol\u00e1rn\u00ed baterie jsou drah\u00e1 a m\u00e1lo \u00fa\u010dinn\u00e1 hra\u010dka, ale na co budou l\u00e9tat letadla, kter\u00e1 spot\u0159ebuj\u00ed daleko v\u00edce energie ne\u017e auta? Co s\u00a0n\u00e1kladn\u00ed a lodn\u00ed dopravou? Opravdov\u00e1 ekologie vy\u017eaduje skromnost, ale nikde ji vid\u011bt nen\u00ed. St\u00e1ty jsou st\u00e1le posuzov\u00e1ny podle r\u016fstu HDP. Lid\u00e9 p\u0159ece nebudou \u017e\u00edt skromn\u011b a v\u00a0\u017eivotn\u00ed \u00farovni se budou st\u00e1le p\u0159edh\u00e1n\u011bt. I ti lid\u00e9, kte\u0159\u00ed jsou vegetari\u00e1ni, uzn\u00e1vaj\u00ed nutnost \u00faspor zdroj\u016f, nakonec jezd\u00ed auty a kolo vyt\u00e1hnou jen, kdy\u017e je to mo\u017en\u00e9. Nelze jim nic vy\u010d\u00edtat, mus\u00ed p\u0159ece jezdit do pr\u00e1ce a svoji pr\u00e1ci vykon\u00e1vat, obchodn\u00edci mus\u00ed zbo\u017e\u00ed p\u0159iv\u00e9st, v\u00fdrobci vyrobit.<\/p>\n<p>Jestli\u017ee vyzn\u00e1v\u00e1me liberalismus a voln\u00fd glob\u00e1ln\u00ed trh, nelze prakticky nikoho nutit do ekologick\u00fdch opat\u0159en\u00ed, jedin\u011b dobrovoln\u011b, mo\u017en\u00e1 p\u0159\u00edslibem dotac\u00ed. Tak to tak\u00e9 za\u010dalo, jen\u017ee s\u00a0t\u00edm se ned\u00e1 daleko doj\u00edt, dotace mus\u00ed n\u011bkdo platit, a tak mus\u00edme m\u00edt zne\u010di\u0161\u0165ovatele, aby zaplatili ty ekologick\u00e9. To k\u00a0ni\u010demu nevede, pouze k\u00a0obchodov\u00e1n\u00ed s\u00a0emisn\u00edmi povolenkami a k\u00a0uzav\u00edr\u00e1n\u00ed vlastn\u00edho pr\u016fmyslu a p\u0159esouv\u00e1n\u00ed v\u00fdroby do \u010c\u00edny. Kdo sv\u016fj pr\u016fmysl uzav\u0159e, vyd\u011bl\u00e1 na povolenk\u00e1ch. Dobr\u00fd obchod. Nev\u00edm ov\u0161em, \u010d\u00edm budeme jednou platit t\u011bm pr\u016fmyslov\u00fdm zem\u00edm v\u00a0Asii?<\/p>\n<p><img decoding=\"async\" loading=\"lazy\" class=\"wp-image-47634 alignleft\" src=\"http:\/\/www.infokuryr.cz\/n\/wp-content\/uploads\/2024\/02\/Pozvanka_Praha-_23.3.24-300x229.jpg\" alt=\"\" width=\"616\" height=\"470\" srcset=\"https:\/\/www.infokuryr.cz\/n\/wp-content\/uploads\/2024\/02\/Pozvanka_Praha-_23.3.24-300x229.jpg 300w, https:\/\/www.infokuryr.cz\/n\/wp-content\/uploads\/2024\/02\/Pozvanka_Praha-_23.3.24.jpg 595w\" sizes=\"(max-width: 616px) 100vw, 616px\" \/><\/p>\n<p>P\u0159esto se d\u00e1 vysledovat p\u0159\u00ed\u010dina chaosu. Je to boj liberalismu s\u00a0ekologi\u00ed, kter\u00e9 sekunduje z\u00e1kulisn\u011b neomarxismus. Liberalismus a ekologie maj\u00ed opa\u010dn\u00e9 c\u00edle. Liberalismus, v\u00a0sou\u010dasn\u00e9 dob\u011b glob\u00e1ln\u00ed, chce voln\u00fd obchod, z\u00e1plavu zbo\u017e\u00ed, rostouc\u00ed n\u00e1klady a ekologie chce nekon\u010d\u00edc\u00ed s\u00e9rii p\u0159\u00edkaz\u016f a omezen\u00ed materi\u00e1ln\u00ed spot\u0159eby. Sou\u010dasn\u00e1 doba se vyzna\u010duje souborem protich\u016fdn\u00fdch opat\u0159en\u00ed. Oba ide\u00e1ly se sna\u017e\u00ed jeden druh\u00e9ho pohltit a uzp\u016fsobit. Emisn\u00ed povolenky jsou omezuj\u00edc\u00ed p\u0159\u00edkaz, se kter\u00fdm lze obchodovat. Elektromobily jsou podpo\u0159eny dotacemi a v\u00fdhodami, podniky vkl\u00e1daj\u00ed investice do projektu, kter\u00fd bez podpory nem\u016f\u017ee existovat, a tak vy\u017eaduj\u00ed st\u00e1lou st\u00e1tn\u00ed podporu. St\u00e1t ani EU ov\u0161em na ni nem\u00e1 pen\u00edze. To u\u017e liberalismem nelze nazvat. Bez liber\u00e1ln\u00edho voln\u00e9ho trhu by nebylo blahobytu, ekologie p\u0159in\u00e1\u0161\u00ed jen b\u00eddu a je pravd\u011bpodobn\u00e9, \u017ee se o ni i sna\u017e\u00ed. Neomarxismus je jak\u00fdsi p\u0159\u00edlepek, kter\u00fd umo\u017e\u0148uje zasahovat do tradi\u010dn\u00edch pom\u011br\u016f, vyu\u017e\u00edv\u00e1 men\u0161in k\u00a0nadvl\u00e1d\u011b ciz\u00edch z\u00e1jm\u016f. Ka\u017ed\u00fd st\u00e1t m\u016f\u017ee b\u00fdt na\u0159\u010den, \u017ee utla\u010duje homosexu\u00e1ly nebo \u017eeny, nebo nedovoluje, aby si d\u011bti vybraly v\u00a0deseti letech pohlav\u00ed, a t\u00edm omezuje svobodu a demokracii. Aby se to je\u0161t\u011b v\u00edce usnadnilo, je zapot\u0159eb\u00ed p\u0159ijmout Istanbulskou \u00famluvu.<\/p>\n<p>Kdy\u017e sv\u011btov\u00e9 korporace pot\u0159ebuj\u00ed ovl\u00e1dat lidi, vymysl\u00ed si n\u011bjakou bohulibou \u010dinnost. Kdo ji neschvaluje je desol\u00e1t. Obsahov\u011b to jsou zcela nesouvisej\u00edc\u00ed v\u011bci. P\u0159\u00edkladem nen\u00ed jen ekologie. Je to t\u0159eba \u0161koln\u00ed inkluze, kde po\u0161kozen\u00e9 d\u011bti jsou um\u00edst\u011bny mezi ostatn\u00edmi, kter\u00e9 zdr\u017euj\u00ed ve v\u00fduce, aby se co nejm\u00e9n\u011b nau\u010dily. To jsou t\u0159eba z\u00e1chody pro \u017eeny i mu\u017ee shodn\u00e9. To je po\u017eadavek, aby si d\u011bti vybraly v\u00a0deseti letech pohlav\u00ed (to je zvl\u00e1\u0161\u0165 nechutn\u00fd zlo\u010dinn\u00fd zp\u016fsob, jak d\u011bti pohlav\u00ed zbavit). Tuto \u010dinnost potom vyd\u00e1vaj\u00ed za velice d\u016fle\u017eitou a \u0161ikanuj\u00ed st\u00e1ty, \u017ee tyto v\u011bci nezav\u00e1d\u00ed. P\u0159ipom\u00edn\u00e1 to \u0161ikanov\u00e1n\u00ed v\u011bz\u0148\u016f, aby kart\u00e1\u010dky na zuby \u010distili podlahu. Kdo ne\u010dist\u00ed je trest\u00e1n. Z\u00e1rove\u0148 ov\u0161em tyto v\u011bci nejsou n\u011bjak\u00e9 zbyte\u010dnosti. V\u0161imn\u011bme si, \u017ee v\u017edy jen ni\u010d\u00ed lidsk\u00fd rod rozvratem rodin, nep\u0159irozen\u00fdm sexem, zaujet\u00edm \u017een jinou \u010dinnost\u00ed ne\u017e mate\u0159stv\u00edm, nemravnou v\u00fdchovou d\u011bt\u00ed. Krom\u011b ekologie se nelze zbavit dojmu, \u017ee za t\u00edm stoj\u00ed d\u00e9monsk\u00e9 s\u00edly, pouze ekologie m\u00e1 smysl, ale ta byla zneu\u017eita.<\/p>\n<p>Cel\u00e1 ideov\u00e1 struktura je d\u00e1na jen a jen z\u00e1jmy siln\u00fdch sv\u011btov\u00fdch mocensk\u00fdch center sna\u017e\u00edc\u00edch se ovl\u00e1dnout st\u00e1ty zevnit\u0159. \u017d\u00e1dn\u00e1 z\u00a0ideologick\u00fdch tez\u00ed sama o sob\u011b v\u00fdznam nem\u00e1 a cokoliv z\u00a0nich klidn\u011b opust\u00ed b\u011bhem jednoho dne a zavede se t\u0159eba fa\u0161ismus, kter\u00fd prohl\u00e1s\u00ed za demokracii. Ani s\u00a0t\u00edm u\u017e nikdo z ob\u010dan\u016f nic norm\u00e1ln\u011b nenad\u011bl\u00e1, proto\u017ee demokracie nen\u00ed a svobodu u\u017e ob\u010dan\u00e9 ztratili d\u00e1vno.<\/p>\n<p>Establishment d\u00e1vno pojem vlast p\u0159esunul do oblasti nep\u0159ijateln\u00fdch sociecentrick\u00fdch pojm\u016f podobn\u00fdch fa\u0161ismu a nacismu (pohrdliv\u011b se mluvilo o flastenc\u00edch). Najednou v\u0161ak m\u00e1me proti Rusku za svoji vlast bojovat. Tak jak to vlastn\u011b je? Je vlastenectv\u00ed spr\u00e1vn\u00e9 nebo ne? V\u00a0tomto chaotick\u00e9m sv\u011bt\u011b opravdu z\u00e1le\u017e\u00ed pouze na ciz\u00edch z\u00e1jmech, kter\u00e9 se moment\u00e1ln\u011b prosazuj\u00ed.<\/p>\n<p>Pokud bychom m\u011bli svoje \u017eivoty polo\u017eit ve v\u00e1lce za takovou civilizaci, jakou jsem shora nazna\u010dil, nediv\u00edm se, \u017ee asi nikdo bojovat nebude a nemysl\u00edc\u00ed ubo\u017e\u00e1ci se budou divit, \u017ee lid\u00e9 necht\u011bj\u00ed br\u00e1nit svoji vlast. P\u0159itom br\u00e1nit vlast by bylo rozumn\u00e9 p\u0159edev\u0161\u00edm proti t\u00e9to \u00fapadkov\u00e9 civilizaci vym\u00edraj\u00edc\u00ed a degeneruj\u00edc\u00ed fyzicky i du\u0161evn\u011b, ve kter\u00e9 tvo\u0159\u00edme jakousi vykoupenou kolonii, bez mo\u017enosti cokoliv ovlivnit a se zmen\u0161uj\u00edc\u00ed se mo\u017enost\u00ed o sob\u011b rozhodovat.<\/p>\n<p><a href=\"https:\/\/zvedavec.news\/komentare\/2024\/03\/10001-nevime-kde-zijeme.htm\">Vlastimil Podrack\u00fd<\/a><\/p>\n<p>&nbsp;<\/p>\n<\/section>\n","protected":false},"excerpt":{"rendered":"<p>Charakter sou\u010dasn\u00e9ho \u017eivota se ned\u00e1 za\u0159adit k \u017e\u00e1dn\u00e9mu tradi\u010dn\u00edmu evropsk\u00e9mu ide\u00e1lu, ob\u010das se objev\u00ed n\u011bco&#8230;<\/p>\n","protected":false},"author":2,"featured_media":8823,"comment_status":"closed","ping_status":"closed","sticky":false,"template":"","format":"standard","meta":[],"categories":[6],"tags":[29,122,117],"_links":{"self":[{"href":"https:\/\/www.infokuryr.cz\/n\/wp-json\/wp\/v2\/posts\/48773"}],"collection":[{"href":"https:\/\/www.infokuryr.cz\/n\/wp-json\/wp\/v2\/posts"}],"about":[{"href":"https:\/\/www.infokuryr.cz\/n\/wp-json\/wp\/v2\/types\/post"}],"author":[{"embeddable":true,"href":"https:\/\/www.infokuryr.cz\/n\/wp-json\/wp\/v2\/users\/2"}],"replies":[{"embeddable":true,"href":"https:\/\/www.infokuryr.cz\/n\/wp-json\/wp\/v2\/comments?post=48773"}],"version-history":[{"count":1,"href":"https:\/\/www.infokuryr.cz\/n\/wp-json\/wp\/v2\/posts\/48773\/revisions"}],"predecessor-version":[{"id":48774,"href":"https:\/\/www.infokuryr.cz\/n\/wp-json\/wp\/v2\/posts\/48773\/revisions\/48774"}],"wp:featuredmedia":[{"embeddable":true,"href":"https:\/\/www.infokuryr.cz\/n\/wp-json\/wp\/v2\/media\/8823"}],"wp:attachment":[{"href":"https:\/\/www.infokuryr.cz\/n\/wp-json\/wp\/v2\/media?parent=48773"}],"wp:term":[{"taxonomy":"category","embeddable":true,"href":"https:\/\/www.infokuryr.cz\/n\/wp-json\/wp\/v2\/categories?post=48773"},{"taxonomy":"post_tag","embeddable":true,"href":"https:\/\/www.infokuryr.cz\/n\/wp-json\/wp\/v2\/tags?post=48773"}],"curies":[{"name":"wp","href":"https:\/\/api.w.org\/{rel}","templated":true}]}}