{"id":48770,"date":"2024-03-07T00:34:17","date_gmt":"2024-03-06T23:34:17","guid":{"rendered":"https:\/\/www.infokuryr.cz\/n\/?p=48770"},"modified":"2024-03-06T18:30:27","modified_gmt":"2024-03-06T17:30:27","slug":"odstranovani-pomniku-rude-armady-dorazilo-i-na-ceska-malo-mesta-prepisovani-historie-jede-na-plny-plyn","status":"publish","type":"post","link":"https:\/\/www.infokuryr.cz\/n\/2024\/03\/07\/odstranovani-pomniku-rude-armady-dorazilo-i-na-ceska-malo-mesta-prepisovani-historie-jede-na-plny-plyn\/","title":{"rendered":"Odstra\u0148ov\u00e1n\u00ed pomn\u00edk\u016f Rud\u00e9 arm\u00e1dy dorazilo i na \u010desk\u00e1 malo-m\u011bsta. P\u0159episov\u00e1n\u00ed historie jede na pln\u00fd plyn\u2026"},"content":{"rendered":"<div id=\"fb-root\"><\/div>\n<p>V Litom\u011b\u0159ic\u00edch rozhodlo <strong>zastupitelstvo, \u017ee nech\u00e1 odstranit pomn\u00edk Rud\u00e9 arm\u00e1dy z Jir\u00e1skov\u00fdch sad\u016f. Pomn\u00edk nesl n\u00e1pis \u010cest a sl\u00e1va Sov\u011btsk\u00e9 arm\u00e1d\u011b a bylo to vyj\u00e1d\u0159en\u00ed d\u00edku za osvobozen\u00ed od n\u011bmeck\u00fdch nacist\u016f.\u00a0<\/strong>Na odstran\u011bn\u00ed pomn\u00edku\u00a0<a href=\"https:\/\/www.idnes.cz\/usti\/zpravy\/litomerice-jiraskovy-sady-socha-pomnik-sovetska-armada-odstraneni-vojak.A240301_131551_usti-zpravy_grr\">se dohodly v\u0161echny hlavn\u00ed strany<\/a>.<\/p>\n<p>Nen\u00ed to prvn\u00ed podobn\u00fd po\u010din.\u00a0<strong>Jist\u011b jste u\u017e zaznamenali v posledn\u00edch letech zpr\u00e1vy z medi\u00ed, \u017ee Osv\u011btim osvobodili \u201espojenci\u201c, \u010di \u017ee 2. sv\u011btovou v\u00e1lku za\u010dal Sov\u011btsk\u00fd svata nikoliv N\u011bmecko. To ale byly pokusy z glob\u00e1ln\u00edch sf\u00e9r.<\/strong>\u00a0Tedy s<strong>e jedn\u00e1 o m\u00edstn\u00ed horlivce z \u201eokresn\u00edho malo m\u011bsta\u201c, kte\u0159\u00ed se sna\u017e\u00ed zal\u00edbit v Praze u stranick\u00e9ho veden\u00ed a rozd\u011blovatel\u016f grant\u016f a dotac\u00ed.<\/strong>\u00a0Nejenom na<strong>\u00a0\u00farovni politik\u016f. ale i \u201c pro re\u017eimn\u00edch aktivist\u016f\u201c.<\/strong> I oni se asi cht\u011bj\u00ed p\u0159is\u00e1t k n\u011bjak\u00e9mu pen\u011bzovodu dnes nebo v budoucnosti! Brzy se ur\u010dit\u011b p\u0159ipoj\u00ed i horlivci z jin\u00fdch \u010desk\u00fdch m\u011bst.<\/p>\n<p><a href=\"https:\/\/stranapro.cz\/\"><img decoding=\"async\" loading=\"lazy\" class=\"wp-image-40285 aligncenter\" src=\"http:\/\/www.infokuryr.cz\/n\/wp-content\/uploads\/2023\/11\/11pro-300x79.png\" alt=\"\" width=\"608\" height=\"160\" srcset=\"https:\/\/www.infokuryr.cz\/n\/wp-content\/uploads\/2023\/11\/11pro-300x79.png 300w, https:\/\/www.infokuryr.cz\/n\/wp-content\/uploads\/2023\/11\/11pro.png 363w\" sizes=\"(max-width: 608px) 100vw, 608px\" \/><\/a><\/p>\n<p>Co bude p\u0159\u00ed\u0161t\u011b? N\u00e1\u0159ek nad \u201e\u00fakladnou vra\u017edou\u201c R. Heydricha z rukou \u201e\u010desk\u00fdch \u017eold\u00e1k\u016f\u201c!? Relativizace odsun\u016f \u010desk\u00fdch \u017did\u016f do koncentra\u010dn\u00edch t\u00e1bor\u016f smrti s t\u00edm, \u017ee jim to \u201epat\u0159ilo za lichva\u0159en\u00ed\u201c!?\u00a0<strong>Komu a \u010demu m\u00e1 podobn\u00e9 p\u0159episov\u00e1n\u00ed d\u011bjin slou\u017eit?!<\/strong><\/p>\n<p>Podobn\u00ed\u00a0<strong>horlivci si \u0159e\u017eou v\u011btev, na kter\u00e9 sami sed\u00ed. To nesly\u0161eli o depopulaci, o likvidaci b\u00edl\u00e9ho \u010dlov\u011bka z rukou t\u011bch, kter\u00fdm se cht\u011bj\u00ed vl\u00edsat do p\u0159\u00edzn\u011b?!<\/strong><\/p>\n<p>Re\u017eimn\u00edm horlivc\u016fm vad\u00ed i pomn\u00edky Rudoarm\u011bjc\u016f. T\u011bch p\u0159i osvobozov\u00e1n\u00ed \u010cSR padlo skoro 140 tis\u00edc\u2026.<\/p>\n<p><a href=\"https:\/\/ceskavec.com\/2024\/03\/odstranovani-pomniku-rude-armady-prepisovani-historie-jede-na-plny-plyn\">\u010cesk\u00e1 v\u011bc<\/a><\/p>\n<p><img decoding=\"async\" loading=\"lazy\" class=\"alignnone wp-image-47634 aligncenter\" src=\"http:\/\/www.infokuryr.cz\/n\/wp-content\/uploads\/2024\/02\/Pozvanka_Praha-_23.3.24-300x229.jpg\" alt=\"\" width=\"743\" height=\"567\" srcset=\"https:\/\/www.infokuryr.cz\/n\/wp-content\/uploads\/2024\/02\/Pozvanka_Praha-_23.3.24-300x229.jpg 300w, https:\/\/www.infokuryr.cz\/n\/wp-content\/uploads\/2024\/02\/Pozvanka_Praha-_23.3.24.jpg 595w\" sizes=\"(max-width: 743px) 100vw, 743px\" \/><\/p>\n","protected":false},"excerpt":{"rendered":"<p>V Litom\u011b\u0159ic\u00edch rozhodlo zastupitelstvo, \u017ee nech\u00e1 odstranit pomn\u00edk Rud\u00e9 arm\u00e1dy z Jir\u00e1skov\u00fdch sad\u016f. Pomn\u00edk nesl&#8230;<\/p>\n","protected":false},"author":2,"featured_media":48771,"comment_status":"closed","ping_status":"closed","sticky":false,"template":"","format":"standard","meta":[],"categories":[6],"tags":[652,4871,610],"_links":{"self":[{"href":"https:\/\/www.infokuryr.cz\/n\/wp-json\/wp\/v2\/posts\/48770"}],"collection":[{"href":"https:\/\/www.infokuryr.cz\/n\/wp-json\/wp\/v2\/posts"}],"about":[{"href":"https:\/\/www.infokuryr.cz\/n\/wp-json\/wp\/v2\/types\/post"}],"author":[{"embeddable":true,"href":"https:\/\/www.infokuryr.cz\/n\/wp-json\/wp\/v2\/users\/2"}],"replies":[{"embeddable":true,"href":"https:\/\/www.infokuryr.cz\/n\/wp-json\/wp\/v2\/comments?post=48770"}],"version-history":[{"count":0,"href":"https:\/\/www.infokuryr.cz\/n\/wp-json\/wp\/v2\/posts\/48770\/revisions"}],"wp:featuredmedia":[{"embeddable":true,"href":"https:\/\/www.infokuryr.cz\/n\/wp-json\/wp\/v2\/media\/48771"}],"wp:attachment":[{"href":"https:\/\/www.infokuryr.cz\/n\/wp-json\/wp\/v2\/media?parent=48770"}],"wp:term":[{"taxonomy":"category","embeddable":true,"href":"https:\/\/www.infokuryr.cz\/n\/wp-json\/wp\/v2\/categories?post=48770"},{"taxonomy":"post_tag","embeddable":true,"href":"https:\/\/www.infokuryr.cz\/n\/wp-json\/wp\/v2\/tags?post=48770"}],"curies":[{"name":"wp","href":"https:\/\/api.w.org\/{rel}","templated":true}]}}