{"id":4876,"date":"2021-09-20T08:37:56","date_gmt":"2021-09-20T06:37:56","guid":{"rendered":"http:\/\/www.infokuryr.cz\/n\/?p=4876"},"modified":"2021-09-20T08:37:56","modified_gmt":"2021-09-20T06:37:56","slug":"francouzsky-general-neprimo-obvinil-z-oficialni-covid-propagandy-a-vakcinacniho-businessu-zidy","status":"publish","type":"post","link":"https:\/\/www.infokuryr.cz\/n\/2021\/09\/20\/francouzsky-general-neprimo-obvinil-z-oficialni-covid-propagandy-a-vakcinacniho-businessu-zidy\/","title":{"rendered":"Francouzsk\u00fd gener\u00e1l nep\u0159\u00edmo obvinil z ofici\u00e1ln\u00ed Covid propagandy a vakc\u00edna\u010dn\u00edho businessu \u017didy"},"content":{"rendered":"<div id=\"fb-root\"><\/div>\n<h1 class=\"entry-title\"><span style=\"font-size: 14pt;\">Francouzsk\u00fd gener\u00e1l nep\u0159\u00edmo obvinil z ofici\u00e1ln\u00ed Covid propagandy a vakc\u00edna\u010dn\u00edho businessu \u017didy. U\u017e ho vy\u0161et\u0159uje prokuratura a \u017eidovsk\u00e9 organizace po\u017eaduj\u00ed zp\u0159\u00edsn\u011bn\u00ed z\u00e1kon\u016f zakazuj\u00edc\u00ed kritiku \u017did\u016f<\/span><\/h1>\n<p>Francouzsk\u00fd gener\u00e1l v penzi \u00a0Dominique Delawarde asi nikdy ne\u010detl\u00a0<a href=\"https:\/\/fr.wikipedia.org\/wiki\/Voltaire\">Voltaira<\/a>. Jinak by znal jeho zn\u00e1m\u011b r\u010den\u00ed: \u201ckdy\u017e chce\u0161 v\u011bd\u011bt, kdo ti doopravdy vl\u00e1dne, pod\u00edvej se, koho nesm\u00ed\u0161 kritizovat\u201d.<\/p>\n<p><strong>Pak by si jist\u011b d\u00e1val pozor na jazyk ve sv\u00e9m rozhovoru, kdy z ofici\u00e1ln\u00ed korona propagandy (nekone\u010dn\u00e9 lockdowny, povinn\u00e9 o\u010dkov\u00e1n\u00ed, teror neo\u010dkovan\u00fdch atd.) obvinil ty, \u201ckte\u0159\u00ed vlastn\u00ed media\u201d po cel\u00e9m sv\u011bt\u011b a vyd\u011bl\u00e1vaj\u00ed na vakc\u00edn\u00e1ch. Na ot\u00e1zku redaktora, kdo to je odpov\u011bd\u011bl, \u017ee \u201ckdo\u201d (francouzsky Qui) a \u017ee ka\u017ed\u00fd v\u00ed, o koho se jedn\u00e1.<\/strong><\/p>\n<p>Jeho slova\u00a0<strong>dala vzniku anonymn\u00ed lidov\u00e9 iniciativy Qui, kter\u00e1 \u017e\u00e1d\u00e1 \u0159e\u0161en\u00ed corona teroru a potrest\u00e1n\u00ed jeho str\u016fjc\u016f.<\/strong><\/p>\n<p>To v<strong>yvolalo velk\u00e9 pobou\u0159en\u00ed mezi \u017eidovsk\u00fdmi organizacemi a pozadu nez\u016fstala ani francouzsk\u00e1 prokuratura, kter\u00e1 ho okam\u017eit\u011b za\u010dala vy\u0161et\u0159ovat kv\u016fli antisemitismu.<\/strong>\u00a0\u017didovsk\u00e9 organizace jako Combat antisemitism movement\u00a0<strong>po\u017eaduj\u00ed rychl\u00e9 p\u0159ijet\u00ed dal\u0161\u00edch z\u00e1kon\u016f, kter\u00e9 kritiku \u017did\u016f zcela zak\u00e1\u017eou pod hrozbou vysok\u00fdch trestn\u011b pr\u00e1vn\u00edch sankc\u00ed.\u00a0<\/strong>Prezident Macron (d\u0159\u00edve zam\u011bstnanec banky Rothchilds), kter\u00e9mu tajemn\u00e9 obrovsk\u00e9 pen\u00edze a podpora pomohly ke zvolen\u00ed do funkce prezidenta, jist\u011b nebude proti. Abych nebyl ch\u00e1pan \u0161patn\u011b, svoboda slova ve Franci ofici\u00e1ln\u011b existuje. Kdy\u017e nap\u0159\u00edklad \u017eidovsk\u00e9 organizace n\u011bkoho obvin\u00ed z neonacismu, nebo antisemitismu (by\u0165 zcela \u00fa\u010delov\u011b a nepr\u00e1vem), tak je to svoboda slova v\u017edy. Naopak to dopadne jako s gener\u00e1lem Delawerdem. Gener\u00e1l Delawerde bude nepochybn\u011b za sv\u00e1 slova odsouzen pro v\u00fdstrahu ostatn\u00edm a t\u0159eba za\u010dne kone\u010dn\u011b \u010d\u00edst francouzsk\u00e9 klasiky.<\/p>\n<p>Tak to v\u00e1\u017een\u00ed \u010dten\u00e1\u0159i je se svobodou slova\u00a0<strong>a projevu v liber\u00e1ln\u011b demokratick\u00e9 Francii, kterou mnoz\u00ed politici v \u010cR vz\u00fdvaj\u00ed jako sv\u016fj vzor.<\/strong><\/p>\n<p>Vztahy Francouz\u016f a \u017did\u016f byly v minulosti \u010dasto napjat\u00e9. \u017did\u00e9 byli dokonce n\u011bkolikr\u00e1t z Francie zcela vyhn\u00e1ni. Poprv\u00e9 v roce 1306, n\u00e1sledn\u011b se mohli vr\u00e1tit v roce 1315 a zase byli vyhn\u00e1ni v roce 1322, aby je pak panovn\u00edk Karel VI vyhnal definitivn\u011b 17\/9\/1394 a vr\u00e1tit se mohli a\u017e v 17. stolet\u00ed. D\u016fvody vyhn\u00e1n\u00ed tehdy nebyly n\u00e1bo\u017eensk\u00e9, ale lichva. Zapomenout nelze ani na Dreyfusovu af\u00e9ru a antisemitismus 19, stolet\u00ed. V sou\u010dasn\u00e9 dob\u011b jsou hlavn\u00edm zdrojem antisemitismu v Francii muslim\u0161t\u00ed uprchl\u00edci, ale ona gener\u00e1lem Delawerdem zmi\u0148ovan\u00e1 media z n\u011bho vin\u00ed \u201cb\u00edl\u00e9 neonacisty\u201d. Ve Francii v sou\u010dasnosti \u017eije asi 550 tis\u00edc \u017did\u016f (1% populace).<\/p>\n<p><a href=\"https:\/\/ceskavec.com\/2021\/09\/francouzsky-general-neprimo-obvinil-z-oficialni-corona-propagandy-a-vakcina-businessu-zidy-uz-ho-vysetruje-prokuratura-a-zidovske-organizace-pozaduji-zprisneni-zakonu-zakazujici-kritiku-zidu\">Jan Beran, Francie<\/a><\/p>\n<p>&nbsp;<\/p>\n","protected":false},"excerpt":{"rendered":"<p>Francouzsk\u00fd gener\u00e1l nep\u0159\u00edmo obvinil z ofici\u00e1ln\u00ed Covid propagandy a vakc\u00edna\u010dn\u00edho businessu \u017didy. U\u017e ho vy\u0161et\u0159uje&#8230;<\/p>\n","protected":false},"author":2,"featured_media":2867,"comment_status":"closed","ping_status":"closed","sticky":false,"template":"","format":"standard","meta":[],"categories":[7],"tags":[23,130,1051,92],"_links":{"self":[{"href":"https:\/\/www.infokuryr.cz\/n\/wp-json\/wp\/v2\/posts\/4876"}],"collection":[{"href":"https:\/\/www.infokuryr.cz\/n\/wp-json\/wp\/v2\/posts"}],"about":[{"href":"https:\/\/www.infokuryr.cz\/n\/wp-json\/wp\/v2\/types\/post"}],"author":[{"embeddable":true,"href":"https:\/\/www.infokuryr.cz\/n\/wp-json\/wp\/v2\/users\/2"}],"replies":[{"embeddable":true,"href":"https:\/\/www.infokuryr.cz\/n\/wp-json\/wp\/v2\/comments?post=4876"}],"version-history":[{"count":0,"href":"https:\/\/www.infokuryr.cz\/n\/wp-json\/wp\/v2\/posts\/4876\/revisions"}],"wp:featuredmedia":[{"embeddable":true,"href":"https:\/\/www.infokuryr.cz\/n\/wp-json\/wp\/v2\/media\/2867"}],"wp:attachment":[{"href":"https:\/\/www.infokuryr.cz\/n\/wp-json\/wp\/v2\/media?parent=4876"}],"wp:term":[{"taxonomy":"category","embeddable":true,"href":"https:\/\/www.infokuryr.cz\/n\/wp-json\/wp\/v2\/categories?post=4876"},{"taxonomy":"post_tag","embeddable":true,"href":"https:\/\/www.infokuryr.cz\/n\/wp-json\/wp\/v2\/tags?post=4876"}],"curies":[{"name":"wp","href":"https:\/\/api.w.org\/{rel}","templated":true}]}}