{"id":48742,"date":"2024-03-07T00:39:54","date_gmt":"2024-03-06T23:39:54","guid":{"rendered":"https:\/\/www.infokuryr.cz\/n\/?p=48742"},"modified":"2024-03-06T17:17:10","modified_gmt":"2024-03-06T16:17:10","slug":"madarsko-podporuje-protesty-farmaru-a-vyzyva-eu-aby-se-vratila-k-normalu","status":"publish","type":"post","link":"https:\/\/www.infokuryr.cz\/n\/2024\/03\/07\/madarsko-podporuje-protesty-farmaru-a-vyzyva-eu-aby-se-vratila-k-normalu\/","title":{"rendered":"Ma\u010farsko podporuje protesty farm\u00e1\u0159\u016f a vyz\u00fdv\u00e1 EU, aby se \u201evr\u00e1tila k norm\u00e1lu\u201c"},"content":{"rendered":"<div id=\"fb-root\"><\/div>\n<p><span style=\"font-size: 18pt;\"><strong>Evropsk\u00e9 trhy jsou zaplavov\u00e1ny levn\u00fdmi a nekvalitn\u00edmi ukrajinsk\u00fdmi zem\u011bd\u011blsk\u00fdmi produkty, \u0159\u00edk\u00e1 ma\u010farsk\u00fd ministr zem\u011bd\u011blstv\u00ed<\/strong><\/span><\/p>\n<p><span>Zat\u00edmco mnoho evropsk\u00fdch v\u016fdc\u016f sleduje protesty farm\u00e1\u0159\u016f, kter\u00e9 zachv\u00e1tily evropsk\u00fd kontinent s nar\u016fstaj\u00edc\u00edm znepokojen\u00edm nebo dokonce p\u0159\u00edm\u00fdm nep\u0159\u00e1telstv\u00edm, ma\u010farsk\u00e1 vl\u00e1da je aktivn\u011b p\u0159ijala.\u00a0Vl\u00e1da nyn\u00ed vyz\u00fdv\u00e1 EU, aby reformovala a zm\u011bnila kurz v ot\u00e1zce zem\u011bd\u011blstv\u00ed.<\/span><\/p>\n<p><span>\u201eV Ma\u010farsku vznikla strategick\u00e1 aliance mezi vl\u00e1dou a farm\u00e1\u0159i, tak\u017ee d\u011bl\u00e1me maximum, abychom p\u0159inutili Brusel zm\u011bnit kurz, co\u017e znamen\u00e1 n\u00e1vrat k principu normality,\u201c \u0159ekl\u00a0<\/span><a class=\"ek-link\" href=\"https:\/\/www.magyarhirlap.hu\/gazdasag\/20240305-nagy-istvan-brusszel-elarulta-az-europai-gazdakat\"><span>ministr zem\u011bd\u011blstv\u00ed Istv\u00e1n Nagy<\/span><\/a><span>\u00a0p\u0159i zast\u00e1vce v Hajd\u00fa-Biharu. Okres b\u011bhem celost\u00e1tn\u00ed zem\u011bd\u011blsk\u00e9 cesty, podle prohl\u00e1\u0161en\u00ed vydan\u00e9ho ministerstvem zem\u011bd\u011blstv\u00ed v \u00fater\u00fd.<\/span><\/p>\n<p><span>Zem\u011bd\u011blci nyn\u00ed poci\u0165uj\u00ed, \u017ee jejich trhy napadaj\u00ed nekontrolovan\u00e9 ukrajinsk\u00e9 zem\u011bd\u011blsk\u00e9 produkty, kter\u00e9 nemus\u00ed spl\u0148ovat v\u00fdrobn\u00ed normy EU.\u00a0Ministr dodal, \u017ee je\u0161t\u011b nikdy nebylo zem\u011bd\u011blstv\u00ed v Evropsk\u00e9 unii tak p\u0159et\u00ed\u017eeno zelenou ideologi\u00ed.<\/span><\/p>\n<p><span>Nagy podle prohl\u00e1\u0161en\u00ed uvedl, \u017ee v Ma\u010farsku se mohou v\u00fdrobci za v\u0161ech okolnost\u00ed spolehnout na ma\u010farskou vl\u00e1du, kter\u00e1 se v nejt\u011b\u017e\u0161\u00edch \u010dasech rozhodla zv\u00fd\u0161it m\u00edru n\u00e1rodn\u00edho spolufinancov\u00e1n\u00ed na 80 procent.\u00a0V leto\u0161n\u00edm roce se 2,9 bilionu HUF (7,36 miliardy EUR) z fond\u016f rozvoje venkova za\u010dne vyu\u017e\u00edvat ve prosp\u011bch ma\u010farsk\u00e9ho venkova, zem\u011bd\u011blstv\u00ed a produkce potravin, z nich\u017e vl\u00e1da p\u0159id\u00e1 dal\u0161\u00edch 2,3 bilionu HUF k 6 bilion\u016fm HUF Financov\u00e1n\u00ed EU do roku 2027, \u0159ekl ministr.<\/span><\/p>\n<p><span>Uvedl tak\u00e9, \u017ee ma\u010farsk\u00e1 st\u00e1tn\u00ed pokladna ji\u017e do poloviny \u00fanora v souvislosti s leto\u0161n\u00edmi jednotn\u00fdmi \u017e\u00e1dostmi vyplatila celkem 419 miliard HUF p\u0159edem a d\u00edl\u010d\u00ed platby v\u00edce ne\u017e 152 000 zem\u011bd\u011blc\u016fm.\u00a0Zapom\u00ednat by se podle n\u011bj nem\u011blo ani na sch\u00e9mata podpory likvidity.<\/span><\/p>\n<p><span>S ohledem na pot\u0159eby financov\u00e1n\u00ed zem\u011bd\u011blstv\u00ed je zavedena Zem\u011bd\u011blsk\u00e1 Sz\u00e9chenyi Card MAX+ s celkov\u00fdm ro\u010dn\u00edm \u00farokov\u00fdm zat\u00ed\u017een\u00edm 5 procent, podpo\u0159en\u00e1 vysok\u00fdmi st\u00e1tn\u00edmi dotacemi a \u00fav\u011brov\u00e9 smlouvy lze uzav\u00edrat do 29. \u010dervna. dobrovoln\u00fd \u00farokov\u00fd strop, kter\u00fd stanov\u00ed, \u017ee od 1. ledna nesm\u00ed b\u00fdt \u00farokov\u00e1 sazba u nov\u00fdch \u00fav\u011brov\u00fdch smluv na nov\u00e9 podnikatelsk\u00e9 \u00fav\u011bry vy\u0161\u0161\u00ed ne\u017e 9,9 procenta.\u00a0Zmrazen\u00ed \u00farokov\u00fdch sazeb bylo nav\u00edc prodlou\u017eeno do 1. dubna.<\/span><\/p>\n<p><span>Nagy zd\u016fraznil, \u017ee ma\u010farsk\u00e1 vl\u00e1da d\u011bl\u00e1 maximum pro zachov\u00e1n\u00ed t\u011bchto dotac\u00ed, proto\u017ee zem\u011bd\u011blci v t\u011bchto t\u011b\u017ek\u00fdch \u010dasech pot\u0159ebuj\u00ed ka\u017ed\u00fd forint.\u00a0To je d\u016fvod, pro\u010d, stejn\u011b jako v minulosti, mohou zem\u011bd\u011blci po\u010d\u00edtat s ma\u010farskou vl\u00e1dou, \u0159ekl.<\/span><\/p>\n<p><img decoding=\"async\" loading=\"lazy\" class=\"alignnone size-full wp-image-1185\" src=\"http:\/\/www.infokuryr.cz\/n\/wp-content\/uploads\/2021\/04\/kuryr-podpis.png\" alt=\"\" width=\"84\" height=\"24\" \/><\/p>\n<p>&nbsp;<\/p>\n","protected":false},"excerpt":{"rendered":"<p>Evropsk\u00e9 trhy jsou zaplavov\u00e1ny levn\u00fdmi a nekvalitn\u00edmi ukrajinsk\u00fdmi zem\u011bd\u011blsk\u00fdmi produkty, \u0159\u00edk\u00e1 ma\u010farsk\u00fd ministr zem\u011bd\u011blstv\u00ed Zat\u00edmco&#8230;<\/p>\n","protected":false},"author":2,"featured_media":48743,"comment_status":"closed","ping_status":"closed","sticky":false,"template":"","format":"standard","meta":[],"categories":[7],"tags":[41,2739,78],"_links":{"self":[{"href":"https:\/\/www.infokuryr.cz\/n\/wp-json\/wp\/v2\/posts\/48742"}],"collection":[{"href":"https:\/\/www.infokuryr.cz\/n\/wp-json\/wp\/v2\/posts"}],"about":[{"href":"https:\/\/www.infokuryr.cz\/n\/wp-json\/wp\/v2\/types\/post"}],"author":[{"embeddable":true,"href":"https:\/\/www.infokuryr.cz\/n\/wp-json\/wp\/v2\/users\/2"}],"replies":[{"embeddable":true,"href":"https:\/\/www.infokuryr.cz\/n\/wp-json\/wp\/v2\/comments?post=48742"}],"version-history":[{"count":0,"href":"https:\/\/www.infokuryr.cz\/n\/wp-json\/wp\/v2\/posts\/48742\/revisions"}],"wp:featuredmedia":[{"embeddable":true,"href":"https:\/\/www.infokuryr.cz\/n\/wp-json\/wp\/v2\/media\/48743"}],"wp:attachment":[{"href":"https:\/\/www.infokuryr.cz\/n\/wp-json\/wp\/v2\/media?parent=48742"}],"wp:term":[{"taxonomy":"category","embeddable":true,"href":"https:\/\/www.infokuryr.cz\/n\/wp-json\/wp\/v2\/categories?post=48742"},{"taxonomy":"post_tag","embeddable":true,"href":"https:\/\/www.infokuryr.cz\/n\/wp-json\/wp\/v2\/tags?post=48742"}],"curies":[{"name":"wp","href":"https:\/\/api.w.org\/{rel}","templated":true}]}}