{"id":48739,"date":"2024-03-07T00:38:53","date_gmt":"2024-03-06T23:38:53","guid":{"rendered":"https:\/\/www.infokuryr.cz\/n\/?p=48739"},"modified":"2024-03-06T17:13:48","modified_gmt":"2024-03-06T16:13:48","slug":"pruzkum-vetsina-nemcu-je-proti-dodavani-rizenych-strel-taurus-na-ukrajinu","status":"publish","type":"post","link":"https:\/\/www.infokuryr.cz\/n\/2024\/03\/07\/pruzkum-vetsina-nemcu-je-proti-dodavani-rizenych-strel-taurus-na-ukrajinu\/","title":{"rendered":"Pr\u016fzkum: V\u011bt\u0161ina N\u011bmc\u016f je proti dod\u00e1v\u00e1n\u00ed \u0159\u00edzen\u00fdch st\u0159el Taurus na Ukrajinu"},"content":{"rendered":"<div id=\"fb-root\"><\/div>\n<p><strong><span>Podle pr\u016fzkumu, kter\u00fd pro\u00a0<\/span><a href=\"https:\/\/www.dpa.com\/en\"><span>tiskovou agenturu DPA provedl institut YouGov,<\/span><\/a><span>\u00a0asi 60 % n\u011bmeck\u00fdch ob\u010dan\u016f odm\u00edt\u00e1 dod\u00e1vku \u0159\u00edzen\u00fdch st\u0159el Taurus na Ukrajinu.<\/span><\/strong><\/p>\n<p><span>\u00dadaje z pr\u016fzkumu tak\u00e9 ukazuj\u00ed na pokles podpory t\u00e9to iniciativy od za\u010d\u00e1tku \u00fanora leto\u0161n\u00edho roku.\u00a0V pr\u016fzkumu od 2. do 6. \u00fanora se pro stejnou ot\u00e1zku vyslovilo 31 procent a pouze 49 procent bylo proti.<\/span><\/p>\n<p><strong><span>Nejagresivn\u011bj\u0161\u00ed zevnit\u0159<\/span><\/strong><\/p>\n<p><span>Z voli\u010d\u016f jsou\u00a0pro uvoln\u011bn\u00ed zbrojn\u00edho syst\u00e9mu pro ukrajinsk\u00e9 ozbrojen\u00e9 s\u00edly drtivou v\u011bt\u0161inou pouze\u00a0<\/span><span>p\u0159\u00edznivci Zelen\u00fdch, a to 48 procent ku 36 procent\u016fm.\u00a0<\/span><span>Mezi voli\u010di Unie (38 procent pro, 49 procent proti) a FDP (\u00a034 procent pro, 53 procent proti) p\u0159eva\u017euje po\u010det odp\u016frc\u016f, uv\u00e1d\u00ed\u00a0<\/span><em><span>zeit.de.\u00a0<\/span><\/em><span>To, \u017ee zde nen\u00ed prezentov\u00e1n n\u00e1zor p\u0159\u00edznivc\u016f AfD, dob\u0159e zapad\u00e1 do obrazu \u201edemokratick\u00e9ho\u201c zpravodajstv\u00ed.\u00a0N\u00e1zory norm\u00e1ln\u00edch myslitel\u016f jsou v t\u00e9to \u201eotev\u0159en\u00e9\u201c a \u201epluralistick\u00e9\u201c spole\u010dnosti zaml\u010dov\u00e1ny.<\/span><\/p>\n<p><span>Z celkov\u00e9ho po\u010dtu respondent\u016f se proti dod\u00e1vk\u00e1m raket postavilo 58 % a pouze 28 % tuto my\u0161lenku podpo\u0159ilo.\u00a031 % respondent\u016f kategoricky odm\u00edt\u00e1 vojenskou pomoc Ukrajin\u011b.<\/span><\/p>\n<p><span>Podpora N\u011bmc\u016f pro kancl\u00e9\u0159\u010dino odm\u00edtnut\u00ed vysl\u00e1n\u00ed pozemn\u00edch jednotek na Ukrajinu je je\u0161t\u011b jasn\u011bj\u0161\u00ed.\u00a072 procent se domn\u00edv\u00e1, \u017ee je spr\u00e1vn\u00e9 takov\u00fd krok jednou prov\u017edy vylou\u010dit.\u00a0Pouze 16 procent si mysl\u00ed, \u017ee feder\u00e1ln\u00ed vl\u00e1da by m\u011bla mo\u017enost ponechat otev\u0159enou.\u00a0Dv\u011b procenta dot\u00e1zan\u00fdch jsou pro okam\u017eit\u00e9 vysl\u00e1n\u00ed n\u011bmeck\u00fdch voj\u00e1k\u016f do v\u00e1le\u010dn\u00e9 z\u00f3ny.\u00a0Pochodovali by tito kandid\u00e1ti na sebevra\u017edu tak\u00e9 sami?<\/span><\/p>\n<p><img decoding=\"async\" loading=\"lazy\" class=\"alignnone size-full wp-image-1185\" src=\"http:\/\/www.infokuryr.cz\/n\/wp-content\/uploads\/2021\/04\/kuryr-podpis.png\" alt=\"\" width=\"84\" height=\"24\" \/><\/p>\n<p>&nbsp;<\/p>\n","protected":false},"excerpt":{"rendered":"<p>Podle pr\u016fzkumu, kter\u00fd pro\u00a0tiskovou agenturu DPA provedl institut YouGov,\u00a0asi 60 % n\u011bmeck\u00fdch ob\u010dan\u016f odm\u00edt\u00e1 dod\u00e1vku&#8230;<\/p>\n","protected":false},"author":2,"featured_media":48740,"comment_status":"closed","ping_status":"closed","sticky":false,"template":"","format":"standard","meta":[],"categories":[7],"tags":[84,620,349,26],"_links":{"self":[{"href":"https:\/\/www.infokuryr.cz\/n\/wp-json\/wp\/v2\/posts\/48739"}],"collection":[{"href":"https:\/\/www.infokuryr.cz\/n\/wp-json\/wp\/v2\/posts"}],"about":[{"href":"https:\/\/www.infokuryr.cz\/n\/wp-json\/wp\/v2\/types\/post"}],"author":[{"embeddable":true,"href":"https:\/\/www.infokuryr.cz\/n\/wp-json\/wp\/v2\/users\/2"}],"replies":[{"embeddable":true,"href":"https:\/\/www.infokuryr.cz\/n\/wp-json\/wp\/v2\/comments?post=48739"}],"version-history":[{"count":1,"href":"https:\/\/www.infokuryr.cz\/n\/wp-json\/wp\/v2\/posts\/48739\/revisions"}],"predecessor-version":[{"id":48741,"href":"https:\/\/www.infokuryr.cz\/n\/wp-json\/wp\/v2\/posts\/48739\/revisions\/48741"}],"wp:featuredmedia":[{"embeddable":true,"href":"https:\/\/www.infokuryr.cz\/n\/wp-json\/wp\/v2\/media\/48740"}],"wp:attachment":[{"href":"https:\/\/www.infokuryr.cz\/n\/wp-json\/wp\/v2\/media?parent=48739"}],"wp:term":[{"taxonomy":"category","embeddable":true,"href":"https:\/\/www.infokuryr.cz\/n\/wp-json\/wp\/v2\/categories?post=48739"},{"taxonomy":"post_tag","embeddable":true,"href":"https:\/\/www.infokuryr.cz\/n\/wp-json\/wp\/v2\/tags?post=48739"}],"curies":[{"name":"wp","href":"https:\/\/api.w.org\/{rel}","templated":true}]}}