{"id":48736,"date":"2024-03-07T00:37:01","date_gmt":"2024-03-06T23:37:01","guid":{"rendered":"https:\/\/www.infokuryr.cz\/n\/?p=48736"},"modified":"2024-03-06T17:08:38","modified_gmt":"2024-03-06T16:08:38","slug":"zelenym-vadi-nedostatek-otevrenosti-technologiim-chteji-kompostovat-mrtvoly","status":"publish","type":"post","link":"https:\/\/www.infokuryr.cz\/n\/2024\/03\/07\/zelenym-vadi-nedostatek-otevrenosti-technologiim-chteji-kompostovat-mrtvoly\/","title":{"rendered":"Zelen\u00fdm vad\u00ed nedostatek \u201eotev\u0159enosti technologi\u00edm\u201c: cht\u011bj\u00ed kompostovat mrtvoly"},"content":{"rendered":"<div id=\"fb-root\"><\/div>\n<p><strong><span>Likvidace mrtv\u00fdch v kompostu: Je to \u0161etrn\u00e9 k \u017eivotn\u00edmu prost\u0159ed\u00ed a klimatu, v\u011b\u0159\u00ed zast\u00e1nci takzvan\u00e9ho \u201ere-intermentu\u201c.\u00a0Ve \u0160lesvicku-Hol\u0161t\u00fdnsku byla prvn\u00ed mrtvola rychle zkompostov\u00e1na v roce 2022: zesnul\u00ed jsou zabaleni do \u201ekokonu\u201c, kter\u00fd se mus\u00ed pravideln\u011b ot\u00e1\u010det, aby se tekutina z mrtvoly rozprost\u0159ela, a po \u010dty\u0159iceti dnech jsou zb\u00fdvaj\u00edc\u00ed kosti rozemlety, aby se mohly p\u0159im\u00edchat.\u00a0Co zbylo, je humus.\u00a0Zelen\u00ed nyn\u00ed cht\u011bj\u00ed tuto formu poh\u0159b\u00edv\u00e1n\u00ed zav\u00e9st v Braniborsku \u2013 a vad\u00ed jim, \u017ee to ministerstvo vnitra pova\u017euje za neuctiv\u00e9.<\/span><\/strong><\/p>\n<p><span>\u201eTransformace\u201c na p\u016fdu v \u200b\u200bkv\u011btin\u00e1\u010di: Pro zast\u00e1nce narativu o klimatu a zelen\u00e9 ideologie to zn\u00ed vylo\u017een\u011b romanticky.\u00a0Spole\u010dnost \u201e\u00a0<\/span><a href=\"https:\/\/www.meine-erde.de\/?utm_source=reerdigung\" target=\"_blank\" rel=\"noreferrer noopener\"><span>Meine Erde<\/span><\/a><span>\u00a0\u201c na sv\u00fdch str\u00e1nk\u00e1ch ukazuje velkou plastovou vanu na poli s n\u00e1zvem \u201eNejkr\u00e1sn\u011bj\u0161\u00ed zp\u016fsob pobytu\u201c.\u00a0Je jedin\u00fdm poskytovatelem rychl\u00e9ho kompostov\u00e1n\u00ed mrtvol v N\u011bmecku \u2013 tzv. \u201ere-interment\u201c.<\/span><\/p>\n<p><span>Za t\u00edmto\u00a0<\/span><a href=\"https:\/\/www.meine-erde.de\/reerdigung\" target=\"_blank\" rel=\"noreferrer noopener\"><span>\u00fa\u010delem<\/span><\/a><span>\u00a0je zesnul\u00fd um\u00edst\u011bn do \u201ekokonu\u201c vyroben\u00e9ho z recyklovan\u00e9ho plastu napln\u011bn\u00e9ho senem, sl\u00e1mou a biouhlem.\u00a0Tento kokon je t\u0159eba pravideln\u011b v\u011btrat a p\u0159emis\u0165ovat, aby se vlhkost a tekutina mohly \u0161\u00ed\u0159it.\u00a0Mikroorganismy pak t\u011blo rozlo\u017e\u00ed do \u010dty\u0159iceti dn\u016f.\u00a0Z\u016fstanou kosti, kter\u00e9 se n\u00e1sledn\u011b rozem\u00edlaj\u00ed a zam\u00edchaj\u00ed.\u00a0Podle webu spole\u010dnosti \u201eMy Earth\u201c m\u00e1 mrtv\u00fd \u201en\u011bco vr\u00e1tit\u201c sv\u011btu s takto vytvo\u0159enou zem\u00ed.<\/span><\/p>\n<p><span>Hlavn\u00edm \u201eprodejn\u00edm m\u00edstem\u201c je vysok\u00e1 spot\u0159eba energie p\u0159i kremaci: \u201eVzhledem k sou\u010dasn\u00fdm cen\u00e1m energi\u00ed by op\u011btovn\u00e9 poh\u0159ben\u00ed m\u011blo nejen chr\u00e1nit \u017eivotn\u00ed prost\u0159ed\u00ed, ale tak\u00e9 \u0161et\u0159it n\u00e1klady,\u201c diskutovalo NDR u p\u0159\u00edle\u017eitosti jednoho z prvn\u00edch\u00a0<\/span><a href=\"https:\/\/www.ndr.de\/nachrichten\/schleswig-holstein\/Neue-Form-der-Beerdigung-In-Stockelsdorf-werden-Leichen-kompostiert,beerdigung160.html\" target=\"_blank\" rel=\"noreferrer noopener\"><span>re<\/span><\/a><span> -interments ve Stockelsdorfu v roce 2022. Spot\u0159eba energie Spalov\u00e1n\u00ed p\u0159irozen\u011b znamen\u00e1 tak\u00e9 vysok\u00e9 emise CO\u2082 \u2013 absurdita pro klimatickou sektu.<\/span><\/p>\n<p><span>V\u016fbec prvn\u00ed re-interment v N\u011bmecku se uskute\u010dnil v M\u00f6llnu v \u00fanoru 2022 jako sou\u010d\u00e1st pilotn\u00edho projektu.\u00a0Druh\u00e9 takzvan\u00e9 Alvarium bylo otev\u0159eno v Kielu v roce 2023.\u00a0Od roku 2023 existuje tak\u00e9 nadace, kter\u00e1 na sv\u00fdch\u00a0<\/span><a href=\"https:\/\/www.reerdigung.de\/\" target=\"_blank\" rel=\"noreferrer noopener\"><span>webov\u00fdch str\u00e1nk\u00e1ch<\/span><\/a><span>\u00a0popisuje sv\u00e9 obavy takto:<\/span><\/p>\n<p><em>Od kv\u011btna 2023 se neziskov\u00e1 nadace Reerdigung Foundation zav\u00e1zala k \u0161\u00ed\u0159en\u00ed a p\u0159ij\u00edm\u00e1n\u00ed inovativn\u00ed formy poh\u0159bu, Reerdigung.\u00a0Aktivn\u011b pracuje na podpo\u0159e zelen\u00e9 transformace poh\u0159ebn\u00ed kultury s c\u00edlem pos\u00edlit ochranu \u017eivotn\u00edho prost\u0159ed\u00ed a klimatu.<\/em><\/p>\n<h3 id=\"h-versuch-der-legalisierung-laut-experten-komplett-irre\" class=\"wp-block-heading\"><span style=\"font-size: 18pt;\">Pokus o legalizaci je podle odborn\u00edk\u016f \u201enaprosto \u0161\u00edlen\u00fd\u201c!<\/span><\/h3>\n<p><span>Od t\u00e9 doby se o kompostov\u00e1n\u00ed zelen\u00fdch mrtvol znovu a znovu diskutuje.\u00a0Kielsk\u00fd zemsk\u00fd parlament chce formu poh\u0159bu d\u00e1le testovat.\u00a0<\/span><a href=\"https:\/\/www.msn.com\/de-de\/nachrichten\/other\/kompostierung-von-leichen-experte-bezeichnet-reerdigung-als-komplett-irren-vorgang\/ar-AA1h8XaH\" target=\"_blank\" rel=\"noreferrer noopener\"><span>Profesor pr\u00e1va specializuj\u00edc\u00ed se na h\u0159bitovn\u00ed a poh\u0159ebn\u00ed pr\u00e1vo popsal<\/span><\/a><span>\u00a0navrhovan\u00e9 schv\u00e1len\u00ed kompostov\u00e1n\u00ed mrtvol jako \u201ezcela \u0161\u00edlen\u00fd proces\u201c a odkazoval na\u00a0<\/span><strong><span>\u201e\u010detn\u00e9 v\u011bdeck\u00e9 a l\u00e9ka\u0159sk\u00e9 probl\u00e9my, v\u010detn\u011b s ohledem na biologickou bezpe\u010dnost procesu rozkladu\u201c.<\/span><\/strong><\/p>\n<p><span>\u201eS informacemi prezentovan\u00fdmi o \u201aop\u011btovn\u00e9m poh\u0159bu\u2018 nebylo mo\u017en\u00e9 prok\u00e1zat, \u017ee lze vylou\u010dit zdravotn\u00ed rizika pro obyvatelstvo.\u00a0Velk\u00fd v\u00fdznam je nav\u00edc v poh\u0159ebn\u00edm pr\u00e1vu p\u0159ikl\u00e1d\u00e1n z\u00e1kladn\u00edmu pr\u00e1vu na neru\u0161en\u00fd klid a m\u00edr,\u201c uv\u00e1d\u00ed hodnocen\u00ed Ministerstva zdravotnictv\u00ed Severn\u00edho Por\u00fdn\u00ed-Vestf\u00e1lska z \u010dervna 2023. O klidu a m\u00edru samoz\u0159ejm\u011b nem\u016f\u017ee b\u00fdt \u0159e\u010d. pokud se \u201ekokon\u201c pravideln\u011b houpe a ot\u00e1\u010d\u00ed, aby se v n\u011bm tekutina dostate\u010dn\u011b rozprost\u0159ela.<\/span><\/p>\n<p><span>Schv\u00e1len\u00ed projektu v M\u00f6llnu bylo zalo\u017eeno na zpr\u00e1v\u011b pr\u00e1vn\u00edka, kter\u00fd je man\u017eelem jednatele \u201eStiftung Reerdigung\u201c \u2013 dce\u0159in\u00e9 spole\u010dnosti \u201eMein Erde\u201c.\u00a0Gener\u00e1ln\u00ed \u0159editel \u201eMy Earth\u201c v t\u00e9to souvislosti nevid\u011bl \u017e\u00e1dn\u00fd probl\u00e9m.\u00a0Kritici to vid\u00ed jinak.<\/span><\/p>\n<h3 id=\"h-gruner-vorstoss-auch-in-brandenburg\" class=\"wp-block-heading\"><span style=\"font-size: 18pt;\">Green push tak\u00e9 v Braniborsku<\/span><\/h3>\n<p><span>Mezit\u00edm se tak\u00e9 zelen\u00ed v Braniborsku stali posedl\u00ed kompostov\u00e1n\u00edm mrtvol.\u00a0Poslanec za Zelen\u00e9 Heiner Klemp vznesl\u00a0<\/span><a href=\"https:\/\/gruene-fraktion-brandenburg.de\/im-parlament\/kleine-anfragen\/reerdigung\" target=\"_blank\" rel=\"noreferrer noopener\"><span>\u017e\u00e1dost<\/span><\/a><span>\u00a0na braniborsk\u00e9 ministerstvo vnitra \u2013 a odpov\u011b\u010f ho na\u0161tvala, jak uvedl\u00a0<\/span><a href=\"https:\/\/www.rbb24.de\/panorama\/beitrag\/2024\/03\/brandenburg-bestattung-reerdigung-kompostierung-innenministerium.html\" target=\"_blank\" rel=\"noreferrer noopener\"><span>rbb<\/span><\/a><span>\u00a0.\u00a0Ministerstvo vnitra zjistilo,\u00a0<\/span><strong><span>\u017ee neust\u00e1l\u00e9 ot\u00e1\u010den\u00ed ch\u00e1traj\u00edc\u00edch zesnul\u00fdch neodpov\u00edd\u00e1 uctiv\u00e9mu zach\u00e1zen\u00ed s mrtv\u00fdmi a \u017ee \u201erychl\u00fd proces kompostov\u00e1n\u00ed\u201c naru\u0161uje d\u016fstojnost zesnul\u00fdch.\u00a0<\/span><\/strong><span>Proto se nepl\u00e1nuj\u00ed \u017e\u00e1dn\u00e9 snahy uznat znovupoh\u0159eb jako formu poh\u0159bu.<\/span><\/p>\n<p><span>Klemp si nemysl\u00ed, \u017ee kompostov\u00e1n\u00ed mrtv\u00fdch je neuctiv\u00e9.\u00a0Rbb doslova p\u00ed\u0161e: \u201eKlemp \u0159\u00edk\u00e1, \u017ee by v t\u00e9to oblasti r\u00e1d vid\u011bl \u201atechnologickou otev\u0159enost\u2018.\u201c\u00a0To je zaj\u00edmav\u00fd po\u017eadavek strany, kter\u00e1 chce zak\u00e1zat spalovac\u00ed motory a na\u0159\u00eddit tepeln\u00e1 \u010derpadla jako technologii vyt\u00e1p\u011bn\u00ed.<\/span><\/p>\n<p><span>Jin\u00e9 frakce v Braniborsku jsou k rychl\u00e9mu kompostov\u00e1n\u00ed mrtv\u00fdch lid\u00ed skeptick\u00e9.\u00a0<\/span><strong><span>AfD to odm\u00edt\u00e1.\u00a0P\u0159edseda parlamentn\u00ed skupiny Hans-Christoph Berndt to shrnul slovy: \u201eNa\u0161i mrtv\u00ed nejsou biomasa.\u201c<\/span><\/strong><span>\u00a0Mnoho ob\u010dan\u016f s t\u00edmto n\u00e1zorem pravd\u011bpodobn\u011b souhlas\u00ed.<\/span><\/p>\n<p><img decoding=\"async\" loading=\"lazy\" class=\"alignnone size-full wp-image-1185\" src=\"http:\/\/www.infokuryr.cz\/n\/wp-content\/uploads\/2021\/04\/kuryr-podpis.png\" alt=\"\" width=\"84\" height=\"24\" \/><\/p>\n<p>&nbsp;<\/p>\n","protected":false},"excerpt":{"rendered":"<p>Likvidace mrtv\u00fdch v kompostu: Je to \u0161etrn\u00e9 k \u017eivotn\u00edmu prost\u0159ed\u00ed a klimatu, v\u011b\u0159\u00ed zast\u00e1nci takzvan\u00e9ho&#8230;<\/p>\n","protected":false},"author":2,"featured_media":48737,"comment_status":"closed","ping_status":"closed","sticky":false,"template":"","format":"standard","meta":[],"categories":[7],"tags":[353,84,6908,103],"_links":{"self":[{"href":"https:\/\/www.infokuryr.cz\/n\/wp-json\/wp\/v2\/posts\/48736"}],"collection":[{"href":"https:\/\/www.infokuryr.cz\/n\/wp-json\/wp\/v2\/posts"}],"about":[{"href":"https:\/\/www.infokuryr.cz\/n\/wp-json\/wp\/v2\/types\/post"}],"author":[{"embeddable":true,"href":"https:\/\/www.infokuryr.cz\/n\/wp-json\/wp\/v2\/users\/2"}],"replies":[{"embeddable":true,"href":"https:\/\/www.infokuryr.cz\/n\/wp-json\/wp\/v2\/comments?post=48736"}],"version-history":[{"count":1,"href":"https:\/\/www.infokuryr.cz\/n\/wp-json\/wp\/v2\/posts\/48736\/revisions"}],"predecessor-version":[{"id":48738,"href":"https:\/\/www.infokuryr.cz\/n\/wp-json\/wp\/v2\/posts\/48736\/revisions\/48738"}],"wp:featuredmedia":[{"embeddable":true,"href":"https:\/\/www.infokuryr.cz\/n\/wp-json\/wp\/v2\/media\/48737"}],"wp:attachment":[{"href":"https:\/\/www.infokuryr.cz\/n\/wp-json\/wp\/v2\/media?parent=48736"}],"wp:term":[{"taxonomy":"category","embeddable":true,"href":"https:\/\/www.infokuryr.cz\/n\/wp-json\/wp\/v2\/categories?post=48736"},{"taxonomy":"post_tag","embeddable":true,"href":"https:\/\/www.infokuryr.cz\/n\/wp-json\/wp\/v2\/tags?post=48736"}],"curies":[{"name":"wp","href":"https:\/\/api.w.org\/{rel}","templated":true}]}}