{"id":48711,"date":"2024-03-06T06:05:48","date_gmt":"2024-03-06T05:05:48","guid":{"rendered":"https:\/\/www.infokuryr.cz\/n\/?p=48711"},"modified":"2024-03-06T06:05:48","modified_gmt":"2024-03-06T05:05:48","slug":"rusko-obvinilo-zapad-z-volebnich-kybernetickych-utoku","status":"publish","type":"post","link":"https:\/\/www.infokuryr.cz\/n\/2024\/03\/06\/rusko-obvinilo-zapad-z-volebnich-kybernetickych-utoku\/","title":{"rendered":"Rusko obvinilo Z\u00e1pad z volebn\u00edch \u201ekybernetick\u00fdch \u00fatok\u016f\u201c"},"content":{"rendered":"<div id=\"fb-root\"><\/div>\n<p><span style=\"font-size: 18pt;\"><strong>Hacke\u0159i se u\u017e pr\u00fd pokusili naru\u0161it nadch\u00e1zej\u00edc\u00ed prezidentsk\u00e9 hlasov\u00e1n\u00ed<\/strong><\/span><\/p>\n<p><span>Mnoho z\u00e1padn\u00edch zem\u00ed ji\u017e zah\u00e1jilo hromadn\u00e9 kybernetick\u00e9 \u00fatoky proti rusk\u00e9 infrastruktu\u0159e p\u0159ed nadch\u00e1zej\u00edc\u00edmi prezidentsk\u00fdmi volbami, uvedl vysok\u00fd diplomat rusk\u00e9ho ministerstva zahrani\u010d\u00ed.<\/span><\/p>\n<p><span>Velvyslanec Gennadij Askaldovi\u010d to ozn\u00e1mil na \u00fatern\u00edm zased\u00e1n\u00ed v\u00fdboru Rady federace pro ochranu st\u00e1tn\u00ed suverenity a p\u0159edch\u00e1zen\u00ed vm\u011b\u0161ov\u00e1n\u00ed do vnit\u0159n\u00edch z\u00e1le\u017eitost\u00ed Ruska.<\/span><\/p>\n<p><em><span>&#8222;Masivn\u00ed kybernetick\u00e9 \u00fatoky jsou prov\u00e1d\u011bny a p\u0159ipravov\u00e1ny kolektivn\u00edm Z\u00e1padem a hackery z r\u016fzn\u00fdch zem\u00ed,&#8220;<\/span><\/em><span>\u00a0\u0159ekl Askaldovi\u010d.\u00a0<\/span><\/p>\n<p><em><span>\u201eP\u0159ipom\u00edn\u00e1m, \u017ee jen v lo\u0148sk\u00fdch komun\u00e1ln\u00edch volb\u00e1ch bylo podle \u00dast\u0159edn\u00ed volebn\u00ed komise za jedin\u00fd den odra\u017eeno asi 170 000 kybernetick\u00fdch \u00fatok\u016f,\u201c<\/span><\/em><span>\u00a0dodal.\u00a0<\/span><em><span>&#8222;Je dob\u0159e, \u017ee se n\u00e1\u0161 volebn\u00ed syst\u00e9m uk\u00e1zal jako odoln\u00fd v\u016f\u010di vn\u011bj\u0161\u00edmu kybernetick\u00e9mu vlivu, ale je to tak\u00e9 ukazatel toho, jak velk\u00fd je nep\u0159\u00e1telsk\u00fd tlak na rusk\u00fd st\u00e1t.&#8220;<\/span><\/em><\/p>\n<p><span>Krom\u011b toho je nyn\u00ed ministerstvo zahrani\u010d\u00ed podle Askaldovi\u010de zcela p\u0159ipraveno prov\u00e9st v zahrani\u010d\u00ed hlasov\u00e1n\u00ed v nep\u0159\u00edtomnosti.\u00a0\u00a0<\/span><\/p>\n<p><em><span>\u201eU\u017e jsme provedli p\u0159ed\u010dasn\u00e9 hlasov\u00e1n\u00ed v \u0161esti nebo sedmi zem\u00edch.\u00a0P\u0159ed\u010dasn\u011b hlasovalo asi 435 lid\u00ed.\u00a0To v\u0161e prob\u011bhlo norm\u00e1ln\u011b,\u201c<\/span><\/em><span>\u00a0\u0159ekl v\u00fdboru s t\u00edm, \u017ee pap\u00edrov\u00e9 hlasovac\u00ed l\u00edstky ji\u017e byly doru\u010deny do 280 volebn\u00edch m\u00edstnost\u00ed mimo Rusko.\u00a0<\/span><\/p>\n<p><span>B\u011bhem prezidentsk\u00fdch voleb v b\u0159eznu 2018 se \u00fast\u0159edn\u00ed volebn\u00ed komise dostala pod \u00fatok distribuovan\u00e9ho odm\u00edtnut\u00ed slu\u017eby\u00a0<\/span><a href=\"https:\/\/swentr.site\/news\/421622-russian-election-under-cyber-attack\/\"><span>(DDoS)<\/span><\/a><span>\u00a0, kter\u00fd rusk\u00e9 \u00fa\u0159ady vysledovaly v 15 zem\u00edch.\u00a0Samotn\u00fd volebn\u00ed syst\u00e9m v\u0161ak nebyl napojen na glob\u00e1ln\u00ed internet, a proto byl imunn\u00ed.<\/span><\/p>\n<p><span>Referendum\u00a0o zm\u011bn\u00e1ch rusk\u00e9 \u00fastavy v\u00a0<\/span><a href=\"https:\/\/rt.com\/russia\/493183-consitutional-amendments-russia-ddos-attack\/\"><span>roce 2020 se tak\u00e9 stalo ter\u010dem DDoS \u00fatoku hacker\u016f, kter\u00fd Moskva vystopovala a\u017e do Spojen\u00e9ho kr\u00e1lovstv\u00ed.<\/span><\/a><\/p>\n<p><span>Prezidentsk\u00e9 volby byly p\u016fvodn\u011b vyhl\u00e1\u0161eny na 17. b\u0159ezna leto\u0161n\u00edho roku, ale \u00dast\u0159edn\u00ed volebn\u00ed komise nakonec\u00a0<\/span><a href=\"https:\/\/rt.com\/russia\/588732-russia-three-day-election\/\"><span>rozhodla o prodlou\u017een\u00ed<\/span><\/a><span>\u00a0hlasov\u00e1n\u00ed na t\u0159i dny, po\u010d\u00ednaje 15. b\u0159eznem.<\/span><\/p>\n<p><span>Sou\u010dasn\u00e9ho prezidenta Vladimira Putina, kter\u00fd kandiduje jako nez\u00e1visl\u00fd, vyzve kandid\u00e1t komunistick\u00e9 strany Nikolaj Charitonov, Leonid Sluckij z Liber\u00e1ln\u00edch demokrat\u016f a Vladislav Davankov z New People.<\/span><\/p>\n<p><img decoding=\"async\" loading=\"lazy\" class=\"alignnone size-full wp-image-1185\" src=\"http:\/\/www.infokuryr.cz\/n\/wp-content\/uploads\/2021\/04\/kuryr-podpis.png\" alt=\"\" width=\"84\" height=\"24\" \/><\/p>\n<p>&nbsp;<\/p>\n<p>&nbsp;<\/p>\n","protected":false},"excerpt":{"rendered":"<p>Hacke\u0159i se u\u017e pr\u00fd pokusili naru\u0161it nadch\u00e1zej\u00edc\u00ed prezidentsk\u00e9 hlasov\u00e1n\u00ed Mnoho z\u00e1padn\u00edch zem\u00ed ji\u017e zah\u00e1jilo hromadn\u00e9&#8230;<\/p>\n","protected":false},"author":2,"featured_media":48712,"comment_status":"closed","ping_status":"closed","sticky":false,"template":"","format":"standard","meta":[],"categories":[7],"tags":[1956,22,27,365],"_links":{"self":[{"href":"https:\/\/www.infokuryr.cz\/n\/wp-json\/wp\/v2\/posts\/48711"}],"collection":[{"href":"https:\/\/www.infokuryr.cz\/n\/wp-json\/wp\/v2\/posts"}],"about":[{"href":"https:\/\/www.infokuryr.cz\/n\/wp-json\/wp\/v2\/types\/post"}],"author":[{"embeddable":true,"href":"https:\/\/www.infokuryr.cz\/n\/wp-json\/wp\/v2\/users\/2"}],"replies":[{"embeddable":true,"href":"https:\/\/www.infokuryr.cz\/n\/wp-json\/wp\/v2\/comments?post=48711"}],"version-history":[{"count":0,"href":"https:\/\/www.infokuryr.cz\/n\/wp-json\/wp\/v2\/posts\/48711\/revisions"}],"wp:featuredmedia":[{"embeddable":true,"href":"https:\/\/www.infokuryr.cz\/n\/wp-json\/wp\/v2\/media\/48712"}],"wp:attachment":[{"href":"https:\/\/www.infokuryr.cz\/n\/wp-json\/wp\/v2\/media?parent=48711"}],"wp:term":[{"taxonomy":"category","embeddable":true,"href":"https:\/\/www.infokuryr.cz\/n\/wp-json\/wp\/v2\/categories?post=48711"},{"taxonomy":"post_tag","embeddable":true,"href":"https:\/\/www.infokuryr.cz\/n\/wp-json\/wp\/v2\/tags?post=48711"}],"curies":[{"name":"wp","href":"https:\/\/api.w.org\/{rel}","templated":true}]}}