{"id":48710,"date":"2024-03-06T00:52:52","date_gmt":"2024-03-05T23:52:52","guid":{"rendered":"https:\/\/www.infokuryr.cz\/n\/?p=48710"},"modified":"2024-03-06T06:30:15","modified_gmt":"2024-03-06T05:30:15","slug":"otevreny-dopis-generalporucikovi-k-rehkovi","status":"publish","type":"post","link":"https:\/\/www.infokuryr.cz\/n\/2024\/03\/06\/otevreny-dopis-generalporucikovi-k-rehkovi\/","title":{"rendered":"Otev\u0159en\u00fd dopis gener\u00e1lporu\u010d\u00edkovi K. \u0158ehkovi"},"content":{"rendered":"<div id=\"fb-root\"><\/div>\n<div>\n<p><strong>N\u00e1\u010deln\u00edkovi Gener\u00e1ln\u00edho \u0161t\u00e1bu Arm\u00e1dy \u010cesk\u00e9 republiky<\/strong><br \/>\n<strong>gener\u00e1lporu\u010d\u00edkovi Karlu \u0158ehkovi<\/strong><\/p>\n<p>______________________________<\/p>\n<p>V\u00e1\u017een\u00fd pane n\u00e1\u010deln\u00edku.<\/p>\n<p>Doned\u00e1vna jsem si myslel, \u017ee ve funkci n\u00e1\u010deln\u00edka Gener\u00e1ln\u00edho \u0161t\u00e1bu by m\u011bl b\u00fdt \u010dlov\u011bk zku\u0161en\u00fd a uv\u00e1\u017eliv\u00fd, kter\u00fd si je v\u011bdom odpov\u011bdnosti za to, co \u0159\u00edk\u00e1. V posledn\u00edch m\u011bs\u00edc\u00edch jste mne i mnoho dal\u0161\u00edch spoluob\u010dan\u016f p\u0159esv\u011bd\u010dil, \u017ee tentokr\u00e1t tomu tak nen\u00ed.<\/p>\n<p>Asi by se dalo p\u0159ej\u00edt, kdybyste jen jednou ujel a \u0159ekl n\u011bjak\u00fd bl\u00e1bol, ale proto\u017ee Va\u0161ich po\u0161etil\u00fdch a naprosto nezodpov\u011bdn\u00fdch a nebezpe\u010dn\u00fdch v\u00fdrok\u016f p\u0159ib\u00fdv\u00e1\u00a0s ka\u017ed\u00fdm ve\u0159ejn\u00fdm projevem (mnoz\u00ed V\u00e1m nyn\u00ed ne\u0159eknou jinak ne\u017e V\u00e1le\u010dn\u00fd \u0161tv\u00e1\u010d), pokl\u00e1d\u00e1m za svou ob\u010danskou povinnost se ozvat.<\/p>\n<p>Za\u010dalo to hloupostmi o tom, \u017ee se m\u00e1me p\u0159ichystat na jadernou v\u00e1lku, a d\u00e1le pokra\u010dovalo p\u0159edn\u00e1\u0161kami o tom, \u017ee:<\/p>\n<p>&#8222;Je pot\u0159eba d\u00e1le podporovat Ukrajinu&#8230; je to mor\u00e1ln\u011b spr\u00e1vn\u00e9, proto\u017ee \/&#8230;\/ sd\u00edl\u00ed stejn\u00e9 hodnoty a i p\u0159es prob\u00edhaj\u00edc\u00ed v\u00e1lku se sna\u017e\u00ed d\u011blat nezbytn\u00e9 reformy.&#8220;<\/p>\n<p>A dal\u0161\u00ed:<\/p>\n<p>&#8222;My v z\u00e1sad\u011b na to m\u00e1me, jsme siln\u011bj\u0161\u00ed, my jsme jako vysp\u011bl\u00ed, jsme siln\u00ed, pevn\u00ed, m\u00e1me dobrou ekonomiku, jsme obklopeni p\u0159\u00e1teli, jsme sou\u010d\u00e1st\u00ed jako nejlep\u0161\u00ed aliance na sv\u011bt\u011b, je to jenom o v\u016fli a o leadershipu. To je cel\u00fd v podstat\u011b. Jako Rusko pro n\u00e1s nem\u016f\u017ee b\u00fdt probl\u00e9m.&#8220;<\/p>\n<p>Dal\u0161\u00ed citace, nap\u0159\u00edklad t\u00fdkaj\u00edc\u00ed se mobilisace, u\u017e snad ani nemus\u00edm uv\u00e1d\u011bt, vydalo by to na p\u0159\u00edli\u0161 dlouh\u00fd dopis.<\/p>\n<p><strong>xxxxx<\/strong><\/p>\n<p>P\u0159edn\u011b: V\u0161ichni vid\u00edme, \u017ee nejste jedin\u00fd ze z\u00e1padn\u00edho sv\u011bta, kter\u00fd p\u0159ed ve\u0159ejnost\u00ed hara\u0161\u00ed hrozbou jadern\u00fdch zbran\u00ed.\u00a0Mluv\u00edte o tom tak, jako byste netu\u0161il, \u017ee na rozd\u00edl od USA m\u00e1 Rusko jasnou doktr\u00ednu, kter\u00e1 p\u0159esn\u011b definuje, za jak\u00fdch okolnost\u00ed se tato zem\u011b m\u016f\u017ee k pou\u017eit\u00ed jadern\u00e9 zbran\u011b uch\u00fdlit: 1. pokud bude sama nejd\u0159\u00edve napadena jadern\u00fdm \u00fatokem. 2. pokud bude vystavena tak extr\u00e9mn\u00ed hrozb\u011b vlastn\u00edho zni\u010den\u00ed, \u017ee j\u00ed zbude u\u017e jen jako zbra\u0148 posledn\u00ed z\u00e1chrany (stru\u010dn\u011b \u0159e\u010deno). Jestli tedy Rusov\u00e9 pou\u017eij\u00ed jadernou zbra\u0148, je pouze na n\u00e1s, proto\u017ee oni n\u00e1m sv\u00e1 pravidla sd\u011blili. Pokud je d\u00e1le budeme ohro\u017eovat svou aroganc\u00ed a vojensky je obkli\u010dovat p\u0159\u00edmo u jejich hranic, pak se samoz\u0159ejm\u011b st\u00e1le v\u00edce\u00a0k onomu bodu bl\u00ed\u017e\u00edme. To mus\u00edte v\u011bd\u011bt i Vy i ti ostatn\u00ed, ji\u017e se takov\u00fdm v\u00fdrok\u016fm prop\u016fj\u010duj\u00ed. Co tedy tyto \u0159e\u010di o jadern\u00fdch zbran\u00edch vlastn\u011b znamenaj\u00ed? \u017de NATO i Vy osobn\u011b jste odhodl\u00e1ni jednostrann\u011b vyeskalovat konflikt proti Rusku do mez\u00ed, kdy se Moskva bude v souladu se sv\u00fdmi jasn\u011b definovan\u00fdmi z\u00e1sadami muset\u00a0k jadern\u00e9 zbrani uch\u00fdlit? Anebo jde op\u011bt jen o vyvol\u00e1n\u00ed atmosf\u00e9ry, kter\u00e1 lidem v USA a v Evrop\u011b vsugeruje, \u017ee p\u0159\u00edpadn\u00e9 pou\u017eit\u00ed jadern\u00e9 zbran\u011b je nevyhnuteln\u00e9, a tedy \u017ee o n\u011bm ve skute\u010dnosti uva\u017euje pr\u00e1v\u011b Z\u00e1pad? A a\u017e NATO jadernou zbra\u0148 pou\u017eije jako prvn\u00ed, budou v\u0161ichni u\u017e v\u011b\u0159it, \u017ee nebylo zbyt\u00ed, stejn\u011b jako uv\u011b\u0159ili podobn\u00e9 propagandistick\u00e9 mas\u00e1\u017ei v minul\u00fdch letech? Samoz\u0159ejm\u011b \u017ee toto je nejpravd\u011bpodobn\u011bj\u0161\u00ed vysv\u011btlen\u00ed. Proto\u017ee tuto taktiku smy\u0161len\u00fdch hrozeb, jim\u017e je t\u0159eba \u010delit &#8222;preventivn\u00edmi \u00fatoky&#8220;, praktikuj\u00ed USA u\u017e cel\u00e1 desetilet\u00ed. Jste jedn\u00edm z t\u011bch, kte\u0159\u00ed n\u00e1s na to maj\u00ed p\u0159ipravit, \u017ee?<\/p>\n<p>O tom, \u017ee Z\u00e1pad je ochoten jadernou zbra\u0148 pou\u017e\u00edt, asi nikdo nemus\u00ed pochybovat: p\u0159edev\u0161\u00edm USA, kter\u00e9 sv\u00e9 jadern\u00e9 zbran\u011b rozm\u00edstily u\u017e d\u00e1vno do \u0159ady evropsk\u00fdch zem\u00ed (p\u0159inejmen\u0161\u00edm do N\u011bmecka, Belgie, Velk\u00e9 Brit\u00e1nie, It\u00e1lie, ale tak\u00e9 Turecka&#8230;), u\u017e dok\u00e1zaly, \u017ee n\u011bco takov\u00e9ho jsou pro zaji\u0161t\u011bn\u00ed sv\u00e9 hegemonie prov\u00e9st &#8211; a dokonce i opakovat. Mo\u017en\u00e1 se V\u00e1m dostala do ruky objevn\u00e1 kniha\u00a0<em>Odtajn\u011bno: Atomov\u00e1 bomba i na Prahu?<\/em>, v n\u00ed\u017e Milan Syru\u010dek cituje ned\u00e1vno zve\u0159ejn\u011bn\u00e9 americk\u00e9 dokumenty, z nich\u017e vypl\u00fdv\u00e1, \u017ee Pentagon zcela v\u00e1\u017en\u011b zva\u017eoval znovupou\u017eit\u00ed jadern\u00e9 bomby v\u016f\u010di n\u011bkdej\u0161\u00edm socialistick\u00fdm zem\u00edm, v\u010detn\u011b \u010ceskoslovenska, celkem 99x (sic!).<em>\u00a0<\/em>Ameri\u010dan\u00e9 \u017e\u00e1dnou doktr\u00ednu o tom, za jak\u00fdch podm\u00ednek takovou zbra\u0148 mohou pou\u017e\u00edt, nemaj\u00ed, na rozd\u00edl od Rus\u016f. Oni mohou v\u0161echno, i beztrestn\u011b zab\u00edjet ve velk\u00e9m, jak to p\u0159edvedli v Ir\u00e1ku, Afgh\u00e1nist\u00e1nu i spoust\u011b dal\u0161\u00edch zem\u00ed.<\/p>\n<p>Jsou tedy jen dv\u011b mo\u017enosti: bu\u010f se v\u011bdom\u011b pod\u00edl\u00edte na zlu, jeho\u017e d\u016fsledky mo\u017en\u00e1 nejste schopen dohl\u00e9dnout a kter\u00e9 smete nakonec i V\u00e1s.<\/p>\n<p>V tom p\u0159\u00edpad\u011b by V\u00e1s jednou d\u011bjiny soudily jako spoluvin\u00edka celosv\u011btov\u00e9 katastrofy, jadern\u00e9 v\u00e1lky. To chcete? Samoz\u0159ejm\u011b je i druh\u00e1 mo\u017enost, \u017ee jste jen hlup\u00e1k a papou\u0161kujete, co V\u00e1m \u0159eknou, abyste se zavd\u011b\u010dil t\u011bm, kte\u0159\u00ed celou v\u00e1lku proti Rusku organisuj\u00ed minim\u00e1ln\u011b od roku 2008 (sp\u00ed\u0161 je\u0161t\u011b o dost d\u0159\u00edve) a kte\u0159\u00ed k n\u00ed pou\u017eili nebohou Ukrajinu a je\u0161t\u011b donutili miliony naivn\u00edch lid\u00ed v Evrop\u011b m\u00e1vat ukrajinsk\u00fdmi prapory, aby ten masakr Ukrajinc\u016f podpo\u0159ili, a\u010dkoli je jim tvrzen p\u0159esn\u00fd opak, toti\u017e \u017ee jde o v\u00e1lku na z\u00e1chranu Ukrajiny: po dvou letech v\u0161ak takov\u00e9mu nesmyslu nem\u016f\u017ee nejsp\u00ed\u0161 v\u011b\u0159it u\u017e nikdo, kdo trochu sleduje v\u00fdvoj a p\u0159em\u00fd\u0161l\u00ed, kdo vid\u00ed, jak prodlu\u017eov\u00e1n\u00ed t\u00e9to zbyte\u010dn\u00e9 v\u00e1lky \u010d\u00e1st Ukrajiny zcela zdevastovalo.<\/p>\n<p>V\u00e1\u0161 neskute\u010dn\u011b hloup\u00fd v\u00fdrok je ka\u017edop\u00e1dn\u011b jedn\u00edm z t\u011bch, kter\u00e9 tomu pom\u00e1haj\u00ed. V\u00e1lka Z\u00e1padu proti Rusku, k n\u00ed\u017e jsme pou\u017eili nebohou Ukrajinu, nen\u00ed projekt rusk\u00fd, a Vy to v\u00edte. Nebyli to Rusov\u00e9, kdo n\u00e1sil\u00edm svrhl v r. 2014 tehdej\u0161\u00ed regul\u00e9rn\u00ed ukrajinskou vl\u00e1du. Byli to gruz\u00edn\u0161t\u00ed ost\u0159elova\u010di v americk\u00fdch slu\u017eb\u00e1ch (najat\u00ed nechvaln\u011b zn\u00e1m\u00fdm Saaka\u0161vilim), kte\u0159\u00ed st\u0159\u00edleli z\u00e1rove\u0148 do demonstrant\u016f i policist\u016f. Byla to pan\u00ed Nulandov\u00e1, kter\u00e1 najmenovala tehdej\u0161\u00ed pu\u010distickou vl\u00e1du (v n\u00ed\u017e bylo jakoby n\u00e1hodou n\u011bkolik \u010dlen\u016f s americk\u00fdm pasem) a byl to pan Biden (tehdy je\u0161t\u011b ne president), kter\u00fd si tehdy p\u0159i zased\u00e1n\u00ed ukrajinsk\u00e9 vl\u00e1dy provokativn\u011b sedl do presidentsk\u00e9ho k\u0159esla a za\u010dal ud\u00edlet pokyny. Jak p\u0159ed p\u00e1r dny prozradil\u00a0<em>New York Times<\/em>, byla to CIA, kter\u00e1 u\u017e p\u0159edt\u00edm za\u010dala budovat rozs\u00e1hlou s\u00ed\u0165 v bl\u00edzkosti rusk\u00fdch hranic, stejn\u011b jako to \u010dinila v Gruzii a dal\u0161\u00edch zem\u00edch bl\u00edzk\u00fdch Rusku.<\/p>\n<p><a href=\"https:\/\/stranapro.cz\/\"><img decoding=\"async\" loading=\"lazy\" class=\"wp-image-40285 aligncenter\" src=\"http:\/\/www.infokuryr.cz\/n\/wp-content\/uploads\/2023\/11\/11pro-300x79.png\" alt=\"\" width=\"604\" height=\"159\" srcset=\"https:\/\/www.infokuryr.cz\/n\/wp-content\/uploads\/2023\/11\/11pro-300x79.png 300w, https:\/\/www.infokuryr.cz\/n\/wp-content\/uploads\/2023\/11\/11pro.png 363w\" sizes=\"(max-width: 604px) 100vw, 604px\" \/><\/a><\/p>\n<p>Byl to Z\u00e1pad, kter\u00fd na ukrajinsk\u00e9m \u00fazem\u00ed z\u0159\u00eddil celou sadu laborato\u0159\u00ed na v\u00fdrobu zak\u00e1zan\u00fdch biologick\u00fdch zbran\u00ed a podporoval Ukrajinu u\u017e od r. 2014 v pou\u017e\u00edv\u00e1n\u00ed zak\u00e1zan\u00fdch zbran\u00ed (kasetov\u00e1 munice) proti rusky mluv\u00edc\u00edm civilist\u016fm. Byla to pr\u00e1v\u011b tato pu\u010distick\u00e1, Z\u00e1padem dosazen\u00e1 Poro\u0161enkova vl\u00e1da, kter\u00e1 hned za\u010dala mluvit o likvidaci rusky mluv\u00edc\u00edch obyvatel. Byli to ukrajin\u0161t\u00ed nacist\u00e9 (Prav\u00fd sektor) h\u00e1jen\u00ed touto vl\u00e1dou, kte\u0159\u00ed\u00a0up\u00e1lili des\u00edtky nevinn\u00fdch ob\u011bt\u00ed v Od\u011bse\u00a0za starostov\u00e1n\u00ed stejn\u00e9ho Saaka\u0161viliho (kter\u00fd byl kdysi dosazen do k\u0159esla v Tbilisi\u00a0podobn\u00fdm pu\u010dem, sponsorovan\u00fdm odkudpak asi?). O brut\u00e1ln\u00edm zab\u00edjen\u00ed civilist\u016f (okolo 14 tis\u00edc) po\u010d\u00ednaj\u00edc\u00edm pr\u00e1v\u011b rokem 2014, ani nemluv\u011b.\u00a0A tak d\u00e1le a tak d\u00e1le. Stalo se moc zl\u00e9ho, ne\u017e se poda\u0159ilo Rusy kone\u010dn\u011b vyprovokovat k v\u00e1lce (kter\u00e1 je m\u011bla zat\u00e1hnout do konfliktu, kter\u00fd je m\u011bl zni\u010dit).\u00a0 M\u00e1m se zmi\u0148ovat o v\u011bcech potom? Nap\u0159\u00edklad o\u00a0masakru civilist\u016f\u00a0v Bu\u010de, organisovan\u00e9m s pomoc\u00ed britsk\u00e9 MI6 jen proto, aby z n\u011bj bylo obvin\u011bno Rusko? Docela hnus, nebo ne?<\/p>\n<p>NATO je definov\u00e1na jako obrann\u00e1 aliance, tak jak je mo\u017en\u00e9, \u017ee se aktivn\u011b \u00fa\u010dastn\u00ed ve v\u00e1lce, kter\u00e1 nen\u00ed na \u00fazem\u00ed n\u011bkter\u00e9ho z jej\u00edch st\u00e1t\u016f?<\/p>\n<p>V takov\u00e9m p\u0159\u00edpad\u011b samoz\u0159ejm\u011b nejde o obranu, n\u00fdbr\u017e o akci, kter\u00e1 m\u00e1 bez ohledu na ofici\u00e1ln\u00ed interpretace \u00fato\u010dnou povahu. Ostatn\u011b dosavadn\u00ed aktivita t\u00e9to organisace byla v\u017edy jen \u00fato\u010dn\u00e1: ostudn\u00e9 bombardov\u00e1n\u00ed Jugosl\u00e1vie, \u00fatoky na Ir\u00e1k, L\u00fdbii, S\u00fdrii, Som\u00e1lsko, Jemen, P\u00e1kist\u00e1n&#8230;\u00a0k Vietnamu \u010di Panam\u011b se u\u017e vracet ani nemus\u00edme&#8230; Za celou historii NATO ani jednou nebr\u00e1nila \u017e\u00e1dnou \u010dlenskou zemi p\u0159ed p\u0159\u00edm\u00fdm \u00fatokem. A jak\u00fd div, skoro v\u0161echny jej\u00ed akce byly v rozporu s Chartou OSN a mezin\u00e1rodn\u00edm pr\u00e1vem, a v\u0161echny vedly\u00a0k jedin\u00e9mu v\u00fdsledku: ke statis\u00edc\u016fm, ba milion\u016fm mrtv\u00fdch civilist\u016f a k nenapraviteln\u00e9mu rozvratu a zb\u00edda\u010den\u00ed \u0159ady zem\u00ed. To je smutn\u00fd fakt. A z\u00e1rove\u0148 fakt, kter\u00fd z n\u00ed \u010din\u00ed naprosto ned\u016fv\u011bryhodnou organisaci, co\u017e podtrhuje je\u0161t\u011b p\u0159ipom\u00ednka toho, \u017ee NATO na n\u011bkolikr\u00e1t poru\u0161ilo potvrzen\u00fd \u00fastn\u00ed slib Gorba\u010dovovi, \u017ee se nikdy na V\u00fdchod nebude rozr\u016fstat. P\u0159itom to byla z\u00e1sadn\u00ed podm\u00ednka proto, aby dal t\u00fd\u017e Gorba\u010dov pokyn\u00a0k rozpu\u0161t\u011bn\u00ed Var\u0161avsk\u00e9 smlouvy. USA a Z\u00e1pad v\u017edy zrazovaly, stejn\u011b jako zrazuj\u00ed Ukrajinu (plan\u00fdmi sliby) i n\u00e1s. \u00damysln\u00e9 nedodr\u017eov\u00e1n\u00ed Minsk\u00fdch dohod, stejn\u011b jako zru\u0161en\u00ed u\u017e p\u0159ipraven\u00e9 Istanbulsk\u00e9 \u00famluvy, kter\u00e9 mohly zajistit m\u00edr i celistvost ukrajinsk\u00e9ho \u00fazem\u00ed, to v\u0161echno je d\u00edlem Z\u00e1padu, NATO, a jejich oddan\u00fdch\u00a0v ukrajinsk\u00e9m veden\u00ed, nyn\u00ed v \u010dele se Zelensk\u00fdm.<\/p>\n<p>&nbsp;<\/p>\n<p>A Vy nyn\u00ed pom\u00e1h\u00e1te hrotit ne\u00fanosn\u00fd tlak t\u00e9to organisace svou ostudnou slu\u017eebnost\u00ed. Ka\u017ed\u00e1 dal\u0161\u00ed aktivita NATO m\u00e1 bu\u010f \u00fato\u010dn\u00fd, nebo vylo\u017een\u011b provokativn\u00ed charakter, kter\u00fd zkou\u0161\u00ed provokovat Rusko, kam a\u017e to jde. Jist\u011b, je to tak\u00e9 a p\u0159edev\u0161\u00edm skv\u011bl\u00fd byznys pro zbroja\u0159sk\u00fd pr\u016fmysl nejen v USA. Ostatn\u011b i n\u011bkte\u0159\u00ed \u010de\u0161t\u00ed politici na n\u011bm podle v\u0161eho vyd\u011bl\u00e1vaj\u00ed majlant (p. Kol\u00e1\u0159, bez pochyby p\u00ed \u010cernochov\u00e1 aj.). Pro\u010d v\u0161ak m\u00e1te i Vy osobn\u011b pot\u0159ebu tuto agresivitu je\u0161t\u011b v\u00edce vystup\u0148ov\u00e1vat?<\/p>\n<p><strong>xxxxx<\/strong><\/p>\n<p>Za druh\u00e9: Podle V\u00e1s Ukrajina &#8222;sd\u00edl\u00ed stejn\u00e9 hodnoty&#8220; jako my. To je velmi odv\u00e1\u017en\u00e9 tvrzen\u00ed: Ukrajina u\u017e 30 let plat\u00ed za nejzkorumpovan\u011bj\u0161\u00ed zemi cel\u00e9 Evropy, a po roce 2014 to je\u0161t\u011b v\u00edce narostlo. O tom, jak si sou\u010dasn\u00e9 elity t\u00e9to zem\u011b (v \u010dele s p. Zelensk\u00fdm) skoupily d\u00edky ulit\u00fdm pen\u011bz\u016fm ze z\u00e1padn\u00ed podpory Monako a hory nemovitost\u00ed a jachet v dal\u0161\u00edch luxusn\u00edch destinac\u00edch, nejsp\u00ed\u0161 netu\u0161\u00edte? O tom, jak prorostl\u00e1 je ukrajinsk\u00e1 vl\u00e1dn\u00ed elita s krimin\u00e1ln\u00ed \u010dinnost\u00ed ukrajinsk\u00fdch mafi\u00ed, s nacistick\u00fdmi vojensk\u00fdmi organisacemi, bez pochyby v\u016fbec nem\u00e1te pon\u011bt\u00ed.<\/p>\n<p>O tom, jak velk\u00e1 \u010d\u00e1st Ukrajin\u011b dodan\u00fdch zbran\u00ed miz\u00ed na\u010derno do isl\u00e1msk\u00fdch zem\u00ed nebo p\u0159\u00edmo zp\u011bt do Evropy, rovn\u011b\u017e nev\u00edte? O tom, \u017ee na Ukrajin\u011b jsou tvrd\u011b zakazov\u00e1na m\u00e9dia, politick\u00e9 strany, likvida\u010dn\u011b diskriminov\u00e1ny neukrajinsk\u00e9 n\u00e1rodnosti (nejen rusk\u00e1) v zemi, \u017ee je pron\u00e1sledov\u00e1na c\u00edrkev, o tom, \u017ee jde o zemi, kter\u00e1 podle statistik dod\u00e1v\u00e1 ro\u010dn\u011b tis\u00edce unesen\u00fdch d\u011bt\u00ed z\u00e1padn\u00edm pedofiln\u00edm elit\u00e1m, o dal\u0161\u00edm b\u00edl\u00e9m mase nemluv\u011b, vyv\u00e1\u017e\u00ed ve velk\u00e9m lidsk\u00e9 org\u00e1ny (co\u017e lze p\u0159i rozm\u011brech takov\u00e9ho byznysu st\u011b\u017e\u00ed uskute\u010d\u0148ovat bez pomoci odpov\u011bdn\u00fdch vysok\u00fdch \u010dinitel\u016f), to V\u00e1m nejsp\u00ed\u0161 tak\u00e9 uniklo. O tom, jak drasticky jsou nah\u00e1n\u011bni i invalid\u00e9 a nedosp\u011bl\u00ed lid\u00e9 do prvn\u00edch lini\u00ed, kde je nep\u0159ipraven\u00e9 t\u00e9m\u011b\u0159 jist\u011b \u010dek\u00e1 zbyte\u010dn\u00e1 smrt, se u V\u00e1s ve \u0161t\u00e1bu tak\u00e9 nemluv\u00ed? O tom, \u017ee ukrajinsk\u00e9 veden\u00ed se nepokryt\u011b hl\u00e1s\u00ed k nacistick\u00e9mu odkazu Banderovc\u016f, kte\u0159\u00ed svou brutalitou sv\u00e9ho \u010dasu p\u0159ekon\u00e1vali i n\u011bmeck\u00e9 nacisty, jste se asi tak\u00e9 nedoslechl, \u017ee? O tom, jak u\u017e v roce 2014 zfanatisovan\u00e9 jednotky Azova a Prav\u00e9ho sektoru -za podpory vl\u00e1dnouc\u00ed elity i Z\u00e1padu- vyz\u00fdvaly k fyzick\u00e9 likvidaci v\u0161ech neukrajinsk\u00fdch n\u00e1rodnost\u00ed, nejsp\u00ed\u0161 tak\u00e9 nem\u00e1te pov\u011bdomost?\u00a0Anebo se c\u00edt\u00edte b\u00fdt sp\u0159\u00edzn\u011bn s t\u00edm v\u0161\u00edm, stejn\u011b jako s teroristick\u00fdmi \u00fatoky na civiln\u00ed objekty, pou\u017e\u00edv\u00e1n\u00edm zak\u00e1zan\u00fdch zbran\u00ed, \u010di\u00a0mrza\u010den\u00edm zajatc\u016f?<\/p>\n<p>Tak mi up\u0159\u00edmn\u011b \u0159ekn\u011bte: O jak\u00fdch hodnot\u00e1ch tedy mluv\u00edte? Opravdu m\u00e1te podobn\u00e9 hodnoty? Je jimi n\u011bco jin\u00e9ho, ne\u017e \u017ee chcete v\u00e1lku, v n\u00ed\u017e um\u00edraj\u00ed p\u0159edev\u0161\u00edm Ukrajinci? Pro\u010d to ne\u0159eknete na rovinu?<\/p>\n<p><strong>xxxxx<\/strong><\/p>\n<p>A do t\u0159etice: &#8222;My na to m\u00e1me, jsme siln\u011bj\u0161\u00ed&#8230;&#8220; Jak takov\u00fd nesmysl m\u016f\u017ee \u0159\u00edci \u010dlov\u011bk, kter\u00fd by m\u011bl b\u00fdt skv\u011ble informov\u00e1n o v\u00fdvoji aktu\u00e1ln\u00edch boj\u016f na Ukrajin\u011b? Copak nev\u00edte, \u017ee Rusko u\u017e d\u00e1vno prakticky vyhr\u00e1lo? Copak nev\u00edte, v jak\u00e9m rozkladu je arm\u00e1da, v jej\u00edm\u017e \u010dele stoj\u00edte?<\/p>\n<p>Naprost\u00e1 neschopnost koordinace jednotliv\u00fdch slo\u017eek, nedostate\u010dn\u00e1 technick\u00e1 vybavenost, nedostatek schopn\u00fdch k\u00e1dr\u016f, naprost\u00e1 nesamostatnost a otrock\u00e1 z\u00e1vislost na rozhodnut\u00ed z Washingtonu&#8230; Podle n\u011bkter\u00fdch odborn\u00fdch odhad\u016f by A\u010cR nejsp\u00ed\u0161 neodolala ani konven\u010dn\u00edmu vp\u00e1du protivn\u00edka v\u00edce ne\u017e t\u0159i dny&#8230; Jej\u00ed rozklad trv\u00e1 ji\u017e 30 let, a vlastn\u011b nen\u00ed divu, kdy\u017e do vysok\u00fdch funkc\u00ed jsou st\u00e1le \u010dast\u011bji m\u00edsto zku\u0161en\u00fdch osobnost\u00ed dosazov\u00e1n\u00ed kari\u00e9rn\u00ed jedinci bez schopnosti vlastn\u00edho rozhodov\u00e1n\u00ed, n\u011bkdy i naprosto nevzd\u011blan\u00ed a omezen\u00ed, kte\u0159\u00ed v\u016fbec nerozum\u011bj\u00ed vojenstv\u00ed a arm\u00e1d\u011b (pardon, ale nap\u0159\u00edklad o pan\u00ed ministryni se opravdu ned\u00e1 \u0159\u00edci nic lichotiv\u011bj\u0161\u00edho; o V\u00e1s snad ano&#8230; ale nakolik? to by mne samotn\u00e9ho zaj\u00edmalo&#8230;).<\/p>\n<p><strong>xxxxx<\/strong><\/p>\n<p>V\u00e1\u017een\u00fd pane n\u00e1\u010deln\u00edku.<\/p>\n<p>Ch\u00e1pu, \u017ee voj\u00e1k je p\u0159edev\u0161\u00edm zvykl\u00fd poslouchat a d\u011blat to, co mu \u0159eknou ti, kdo mu vel\u00ed, ale Vy jste se ocitl ve vysok\u00e9 funkci,<\/p>\n<p>kde nejste \u0159adov\u00fdm voj\u00e1kem. B\u00fdt n\u00e1\u010deln\u00edkem Gener\u00e1ln\u00edho \u0161t\u00e1bu znamen\u00e1 p\u0159ijmout svou odpov\u011bdnost, um\u011bt se rozhodovat a nejen papou\u0161kovat. M\u00edt v\u011bdomosti a tak\u00e9 se chovat jako chlap, to jest i se postavit za spr\u00e1vn\u00e9 v\u011bci, tj. i za skute\u010dn\u00e9 z\u00e1jmy sv\u00e9 zem\u011b, nikoli j\u00ed nad\u0159azen\u00fdch mezin\u00e1rodn\u00edch struktur. Nic z toho V\u00e1s bohu\u017eel zat\u00edm nezdob\u00ed. P\u016fsob\u00edte nav\u00edc ve sv\u00fdch projevech i velmi nejist\u011b, co\u017e je\u0161t\u011b v\u00edc p\u0159isp\u00edv\u00e1 k dojmu, \u017ee v \u010dele A\u010cR stoj\u00ed \u010dlov\u011bk, kter\u00fd s odpu\u0161t\u011bn\u00edm &#8222;nem\u00e1 koule&#8220; a ztrap\u0148uje nejen sebe, ale i celou arm\u00e1du.<\/p>\n<p>Co s V\u00e1mi, pane \u0158ehko? Jd\u011bte, chlape, trochu do sebe, a za\u010dn\u011bte se chovat jako \u010dlov\u011bk hodn\u00fd sv\u00e9 funkce. Jste voj\u00e1k, ale i ten by m\u011bl m\u00edt mor\u00e1lku. Zkuste kone\u010dn\u011b p\u0159em\u00fd\u0161let. Chcete n\u00e1s opravdu vehnat do zbyte\u010dn\u00e9 smrti a d\u00e1l podporovat agresivn\u00ed chov\u00e1n\u00ed Z\u00e1padu, kter\u00fd n\u00e1s &#8211; \u00fapln\u011b stejn\u011b jako Ukrajince &#8211; jen namo\u010dil d\u00edky na\u0161\u00ed naivn\u00ed oddanosti do t\u00e9hle \u0161p\u00edny? Nesta\u010d\u00ed, \u017ee n\u00e1s u\u017e jednou ve 20. stolet\u00ed zaprodal a de facto odsoudil k vyhlazen\u00ed, od n\u011bj\u017e n\u00e1s zachr\u00e1nil pr\u00e1v\u011b ten, koho n\u00e1s dnes pr\u00e1v\u011b tento Z\u00e1pad zase u\u010d\u00ed nen\u00e1vid\u011bt? Nemus\u00edme m\u00edt r\u00e1di Rusko a m\u00e1me k tomu sv\u00e9 d\u016fvody. Jenom\u017ee d\u011bjiny n\u00e1s pou\u010dili tak\u00e9 o jednom: USA a Z\u00e1pad byly v\u017edy p\u0159ipraveny ob\u011btovat druh\u00e9 pro sv\u016fj prosp\u011bch, zat\u00edmco Rusov\u00e9 byli mnohokr\u00e1t p\u0159ipraveni ob\u011btovat sebe pro z\u00e1chranu druh\u00fdch. Nikdy to nebylo naopak. A pokud tomu budete aktivn\u011b svou hloupou r\u00e9torikou a chov\u00e1n\u00edm napom\u00e1hat, budeme dal\u0161\u00ed ob\u011bt\u00ed na \u0159ad\u011b, hned po Ukrajin\u011b. V Lond\u00fdn\u011b ani ve Washingtonu to nikoho bolet nebude &#8211; o vyhlazen\u00ed Slovan\u016f se tam hovo\u0159\u00ed u\u017e nejm\u00e9n\u011b 150 let. Jste tak\u00e9 Slovan, \u017ee?<\/p>\n<p>S pozdravem a p\u0159\u00e1n\u00edm hezk\u00e9ho dne a m\u00edru V\u00e1m, Va\u0161\u00ed rodin\u011b i n\u00e1m v\u0161em<\/p>\n<p><strong><em>Petr Komers, PhD., p\u0159ekladatel<\/em><\/strong><\/p>\n<\/div>\n<div><img decoding=\"async\" loading=\"lazy\" class=\"alignnone wp-image-47634 aligncenter\" src=\"http:\/\/www.infokuryr.cz\/n\/wp-content\/uploads\/2024\/02\/Pozvanka_Praha-_23.3.24-300x229.jpg\" alt=\"\" width=\"663\" height=\"506\" srcset=\"https:\/\/www.infokuryr.cz\/n\/wp-content\/uploads\/2024\/02\/Pozvanka_Praha-_23.3.24-300x229.jpg 300w, https:\/\/www.infokuryr.cz\/n\/wp-content\/uploads\/2024\/02\/Pozvanka_Praha-_23.3.24.jpg 595w\" sizes=\"(max-width: 663px) 100vw, 663px\" \/><\/div>\n<div><\/div>\n","protected":false},"excerpt":{"rendered":"<p>N\u00e1\u010deln\u00edkovi Gener\u00e1ln\u00edho \u0161t\u00e1bu Arm\u00e1dy \u010cesk\u00e9 republiky gener\u00e1lporu\u010d\u00edkovi Karlu \u0158ehkovi ______________________________ V\u00e1\u017een\u00fd pane n\u00e1\u010deln\u00edku. Doned\u00e1vna jsem&#8230;<\/p>\n","protected":false},"author":2,"featured_media":29069,"comment_status":"closed","ping_status":"closed","sticky":false,"template":"","format":"standard","meta":[],"categories":[6],"tags":[80,5086,39,1412],"_links":{"self":[{"href":"https:\/\/www.infokuryr.cz\/n\/wp-json\/wp\/v2\/posts\/48710"}],"collection":[{"href":"https:\/\/www.infokuryr.cz\/n\/wp-json\/wp\/v2\/posts"}],"about":[{"href":"https:\/\/www.infokuryr.cz\/n\/wp-json\/wp\/v2\/types\/post"}],"author":[{"embeddable":true,"href":"https:\/\/www.infokuryr.cz\/n\/wp-json\/wp\/v2\/users\/2"}],"replies":[{"embeddable":true,"href":"https:\/\/www.infokuryr.cz\/n\/wp-json\/wp\/v2\/comments?post=48710"}],"version-history":[{"count":0,"href":"https:\/\/www.infokuryr.cz\/n\/wp-json\/wp\/v2\/posts\/48710\/revisions"}],"wp:featuredmedia":[{"embeddable":true,"href":"https:\/\/www.infokuryr.cz\/n\/wp-json\/wp\/v2\/media\/29069"}],"wp:attachment":[{"href":"https:\/\/www.infokuryr.cz\/n\/wp-json\/wp\/v2\/media?parent=48710"}],"wp:term":[{"taxonomy":"category","embeddable":true,"href":"https:\/\/www.infokuryr.cz\/n\/wp-json\/wp\/v2\/categories?post=48710"},{"taxonomy":"post_tag","embeddable":true,"href":"https:\/\/www.infokuryr.cz\/n\/wp-json\/wp\/v2\/tags?post=48710"}],"curies":[{"name":"wp","href":"https:\/\/api.w.org\/{rel}","templated":true}]}}