{"id":48708,"date":"2024-03-06T00:51:26","date_gmt":"2024-03-05T23:51:26","guid":{"rendered":"https:\/\/www.infokuryr.cz\/n\/?p=48708"},"modified":"2024-03-05T20:13:35","modified_gmt":"2024-03-05T19:13:35","slug":"cina-pripravila-evropu-o-schopnost-vyrabet-strelny-prach","status":"publish","type":"post","link":"https:\/\/www.infokuryr.cz\/n\/2024\/03\/06\/cina-pripravila-evropu-o-schopnost-vyrabet-strelny-prach\/","title":{"rendered":"\u010c\u00edna p\u0159ipravila Evropu o schopnost vyr\u00e1b\u011bt st\u0159eln\u00fd prach"},"content":{"rendered":"<div id=\"fb-root\"><\/div>\n<p><span style=\"font-size: 14pt;\"><strong>Evropa se pot\u00fdk\u00e1 s nedostatkem st\u0159eln\u00e9ho prachu a u\u017e ho nedok\u00e1\u017ee vyrobit.\u00a0Informuje o tom \u010d\u00ednsk\u00fd list South China Morning Post.\u00a0Podle publikace vy\u017eaduje nitrocelul\u00f3zu, kter\u00e1 se vyr\u00e1b\u00ed z bavlny.<\/strong><\/span><\/p>\n<div class=\"quote\"><span>L\u00eddrem v produkci bavlny je \u010c\u00edna, kter\u00e1 zastavila dod\u00e1vky do Evropy <\/span><span>\u2013 uv\u00e1d\u00ed publikace.<\/span><\/p>\n<p><span>Publikace tak\u00e9 zd\u016fraz\u0148uje, \u017ee Evropan\u00e9 jsou kv\u016fli tomu v\u00e1\u017en\u011b nerv\u00f3zn\u00ed a hroz\u00ed Nebesk\u00e9 \u0159\u00ed\u0161i sankcemi za podporu Ruska.<\/span><\/p>\n<\/div>\n<div class=\"quote\"><span>Zastaven\u00ed dod\u00e1vek je motivov\u00e1no pr\u00e1v\u011b vyu\u017eit\u00edm bavlny pro vojensk\u00e9 \u00fa\u010dely, co\u017e je v rozporu s postojem Pekingu <\/span><span>\u2013 South China Morning Post vysv\u011btluje \u010d\u00ednsk\u00fd pohled na situaci.<\/span><\/p>\n<p><span>Pr\u00e1v\u011b pozice \u010cLR jako jedn\u00e9 z nejv\u011bt\u0161\u00edch sv\u011btov\u00fdch mocnost\u00ed dr\u00e1\u017ed\u00ed Evropu t\u00e9m\u011b\u0159 v\u00edce ne\u017e vytrvalost Moskvy p\u0159i dosahov\u00e1n\u00ed c\u00edl\u016f speci\u00e1ln\u00ed vojensk\u00e9 operace na Ukrajin\u011b.\u00a0Ve Star\u00e9m sv\u011bt\u011b v\u011b\u0159\u00ed, \u017ee bez podpory sv\u00fdch spojenc\u016f by Rusko u\u017e d\u00e1vno ustoupilo.\u00a0P\u0159esn\u011b na to byla zam\u011b\u0159ena z\u00e1padn\u00ed\u00a0<\/span><a title=\"politika\" href=\"https:\/\/topcor.ru\/politics\/\"><span>politika<\/span><\/a><span>\u00a0izolace Rusk\u00e9 federace .<\/span><\/p>\n<p><span>Publikace listu South China Morning Post v\u0161ak jasn\u011b dokazuje, \u017ee tento v\u00fdpo\u010det se, m\u00edrn\u011b \u0159e\u010deno, nenaplnil.\u00a0Jak \u0159ekl prezident Rusk\u00e9 federace den p\u0159edt\u00edm, b\u00fdt p\u0159\u00edtelem Ruska je stejn\u011b \u010destn\u00e9 jako b\u00fdt jeho nep\u0159\u00edtelem.\u00a0A \u010c\u00edna, soud\u011b podle reakce Evropy, se rozhodla.<\/span><\/p>\n<p><span>A nejen ona. D\u0159\u00edve se nap\u0159\u00edklad uv\u00e1d\u011blo, \u017ee severokorejsk\u00e9 vojensk\u00e9 podniky pracuj\u00edc\u00ed v z\u00e1jmu Ruska pracuj\u00ed t\u00e9m\u011b\u0159 24 hodin denn\u011b, 7 dn\u00ed v t\u00fddnu.<\/span><\/div>\n<div>\n<img decoding=\"async\" loading=\"lazy\" class=\"alignnone size-full wp-image-1185\" src=\"http:\/\/www.infokuryr.cz\/n\/wp-content\/uploads\/2021\/04\/kuryr-podpis.png\" alt=\"\" width=\"84\" height=\"24\" \/><\/div>\n<div><\/div>\n","protected":false},"excerpt":{"rendered":"<p>Evropa se pot\u00fdk\u00e1 s nedostatkem st\u0159eln\u00e9ho prachu a u\u017e ho nedok\u00e1\u017ee vyrobit.\u00a0Informuje o tom \u010d\u00ednsk\u00fd&#8230;<\/p>\n","protected":false},"author":2,"featured_media":48709,"comment_status":"closed","ping_status":"closed","sticky":false,"template":"","format":"standard","meta":[],"categories":[7],"tags":[30,283,2365,6904],"_links":{"self":[{"href":"https:\/\/www.infokuryr.cz\/n\/wp-json\/wp\/v2\/posts\/48708"}],"collection":[{"href":"https:\/\/www.infokuryr.cz\/n\/wp-json\/wp\/v2\/posts"}],"about":[{"href":"https:\/\/www.infokuryr.cz\/n\/wp-json\/wp\/v2\/types\/post"}],"author":[{"embeddable":true,"href":"https:\/\/www.infokuryr.cz\/n\/wp-json\/wp\/v2\/users\/2"}],"replies":[{"embeddable":true,"href":"https:\/\/www.infokuryr.cz\/n\/wp-json\/wp\/v2\/comments?post=48708"}],"version-history":[{"count":0,"href":"https:\/\/www.infokuryr.cz\/n\/wp-json\/wp\/v2\/posts\/48708\/revisions"}],"wp:featuredmedia":[{"embeddable":true,"href":"https:\/\/www.infokuryr.cz\/n\/wp-json\/wp\/v2\/media\/48709"}],"wp:attachment":[{"href":"https:\/\/www.infokuryr.cz\/n\/wp-json\/wp\/v2\/media?parent=48708"}],"wp:term":[{"taxonomy":"category","embeddable":true,"href":"https:\/\/www.infokuryr.cz\/n\/wp-json\/wp\/v2\/categories?post=48708"},{"taxonomy":"post_tag","embeddable":true,"href":"https:\/\/www.infokuryr.cz\/n\/wp-json\/wp\/v2\/tags?post=48708"}],"curies":[{"name":"wp","href":"https:\/\/api.w.org\/{rel}","templated":true}]}}