{"id":48705,"date":"2024-03-06T00:51:15","date_gmt":"2024-03-05T23:51:15","guid":{"rendered":"https:\/\/www.infokuryr.cz\/n\/?p=48705"},"modified":"2024-03-05T19:59:32","modified_gmt":"2024-03-05T18:59:32","slug":"general-prezident-petr-pavel-po-setkani-s-emmanuelem-macronem-na-prazskem-hrade-plne-podporil","status":"publish","type":"post","link":"https:\/\/www.infokuryr.cz\/n\/2024\/03\/06\/general-prezident-petr-pavel-po-setkani-s-emmanuelem-macronem-na-prazskem-hrade-plne-podporil\/","title":{"rendered":"Gener\u00e1l-prezident Petr Pavel po setk\u00e1n\u00ed s Emmanuelem Macronem na Pra\u017esk\u00e9m hrad\u011b pln\u011b podpo\u0159il&#8230;"},"content":{"rendered":"<div id=\"fb-root\"><\/div>\n<h4>Gener\u00e1l-prezident Petr Pavel po setk\u00e1n\u00ed s Emmanuelem Macronem na Pra\u017esk\u00e9m hrad\u011b pln\u011b podpo\u0159il jeho my\u0161lenku na vysl\u00e1n\u00ed vojsk zem\u00ed EU a NATO na Ukrajinu! M\u011blo by se jednat o \u201cnebojov\u00e9 mise\u201d k zaji\u0161t\u011bn\u00ed v\u00fdcviku AFU, severn\u00ed hranice s B\u011bloruskem, jak d\u0159\u00edve uve\u0159ejnil Aeronet, a rovn\u011b\u017e k odminov\u00e1n\u00ed bl\u00ed\u017ee nespecifikovan\u00fdch oblast\u00ed na Ukrajin\u011b, co\u017e vyvolalo u rusk\u00fdch novin\u00e1\u0159\u016f nejv\u011bt\u0161\u00ed otazn\u00edky!<\/h4>\n<p>Severoatlantick\u00e1 aliance a Evropsk\u00e1 unie se r\u00e1mcov\u011b dohodly na vysl\u00e1n\u00ed tzv. nebojov\u00fdch asisten\u010dn\u00edch vojsk na Ukrajinu, ale zat\u00edm se lad\u00ed ROE (<em>Rules of Engagement \u2013 Pravidla pro zapojen\u00ed<\/em>) a dal\u0161\u00ed detaily mezi \u010dleny EU. Na\u0161\u00ed redakci to v \u00fater\u00fd potvrdil n\u00e1\u0161 zdroj z Bruselu, tent\u00fd\u017e zdroj, kter\u00fd n\u00e1s ji\u017e korektn\u011b a spr\u00e1vn\u011b informoval o unikl\u00e9m pl\u00e1nu Pentagonu na tzv.\u00a0<em>porcel\u00e1novou obranu<\/em>\u00a0na Ukrajin\u011b.\u00a0<strong>M\u011blo by se jednat zpo\u010d\u00e1tku o nebojov\u00e9 mise, co\u017e je podle unikl\u00fdch informac\u00ed podm\u00ednka ROE vy\u017eadovan\u00e1 N\u011bmeckem a dal\u0161\u00edmi st\u00e1ty<\/strong>, p\u0159i\u010dem\u017e se po\u010d\u00edt\u00e1 s t\u00edm, \u017ee Vladimir Putin dal dostate\u010dn\u011b najevo, \u017ee nerozpout\u00e1 III. sv. v\u00e1lku jenom kv\u016fli prost\u00e9mu rozm\u00edst\u011bn\u00ed asisten\u010dn\u00edch vojsk NATO na Ukrajin\u011b.<\/p>\n<p>K tomuto rozhodnut\u00ed do\u0161lo veden\u00ed aliance p\u0159ed dv\u011bma t\u00fddny na sch\u016fzce v Bruselu a minul\u00fd t\u00fdden se vedla na toto t\u00e9ma rozprava \u0161pi\u010dek zem\u00ed EU a NATO v Pa\u0159\u00ed\u017ei na sch\u016fzce u Macrona.\u00a0<strong>A tento posun v podpo\u0159e Ukrajiny od vyzbrojov\u00e1n\u00ed k vysl\u00e1n\u00ed vojsk, by\u0165 zat\u00edm jen s n\u00e1lepkou \u201casisten\u010dn\u00edch\u201d, potvrdil v \u00fater\u00fd na Pra\u017esk\u00e9m hrad\u011b \u010desk\u00fd gener\u00e1l-prezident Petr Pavel<\/strong>\u00a0po vrcholn\u00e9 sch\u016fzce s francouzsk\u00fdm prezidentem Emmanuelem Macronem. N\u00ed\u017ee m\u00e1te dv\u011b videa s uk\u00e1zkami v\u00fdrok\u016f obou prezident\u016f, cel\u00fd z\u00e1znam tiskovky najdete na serveru Novinky.cz v jejich report\u00e1\u017ei\u00a0<strong>[<a href=\"https:\/\/href.li\/?https:\/\/www.novinky.cz\/clanek\/domaci-francouzsky-prezident-macron-prijizdi-na-prazsky-hrad-40462962\" target=\"_blank\" rel=\"nofollow noopener\">1<\/a>]<\/strong>.<\/p>\n<p>&nbsp;<\/p>\n<div id=\"rumble_v4etj99\">\n<div id=\"vid_v4etj99\" class=\"rumble_v4etj99-Rumble-cls\" tabindex=\"-1\">\n<div class=\"bigPlayUI ctp\"><div class='videoWrapper'>\r\n\t            <iframe src='https:\/\/rumble.com\/embed\/pj.v4etj99\/' frameborder='0' allowfullscreen><\/iframe>\r\n\t        <\/div><\/p>\n<div class=\"bigPlayUIInner ctp\"><\/div>\n<\/div>\n<\/div>\n<\/div>\n<p>&nbsp;<\/p>\n<p><strong>Petr Pavel v\u016fbec poprv\u00e9 a otev\u0159en\u011b potvrdil, \u017ee podporuje diskuse o my\u0161lence pro rozm\u00edst\u011bn\u00ed asisten\u010dn\u00edch vojsk zem\u00ed EU a NATO na Ukrajin\u011b<\/strong>, proto\u017ee by pr\u00fd \u0161lo o nebojov\u00e9 jednotky vojsk (<em>pozn. tzv. porcel\u00e1novou obranu<\/em>) ur\u010den\u00e9 k v\u00fdcviku ukrajinsk\u00fdch vojsk, k obran\u011b severn\u00ed hranice Ukrajiny s B\u011bloruskem, p\u0159esn\u011b podle unikl\u00fdch informac\u00ed washingtonsk\u00e9 neziskovky CEPA, o kter\u00e9 jsme na Aeronetu jako prvn\u00ed server v \u010cR informovali ji\u017e v pond\u011bl\u00ed v na\u0161em \u010dl\u00e1nku\u00a0<strong>[<a href=\"https:\/\/aeronet.news\/je-cas-vyslat-na-ukrajinu-sily-eu-mocny-americky-think-tank-z-washingtonu-vyzval-k-vytvoreni-naraznikoveho-pasma-vojsk-eu-na-ukrajinsko-beloruske-hranici-coz-by-uvolnilo-20-ukrajinskych-brigad\/\">2<\/a>]<\/strong>, a rovn\u011b\u017e by vojska NATO a EU m\u011bla za \u00fakol odminov\u00e1n\u00ed bl\u00ed\u017ee neur\u010den\u00fdch \u00fazem\u00ed Ukrajiny, co\u017e samo o sob\u011b je nejpodivn\u011bj\u0161\u00ed \u00fakol, kter\u00fd vyvol\u00e1v\u00e1 nejv\u011bt\u0161\u00ed obavy.<\/p>\n<h6><span style=\"font-size: 18pt;\">Rusko nesm\u00ed vyhr\u00e1t: Petr Pavel podpo\u0159il Emmanuela Macrona a jeho 5 bod\u016f nov\u00e9 pomoci Ukrajin\u011b<\/span><\/h6>\n<p>Na Ukrajin\u011b se toti\u017e zaminovan\u00e1 \u00fazem\u00ed nach\u00e1z\u00ed jen na bojov\u00e9 linii fronty a t\u011bsn\u011b za n\u00ed a p\u0159ed n\u00ed, podle toho jak postupuje fronta, a rovn\u011b\u017e podle toho, kdo zrovna z\u00edsk\u00e1v\u00e1 \u00fazemn\u00ed zisky, a kdo naopak ustupuje a stahuje se. Odminov\u00e1n\u00ed tak p\u0159ipad\u00e1 v \u00favahu jen v bl\u00edzkosti frontov\u00e9 linie, p\u0159\u00edpadn\u011b v Z\u00e1poro\u017e\u00ed na linii doteku s c\u00edlem odminovat ruskou Surovikinovu linii.<\/p>\n<p>&nbsp;<\/p>\n<div id=\"rumble_v4eudyx\">\n<div id=\"vid_v4eudyx\" class=\"rumble_v4eudyx-Rumble-cls\" tabindex=\"-1\">\n<div class=\"bigPlayUI ctp\"><div class='videoWrapper'>\r\n\t            <iframe src='https:\/\/rumble.com\/embed\/pj.v4eudyx\/' frameborder='0' allowfullscreen><\/iframe>\r\n\t        <\/div><\/p>\n<div class=\"bigPlayUIInner ctp\"><\/div>\n<\/div>\n<\/div>\n<\/div>\n<p>&nbsp;<\/p>\n<p>To by ale byla sebevra\u017eda pro jednotky NATO a nechce se mi v\u011b\u0159it, \u017ee pr\u00e1v\u011b tohoto prostoru by se m\u011bla t\u00fdkat pomoc Ukrajin\u011b s odminov\u00e1n\u00edm. Emmanuel Macron na tiskovce na Pra\u017esk\u00e9m hrad\u011b odtajnil, co bylo m.j. na sch\u016fzce v Pa\u0159\u00ed\u017ei minul\u00e9 pond\u011bl\u00ed t\u00e9matem jednan\u00ed. Mluvilo se pr\u00fd o 5 sm\u011brech pomoci Ukrajin\u011b:<\/p>\n<ul>\n<li>Odminov\u00e1n\u00ed na Ukrajin\u011b<\/li>\n<li>Civiln\u00ed p\u0159\u00edtomnost (<em>nebojov\u00fdch vojsk zem\u00ed NATO \u2013 pozn. porcel\u00e1nov\u00e1 linie<\/em>) na hranici s B\u011bloruskem<\/li>\n<li>Ochrana Moldavska<\/li>\n<li>Pr\u016fmyslov\u00e1 v\u00fdroba NATO na Ukrajin\u011b<\/li>\n<li>Kybernetick\u00e1 podpora<\/li>\n<\/ul>\n<p><a href=\"https:\/\/stranapro.cz\/\"><img decoding=\"async\" loading=\"lazy\" class=\"alignnone  wp-image-40285 aligncenter\" src=\"http:\/\/www.infokuryr.cz\/n\/wp-content\/uploads\/2023\/11\/11pro-300x79.png\" alt=\"\" width=\"513\" height=\"135\" srcset=\"https:\/\/www.infokuryr.cz\/n\/wp-content\/uploads\/2023\/11\/11pro-300x79.png 300w, https:\/\/www.infokuryr.cz\/n\/wp-content\/uploads\/2023\/11\/11pro.png 363w\" sizes=\"(max-width: 513px) 100vw, 513px\" \/><\/a><\/p>\n<p>T\u011bchto 5 bod\u016f bylo podle Macrona p\u0159edm\u011btem jedn\u00e1n\u00ed minul\u00fd t\u00fdden v Pa\u0159\u00ed\u017ei a je jasn\u00e9, \u017ee informace, kter\u00e9 ji\u017e v p\u0159edstihu publikoval Aeronet, jsou nyn\u00ed pln\u011b potvrzeny.\u00a0<strong>Zem\u011b NATO a EU tak cht\u011bj\u00ed na Ukrajin\u011b vytvo\u0159it porcel\u00e1novou obranu, kter\u00e1 se bude skl\u00e1dat z v\u00edce prvk\u016f.<\/strong>\u00a0Jednak p\u016fjde o vytvo\u0159en\u00ed tzv. porcel\u00e1nov\u00e9 linie na hranici s B\u011bloruskem, jak u\u017e uve\u0159ejnil washingtonsk\u00fd think-tank CEPA\u00a0<strong>[<a href=\"https:\/\/aeronet.news\/je-cas-vyslat-na-ukrajinu-sily-eu-mocny-americky-think-tank-z-washingtonu-vyzval-k-vytvoreni-naraznikoveho-pasma-vojsk-eu-na-ukrajinsko-beloruske-hranici-coz-by-uvolnilo-20-ukrajinskych-brigad\/\">3<\/a>]<\/strong>. D\u00e1le by m\u011bl vzniknout tzv. porcel\u00e1nov\u00fd de\u0161tn\u00edk nad podniky a z\u00e1vody na Ukrajin\u011b, kde by prob\u00edhala v\u00fdroba zbran\u00ed a munice pod ochranou PVO syst\u00e9m\u016f asisten\u010dn\u00edch mis\u00ed NATO a EU. Nejv\u011bt\u0161\u00ed otazn\u00edk je podle rusk\u00fdch novin\u00e1\u0159\u016f, se kter\u00fdmi jsme v \u00fater\u00fd konzultovali z\u00e1v\u011bry Pra\u017esk\u00e9ho summitu mezi Petrem Pavlem a Emmanuelem Macronem, pr\u00e1v\u011b ta zm\u00ednka o odminov\u00e1n\u00ed Ukrajiny.<\/p>\n<h6><span style=\"font-size: 18pt;\">Co budou proboha sap\u00e9\u0159i z NATO odminov\u00e1vat na Ukrajin\u011b? Ukrajinsk\u00e1 nebo rusk\u00e1 minov\u00e1 pole?<\/span><\/h6>\n<p>Na Ukrajin\u011b jsou pouze dva typy minov\u00fdch pol\u00ed \u2013 Jsou to ukrajinsk\u00e1 minov\u00e1 pole budovan\u00e1 ji\u017e od roku 2014 na Donbasu, kde ala pr\u00e1v\u011b te\u010f prob\u00edhaj\u00ed nejzu\u0159iv\u011bj\u0161\u00ed boje. A druh\u00fdm typem minov\u00fdch pol\u00ed je Surovikinova linie v Z\u00e1poro\u017e\u00ed vybudovan\u00e1 od podzimu 2022 do jara 2023 Ruskou arm\u00e1dou.\u00a0<strong>Nikde jinde na Ukrajin\u011b minov\u00e1 pole nejsou, proto\u017ee Rusov\u00e9 se p\u0159i invazi na Ukrajinu na ja\u0159e 2022 nikde nezakop\u00e1vali a nikde nevytv\u00e1\u0159eli defenzivn\u00ed minov\u00e1 pole.<\/strong>\u00a0To za\u010dalo a\u017e po n\u00e1stupu Sergeje Surovikina do funkce velitele SVO na podzim 2022, kdy\u017e na\u0159\u00eddil budov\u00e1n\u00ed nejv\u011bt\u0161\u00ed minov\u00e9 linie po II. sv. v\u00e1lce na linii doteku v Z\u00e1poro\u017e\u00ed.<\/p>\n<figure id=\"attachment_53926\" class=\"wp-caption aligncenter\" style=\"width: 695px;\"><a href=\"https:\/\/aeronet.news\/wp-content\/uploads\/SergejSurovikinVSR.jpg\"><img decoding=\"async\" loading=\"lazy\" class=\"wp-image-53926 \" src=\"https:\/\/aeronet.news\/wp-content\/uploads\/SergejSurovikinVSR-1024x576.jpg\" sizes=\"(max-width: 700px) 100vw, 700px\" srcset=\"https:\/\/aeronet.news\/wp-content\/uploads\/SergejSurovikinVSR-1024x576.jpg 1024w, https:\/\/aeronet.news\/wp-content\/uploads\/SergejSurovikinVSR-300x169.jpg 300w, https:\/\/aeronet.news\/wp-content\/uploads\/SergejSurovikinVSR-768x432.jpg 768w, https:\/\/aeronet.news\/wp-content\/uploads\/SergejSurovikinVSR-700x394.jpg 700w, https:\/\/aeronet.news\/wp-content\/uploads\/SergejSurovikinVSR-635x357.jpg 635w, https:\/\/aeronet.news\/wp-content\/uploads\/SergejSurovikinVSR-859x483.jpg 859w, https:\/\/aeronet.news\/wp-content\/uploads\/SergejSurovikinVSR.jpg 1360w\" alt=\"\" width=\"695\" height=\"391\" \/><\/a><figcaption class=\"wp-caption-text\">Gen. Sergej Surovikin, b\u00fdval\u00fd velitel SVO na Ukrajin\u011b<\/figcaption><\/figure>\n<p>Jak\u00e9 prostory tedy budou nebojov\u00e1 vojska NATO a EU odminov\u00e1vat na Ukrajin\u011b, to je st\u00e1le z\u00e1hadou a existuje riziko \u010dir\u00e9ho \u0161\u00edlenstv\u00ed, \u017ee by se mohlo jednat o my\u0161lenku odminov\u00e1n\u00ed Surovikinovy linie, co\u017e by skon\u010dilo syp\u00e1n\u00edm rusk\u00fdch d\u011blost\u0159eleck\u00fdch gran\u00e1t\u016f na hlavy sap\u00e9r\u016f z vojsk NATO, bez ohledu na porcel\u00e1nov\u00fd de\u0161tn\u00edk.<\/p>\n<p>Nedovedu si p\u0159edstavit, \u017ee toto by bylo dovoleno ze strany Kremlu, i kdy\u017e Kreml dovoluje NATO hodn\u011b, t\u0159eba zab\u00edjen\u00ed civilist\u016f v Belgorodu americk\u00fdmi, \u010desk\u00fdmi a dal\u0161\u00edmi raketomety a raketami. Ov\u0161em vstup sap\u00e9rsk\u00fdch jednotek NATO na minov\u00e1 pole v Z\u00e1poro\u017e\u00ed by nebylo tolerov\u00e1no. Jen\u017ee vylou\u010dit to opravdu nejde, proto\u017ee pokud se uk\u00e1\u017ee, \u017ee Kreml se opravdu neodv\u00e1\u017e\u00ed ude\u0159it na porcel\u00e1nov\u00e9 linie z obav z vypuknut\u00ed otev\u0159en\u00e9 v\u00e1lky se 31 zem\u011bmi NATO, tak potom dojde v NATO k p\u0159esv\u011bd\u010den\u00ed, \u017ee to lze prov\u00e9st.<\/p>\n<h6><span style=\"font-size: 18pt;\">Macron a Pavel potvrdili pl\u00e1n na Porcel\u00e1novou obranu Ukrajiny<\/span><\/h6>\n<p>Kreml si za tuto situaci m\u016f\u017ee s\u00e1m, proto\u017ee neust\u00e1l\u00e9 p\u0159ekra\u010dov\u00e1n\u00ed Kremlem kreslen\u00fdch \u010derven\u00fdch lini\u00ed ze strany NATO skute\u010dn\u011b dovedlo alianci k p\u0159esv\u011bd\u010den\u00ed, \u017ee lze vyslat vojska na Ukrajinu beztrestn\u011b, ale zat\u00edm jen pro jistotu pod maskou nebojov\u00fdch asisten\u010dn\u00edch jednotek pro vytvo\u0159en\u00ed porcel\u00e1nov\u00e9 obrany NATO na Ukrajin\u011b.\u00a0<strong>A sch\u016fzka Emmanuela Macrona a Petra Pavla v Praze je potvrzen\u00edm, \u017ee do\u0161lo ke konjunkci a k pr\u016fniku postoj\u016f Macrona a Pavla ve v\u011bci vysl\u00e1n\u00ed vojsk na Ukrajinu<\/strong>.<\/p>\n<p>Budou to asisten\u010dn\u00ed mise vojsk, kter\u00e9 budou samoz\u0159ejm\u011b pln\u011b ozbrojen\u00e9, ale ofici\u00e1ln\u011b p\u016fjde o nebojov\u00e9 \u00fatvary, proto\u017ee v r\u00e1mci ROE pravidel nebudou m\u00edt, minim\u00e1ln\u011b v prvn\u00ed f\u00e1zi, povoleno \u00fa\u010dastnit se boj\u016f s Ruskou arm\u00e1dou, ale to se zm\u011bn\u00ed v okam\u017eiku, kdy na Ukrajin\u011b zem\u0159ou prvn\u00ed jednotky a \u00fatvary voj\u00e1k\u016f ze zem\u00ed NATO z t\u011bchto asisten\u010dn\u00edch mis\u00ed.<\/p>\n<figure id=\"attachment_58836\" class=\"wp-caption aligncenter\" style=\"width: 697px;\"><a href=\"https:\/\/aeronet.news\/wp-content\/uploads\/MacronPavelHrad.jpg\"><img decoding=\"async\" loading=\"lazy\" class=\"wp-image-58836 \" src=\"https:\/\/aeronet.news\/wp-content\/uploads\/MacronPavelHrad-1024x713.jpg\" sizes=\"(max-width: 700px) 100vw, 700px\" srcset=\"https:\/\/aeronet.news\/wp-content\/uploads\/MacronPavelHrad-1024x713.jpg 1024w, https:\/\/aeronet.news\/wp-content\/uploads\/MacronPavelHrad-300x209.jpg 300w, https:\/\/aeronet.news\/wp-content\/uploads\/MacronPavelHrad-768x535.jpg 768w, https:\/\/aeronet.news\/wp-content\/uploads\/MacronPavelHrad-700x487.jpg 700w, https:\/\/aeronet.news\/wp-content\/uploads\/MacronPavelHrad-513x357.jpg 513w, https:\/\/aeronet.news\/wp-content\/uploads\/MacronPavelHrad-694x483.jpg 694w, https:\/\/aeronet.news\/wp-content\/uploads\/MacronPavelHrad.jpg 1280w\" alt=\"\" width=\"697\" height=\"485\" \/><\/a><figcaption class=\"wp-caption-text\">Emmanuel Macron s Petrem Pavlem na Pra\u017esk\u00e9m hrad\u011b<\/figcaption><\/figure>\n<p>Pokud si NATO mysl\u00ed, \u017ee vytvo\u0159\u00ed nad v\u00fdcvikov\u00fdmi t\u00e1bory a nad ukrajinsk\u00fdmi zbrojovkami a stroj\u00edrnami porcel\u00e1nov\u00e9 de\u0161tn\u00edky s rozm\u00edst\u011bn\u00fdmi asisten\u010dn\u00edmi voj\u00e1ky a s jejich PVO komplexy, tak Rusov\u00e9 to d\u0159\u00edve \u010di pozd\u011bji p\u0159estanou respektovat a za\u010dnou padat rusk\u00e9 rakety na tyto porcel\u00e1nov\u00e9 instalace, co\u017e povede k eskalaci a ke smrti voj\u00e1k\u016f NATO, co\u017e povede bu\u010f k okam\u017eit\u00e9mu sta\u017een\u00ed vojsk NATO z Ukrajiny, anebo dojde ke zm\u011bn\u011b pravidel ROE, tak\u017ee vojska NATO se z asisten\u010dn\u00edho zapojen\u00ed zm\u011bn\u00ed na opera\u010dn\u011b-taktick\u00e9.<\/p>\n<p>V tom okam\u017eiku bude NATO ve v\u00e1lce s Ruskem.\u00a0<strong>Gener\u00e1l Petr Pavel to mus\u00ed v\u011bd\u011bt, proto\u017ee porcel\u00e1nov\u00e1 obrana bude fungovat jen tam, kde pro Rusko nebude rozm\u00edst\u011bna strategick\u00e1 hrozba pro c\u00edle SVO operace na Ukrajin\u011b.<\/strong>\u00a0M\u016f\u017ee to fungovat na linii s B\u011bloruskem. Ale nebude to fungovat na obranu zbrojn\u00edch podnik\u016f na z\u00e1pad\u011b Ukrajiny, ani to nebude fungovat na sap\u00e9rsk\u00e9 jednotky, kter\u00e9 by za\u010daly rozeb\u00edrat za b\u00edl\u00e9ho dne Rus\u016fm jejich Surovikinovu linii v Z\u00e1poro\u017e\u00ed.<\/p>\n<h6><span style=\"font-size: 18pt;\">O vysl\u00e1n\u00ed vojsk NATO a EU na Ukrajinu je podle v\u0161eho ji\u017e definitivn\u011b rozhodnuto a te\u010f se jen lad\u00ed ve\u0159ejn\u00e9 m\u00edn\u011bn\u00ed<\/span><\/h6>\n<p>V\u0161echno, co te\u010f vid\u00edme okolo diskus\u00ed o vysl\u00e1n\u00ed vojsk NATO a EU na Ukrajinu, je vlastn\u011b sal\u00e1mov\u00e1 metoda, kdy se podpora ve\u0159ejnosti pro mise na Ukrajin\u011b z\u00edsk\u00e1v\u00e1 uji\u0161t\u011bn\u00edm, \u017ee nep\u016fjde o bojov\u00e9 jednotky, ale \u017ee p\u016fjde o asistenty na v\u00fdcvik voj\u00e1k\u016f na Ukrajin\u011b, k ochran\u011b hranice s B\u011bloruskem atd.<\/p>\n<p><strong>Odborn\u00edk\u016fm v\u0161ak u\u017e nyn\u00ed je jasn\u00e9, \u017ee v t\u00e9to f\u00e1zi je u\u017e o vysl\u00e1n\u00ed vojsk na Ukrajinu rozhodnuto a pouze te\u010f prob\u00edh\u00e1 tzv. p\u0159edp\u00edrka na 30 stup\u0148\u016f Celsia<\/strong>, tedy p\u0159edp\u00edrka ve\u0159ejn\u00e9ho m\u00edn\u011bn\u00ed a politick\u00e9ho konsenzu, aby to jednotliv\u00e9 vl\u00e1dy zem\u00ed NATO a EU dok\u00e1zaly str\u00e1vit, spolknout a hlavn\u011b vyrovnat se s t\u00edm, proto\u017ee s t\u00edmto krokem nikdo z nich, a\u017e na v\u00fdjimky, v\u016fbec nepo\u010d\u00edtal.<\/p>\n<figure id=\"attachment_58823\" class=\"wp-caption aligncenter\" style=\"width: 676px;\"><a href=\"https:\/\/aeronet.news\/wp-content\/uploads\/MapUAmission.jpg\"><img decoding=\"async\" loading=\"lazy\" class=\"wp-image-58823 \" src=\"https:\/\/aeronet.news\/wp-content\/uploads\/MapUAmission-1024x1024.jpg\" sizes=\"(max-width: 700px) 100vw, 700px\" srcset=\"https:\/\/aeronet.news\/wp-content\/uploads\/MapUAmission-1024x1024.jpg 1024w, https:\/\/aeronet.news\/wp-content\/uploads\/MapUAmission-150x150.jpg 150w, https:\/\/aeronet.news\/wp-content\/uploads\/MapUAmission-300x300.jpg 300w, https:\/\/aeronet.news\/wp-content\/uploads\/MapUAmission-768x768.jpg 768w, https:\/\/aeronet.news\/wp-content\/uploads\/MapUAmission-700x700.jpg 700w, https:\/\/aeronet.news\/wp-content\/uploads\/MapUAmission-357x357.jpg 357w, https:\/\/aeronet.news\/wp-content\/uploads\/MapUAmission-483x483.jpg 483w, https:\/\/aeronet.news\/wp-content\/uploads\/MapUAmission-210x210.jpg 210w, https:\/\/aeronet.news\/wp-content\/uploads\/MapUAmission.jpg 1280w\" alt=\"\" width=\"676\" height=\"676\" \/><\/a><figcaption class=\"wp-caption-text\">Pl\u00e1n na porcel\u00e1nov\u00e9 obrann\u00e9 linie na Ukrajin\u011b<\/figcaption><\/figure>\n<p>Zapojov\u00e1n\u00ed vojsk zem\u00ed NATO, by\u0165 s uji\u0161t\u011bn\u00edm, \u017ee nep\u016fjde o bojov\u00e9 \u00fatvary, nebylo nikdy v pl\u00e1nu a nikdo o tom politik\u016fm v EU ne\u0159\u00edkal. Celou dobu se jela doktr\u00edna, \u017ee Ukrajinci to vybojuj\u00ed za n\u00e1s a pot\u0159ebuj\u00ed jen zbran\u011b a munici, nic v\u00edc. Hodn\u011b se na tom pod\u00edlel\u00a0<em>\u0147ucha\u010denko<\/em>, kter\u00fd obj\u00ed\u017ed\u011bl Evropu a USA, kde v\u0161ude po\u0159\u00e1d dokola tvrdil, \u017ee ukrajinsk\u00e1 arm\u00e1da zvl\u00e1dne porazit Rusko, ale pot\u0159ebuje pen\u00edze, zbran\u011b a munici.<\/p>\n<p>A uk\u00e1zalo se, \u017ee to nen\u00ed pravda, \u017ee je to bohapust\u00e1 le\u017e. A to, co te\u010f vid\u00edte, to jsou z\u00e1chran\u00e1\u0159sk\u00e9 pr\u00e1ce EU a NATO, jak zachr\u00e1nit zpackanou operaci s Ukrajinou. Za\u010d\u00edn\u00e1 3. rok spec-opky na Ukrajin\u011b a najednou se u\u017e nemluv\u00ed o tom, \u017ee Ukrajina to d\u00e1, proto\u017ee te\u010f se mluv\u00ed o tom, jak poslat na Ukrajinu asisten\u010dn\u00ed a ur\u010dit\u011b pr\u00fd nebojov\u00e1 vojska zem\u00ed EU a NATO. A t\u00edm je to dan\u00e9. A t\u00edm je to zapo\u010dat\u00e9. Rok 2024 je rokem \u0161\u00edlenc\u016f, kte\u0159\u00ed se rozhodli p\u0159iv\u00e9st sv\u011bt ke III. sv. v\u00e1lce!<\/p>\n<p><a href=\"https:\/\/aeronet.news\/general-prezident-petr-pavel-po-setkani-s-emmanuelem-macronem-na-prazskem-hrade-plne-podporil-jeho-myslenku-na-vyslani-vojsk-zemi-eu-a-nato-na-ukrajinu-melo-by-se-jednat-o-nebojove-mise\/\">-VK- \u0160\u00e9fredaktor AE News<\/a><\/p>\n<p><img decoding=\"async\" loading=\"lazy\" class=\"wp-image-47634 aligncenter\" src=\"http:\/\/www.infokuryr.cz\/n\/wp-content\/uploads\/2024\/02\/Pozvanka_Praha-_23.3.24-300x229.jpg\" alt=\"\" width=\"732\" height=\"559\" srcset=\"https:\/\/www.infokuryr.cz\/n\/wp-content\/uploads\/2024\/02\/Pozvanka_Praha-_23.3.24-300x229.jpg 300w, https:\/\/www.infokuryr.cz\/n\/wp-content\/uploads\/2024\/02\/Pozvanka_Praha-_23.3.24.jpg 595w\" sizes=\"(max-width: 732px) 100vw, 732px\" \/><\/p>\n","protected":false},"excerpt":{"rendered":"<p>Gener\u00e1l-prezident Petr Pavel po setk\u00e1n\u00ed s Emmanuelem Macronem na Pra\u017esk\u00e9m hrad\u011b pln\u011b podpo\u0159il jeho my\u0161lenku&#8230;<\/p>\n","protected":false},"author":2,"featured_media":48706,"comment_status":"closed","ping_status":"closed","sticky":false,"template":"","format":"standard","meta":[],"categories":[6],"tags":[425,307,1173,1629,26,5135],"_links":{"self":[{"href":"https:\/\/www.infokuryr.cz\/n\/wp-json\/wp\/v2\/posts\/48705"}],"collection":[{"href":"https:\/\/www.infokuryr.cz\/n\/wp-json\/wp\/v2\/posts"}],"about":[{"href":"https:\/\/www.infokuryr.cz\/n\/wp-json\/wp\/v2\/types\/post"}],"author":[{"embeddable":true,"href":"https:\/\/www.infokuryr.cz\/n\/wp-json\/wp\/v2\/users\/2"}],"replies":[{"embeddable":true,"href":"https:\/\/www.infokuryr.cz\/n\/wp-json\/wp\/v2\/comments?post=48705"}],"version-history":[{"count":1,"href":"https:\/\/www.infokuryr.cz\/n\/wp-json\/wp\/v2\/posts\/48705\/revisions"}],"predecessor-version":[{"id":48707,"href":"https:\/\/www.infokuryr.cz\/n\/wp-json\/wp\/v2\/posts\/48705\/revisions\/48707"}],"wp:featuredmedia":[{"embeddable":true,"href":"https:\/\/www.infokuryr.cz\/n\/wp-json\/wp\/v2\/media\/48706"}],"wp:attachment":[{"href":"https:\/\/www.infokuryr.cz\/n\/wp-json\/wp\/v2\/media?parent=48705"}],"wp:term":[{"taxonomy":"category","embeddable":true,"href":"https:\/\/www.infokuryr.cz\/n\/wp-json\/wp\/v2\/categories?post=48705"},{"taxonomy":"post_tag","embeddable":true,"href":"https:\/\/www.infokuryr.cz\/n\/wp-json\/wp\/v2\/tags?post=48705"}],"curies":[{"name":"wp","href":"https:\/\/api.w.org\/{rel}","templated":true}]}}