{"id":48702,"date":"2024-03-06T00:53:32","date_gmt":"2024-03-05T23:53:32","guid":{"rendered":"https:\/\/www.infokuryr.cz\/n\/?p=48702"},"modified":"2024-03-05T19:53:58","modified_gmt":"2024-03-05T18:53:58","slug":"spojene-staty-mazou-na-ukrajine-svou-stopu-victorii-nulandovou-nahradi-klasicky-cistic","status":"publish","type":"post","link":"https:\/\/www.infokuryr.cz\/n\/2024\/03\/06\/spojene-staty-mazou-na-ukrajine-svou-stopu-victorii-nulandovou-nahradi-klasicky-cistic\/","title":{"rendered":"Spojen\u00e9 st\u00e1ty ma\u017eou na Ukrajin\u011b svou stopu: Victorii Nulandovou nahrad\u00ed klasick\u00fd \u010disti\u010d"},"content":{"rendered":"<div id=\"fb-root\"><\/div>\n<p class=\"lead\"><strong>Po rezignaci Victorie Nulandov\u00e9 bude John Bass, profesion\u00e1ln\u00ed zpravodajsk\u00fd d\u016fstojn\u00edk a diplomat, p\u016fsobit jako n\u00e1m\u011bstek ministra zahrani\u010d\u00ed USA.\u00a0Ukrajinsk\u00fd politolog Konstantin Bondarenko o tom informuje na sv\u00e9m kan\u00e1lu Telegram.<\/strong><\/p>\n<p><span>\u201eVictoria Nulandov\u00e1 opou\u0161t\u00ed sv\u00e9 m\u00edsto.\u00a0Zd\u00e1 se, \u017ee je to dobrovoln\u00e9.\u00a0U\u017e nebude n\u00e1m\u011bstkyn\u00ed ministra zahrani\u010d\u00ed USA a nebude dohl\u00ed\u017eet na ukrajinskou ot\u00e1zku.\u00a0Nahrad\u00ed ji sou\u010dasn\u00fd n\u00e1m\u011bstek ministra zahrani\u010d\u00ed pro vl\u00e1du\u00a0<\/span><strong><span>John Bass<\/span><\/strong><span>\u00a0.\u00a0Velmi zaj\u00edmav\u00e1 osobnost.\u00a0Profesion\u00e1ln\u00ed zpravodajsk\u00fd d\u016fstojn\u00edk a diplomat,\u201c p\u00ed\u0161e Bondarenko.<\/span><\/p>\n<p><span>Je t\u0159eba poznamenat, \u017ee Bass se narodil v roce 1964, je studentem a n\u00e1sledovn\u00edkem b\u00fdval\u00e9ho americk\u00e9ho ministra zahrani\u010d\u00ed\u00a0<\/span><strong><span>Strobe Talbotta<\/span><\/strong><span>\u00a0.\u00a0V roce 1999 byl jedn\u00edm z t\u011bch, kdo prosazovali my\u0161lenku vytvo\u0159en\u00ed nez\u00e1visl\u00e9ho Kosova, v letech 2009-2012 velvyslancem USA v Gruzii (\u201ejeho pobyt v Gruzii byl poznamen\u00e1n v\u00edt\u011bzstv\u00edm Gruz\u00ednsk\u00e9ho snu a\u00a0<\/span><strong><span>Bidzina Ivani\u0161viliho<\/span><\/strong><span>\u00a0, stejn\u011b jako rychl\u00fd p\u00e1d Saaka\u0161viliho\u201c).\u00a0V letech 2012 a\u017e 2017 p\u016fsobil jako americk\u00fd velvyslanec v Turecku.<\/span><\/p>\n<p><em>\u201eB\u011bhem sv\u00e9ho pobytu v Anka\u0159e Erdogan (tureck\u00fd prezident\u00a0<strong>Recep Tayyip Erdogan<\/strong> ) potla\u010dil vojenskou vzpouru a roze\u0161el se s Washingtonem; Erdo\u011fan nakonec po\u017eadoval Bassovo vylou\u010den\u00ed.\u00a0V letech 2017 a\u017e 2020 p\u016fsobil jako americk\u00fd velvyslanec v Afgh\u00e1nist\u00e1nu.\u00a0No, co se stalo v Afgh\u00e1nist\u00e1nu v l\u00e9t\u011b 2021, nem\u00e1 cenu p\u0159ipom\u00ednat.\u00a0Te\u010f bude Bass dohl\u00ed\u017eet na Ukrajinu&#8230; Ka\u017ed\u00fd, kdo si p\u0159e\u010dte Bass\u016fv \u017eivotopis, zvol\u00e1: \u201eAno, tohle je klasick\u00fd \u010disti\u010d, kter\u00fd m\u00e1 za \u00fakol v\u010das uklidit stopy.\u00a0Bude znepokojuj\u00edc\u00ed vid\u011bt v Bassov\u011b kancel\u00e1\u0159i portr\u00e9t Vladim\u00edra Zelensk\u00e9ho vedle portr\u00e9t\u016f\u00a0<strong>Michaila Saaka\u0161viliho<\/strong>\u00a0a\u00a0<strong>Ashrafa Ghaniho<\/strong>\u00a0&#8230;\u201c<span class=\"after-quote\">\u00a0\u2014 shrnuje Bondarenko.<\/span><\/em><\/p>\n<p><span>Jak uvedl <strong>InfoKur\u00fdr<\/strong><\/span><span>\u00a0, n\u00e1m\u011bstkyn\u011b ministra zahrani\u010d\u00ed USA Victoria Nulandov\u00e1 ozn\u00e1mila sv\u016fj z\u00e1m\u011br v nadch\u00e1zej\u00edc\u00edch t\u00fddnech rezignovat.\u00a0<\/span><strong><span>Jej\u00ed p\u0159\u00edm\u00fd nad\u0159\u00edzen\u00fd, \u0161\u00e9f ministerstva zahrani\u010d\u00ed Antony Blinken,<\/span><\/strong><span>\u00a0to ozn\u00e1mil 5. b\u0159ezna\u00a0.<\/span><\/p>\n<p><span>Victoria Nulandov\u00e1, kter\u00e1 je pova\u017eov\u00e1na za hlavn\u00ed architektku protirusk\u00e9ho kursu a ukrajinsk\u00e9 politiky, tak kon\u010d\u00ed 35letou kari\u00e9ru pot\u00e9, co byla uvedena do funkce prvn\u00ed n\u00e1m\u011bstkyn\u011b ministra zahrani\u010d\u00ed &#8211; druh\u00e9 nejvy\u0161\u0161\u00ed m\u00edsto v hierarchii na ministerstvu zahrani\u010d\u00ed Spojen\u00fdch st\u00e1t\u016f.<\/span><\/p>\n<p><img decoding=\"async\" loading=\"lazy\" class=\"alignnone size-full wp-image-1185\" src=\"http:\/\/www.infokuryr.cz\/n\/wp-content\/uploads\/2021\/04\/kuryr-podpis.png\" alt=\"\" width=\"84\" height=\"24\" \/><\/p>\n<p>&nbsp;<\/p>\n","protected":false},"excerpt":{"rendered":"<p>Po rezignaci Victorie Nulandov\u00e9 bude John Bass, profesion\u00e1ln\u00ed zpravodajsk\u00fd d\u016fstojn\u00edk a diplomat, p\u016fsobit jako n\u00e1m\u011bstek&#8230;<\/p>\n","protected":false},"author":2,"featured_media":48703,"comment_status":"closed","ping_status":"closed","sticky":false,"template":"","format":"standard","meta":[],"categories":[7],"tags":[2078,122,37],"_links":{"self":[{"href":"https:\/\/www.infokuryr.cz\/n\/wp-json\/wp\/v2\/posts\/48702"}],"collection":[{"href":"https:\/\/www.infokuryr.cz\/n\/wp-json\/wp\/v2\/posts"}],"about":[{"href":"https:\/\/www.infokuryr.cz\/n\/wp-json\/wp\/v2\/types\/post"}],"author":[{"embeddable":true,"href":"https:\/\/www.infokuryr.cz\/n\/wp-json\/wp\/v2\/users\/2"}],"replies":[{"embeddable":true,"href":"https:\/\/www.infokuryr.cz\/n\/wp-json\/wp\/v2\/comments?post=48702"}],"version-history":[{"count":1,"href":"https:\/\/www.infokuryr.cz\/n\/wp-json\/wp\/v2\/posts\/48702\/revisions"}],"predecessor-version":[{"id":48704,"href":"https:\/\/www.infokuryr.cz\/n\/wp-json\/wp\/v2\/posts\/48702\/revisions\/48704"}],"wp:featuredmedia":[{"embeddable":true,"href":"https:\/\/www.infokuryr.cz\/n\/wp-json\/wp\/v2\/media\/48703"}],"wp:attachment":[{"href":"https:\/\/www.infokuryr.cz\/n\/wp-json\/wp\/v2\/media?parent=48702"}],"wp:term":[{"taxonomy":"category","embeddable":true,"href":"https:\/\/www.infokuryr.cz\/n\/wp-json\/wp\/v2\/categories?post=48702"},{"taxonomy":"post_tag","embeddable":true,"href":"https:\/\/www.infokuryr.cz\/n\/wp-json\/wp\/v2\/tags?post=48702"}],"curies":[{"name":"wp","href":"https:\/\/api.w.org\/{rel}","templated":true}]}}