{"id":48699,"date":"2024-03-06T00:52:11","date_gmt":"2024-03-05T23:52:11","guid":{"rendered":"https:\/\/www.infokuryr.cz\/n\/?p=48699"},"modified":"2024-03-05T19:38:53","modified_gmt":"2024-03-05T18:38:53","slug":"tlusta-krysa-skace-z-lodi-victoria-nulandova-oznamila-svou-rezignaci","status":"publish","type":"post","link":"https:\/\/www.infokuryr.cz\/n\/2024\/03\/06\/tlusta-krysa-skace-z-lodi-victoria-nulandova-oznamila-svou-rezignaci\/","title":{"rendered":"Tlust\u00e1 krysa sk\u00e1\u010de z lodi: Victoria Nulandov\u00e1 ozn\u00e1mila svou rezignaci"},"content":{"rendered":"<div id=\"fb-root\"><\/div>\n<p class=\"lead\"><strong>N\u00e1m\u011bstkyn\u011b ministra zahrani\u010d\u00ed USA Victoria Nulandov\u00e1 ozn\u00e1mila sv\u016fj z\u00e1m\u011br v nadch\u00e1zej\u00edc\u00edch t\u00fddnech rezignovat. Ozn\u00e1mil to dne 5. b\u0159ezna, jej\u00ed p\u0159\u00edm\u00fd nad\u0159\u00edzen\u00fd, \u0161\u00e9f ministerstva zahrani\u010d\u00ed Antony Blinken.<\/strong><\/p>\n<p>Victoria Nulandov\u00e1, kter\u00e1 je pova\u017eov\u00e1na za hlavn\u00ed architektku protirusk\u00e9ho kurzu a ukrajinsk\u00e9 politiky, tak kon\u010d\u00ed 35letou kari\u00e9ru pot\u00e9, co byla pasov\u00e1na na post prvn\u00ed n\u00e1m\u011bstkyn\u011b ministra zahrani\u010d\u00ed &#8211; druh\u00e9 m\u00edsto v hierarchii ministerstva zahrani\u010d\u00ed.<\/p>\n<p>Nulandov\u00e9 rozhodnut\u00ed komentovalo rusk\u00e9 ministerstvo zahrani\u010d\u00ed. Podle <a href=\"https:\/\/t.me\/MariaVladimirovnaZakharova\/7219\" target=\"_blank\" rel=\"noopener\">ministersk\u00e9<\/a>\u00a0\u00fa\u0159ednice\u00a0<strong>Marie Zacharovov\u00e9<\/strong>\u00a0je rozhodnut\u00ed Nulandov\u00e9 zp\u016fsobeno selh\u00e1n\u00edm protirusk\u00e9ho kurzu administrativy americk\u00e9ho prezidenta\u00a0<strong>Joe Bidena<\/strong> .<\/p>\n<p><em>\u201eD\u016fvod ti ne\u0159eknou.\u00a0Ale je to jednoduch\u00e9: selh\u00e1n\u00ed protirusk\u00e9ho kurzu Bidenovy administrativy.\u00a0Rusofobie, kterou Victoria Nulandov\u00e1 navrhla jako hlavn\u00ed zahrani\u010dn\u011bpolitick\u00fd koncept Spojen\u00fdch st\u00e1t\u016f, t\u00e1hne demokraty ke dnu jako k\u00e1men,\u201c<span class=\"after-quote\"> &#8211; \u0159ekla Zacharovov\u00e1.<\/span><\/em><\/p>\n<p>Sen\u00e1tor\u00a0<strong>Konstantin Dolgov<\/strong> popsal Nuladov\u00e9 z\u00e1m\u011br opustit sv\u016fj post jako \u00fat\u011bk \u201ekrys z pot\u00e1p\u011bj\u00edc\u00ed se lodi Bidena\u201c.<\/p>\n<p><em>&#8222;Krysy uprchly z pot\u00e1p\u011bj\u00edc\u00ed se Bidenovo lodi.&#8220; Vztahy s Ruskem byly \u201e\u00fasp\u011b\u0161n\u011b zni\u010deny\u201c,<span class=\"after-quote\">\u00a0\u2014\u00a0<a href=\"https:\/\/t.me\/kkdolgov\/3000\" target=\"_blank\" rel=\"noopener\">napsal<\/a>\u00a0politik .<\/span><\/em><\/p>\n<p><img decoding=\"async\" loading=\"lazy\" class=\"alignnone size-full wp-image-1185\" src=\"http:\/\/www.infokuryr.cz\/n\/wp-content\/uploads\/2021\/04\/kuryr-podpis.png\" alt=\"\" width=\"84\" height=\"24\" \/><\/p>\n<p>&nbsp;<\/p>\n","protected":false},"excerpt":{"rendered":"<p>N\u00e1m\u011bstkyn\u011b ministra zahrani\u010d\u00ed USA Victoria Nulandov\u00e1 ozn\u00e1mila sv\u016fj z\u00e1m\u011br v nadch\u00e1zej\u00edc\u00edch t\u00fddnech rezignovat. Ozn\u00e1mil to&#8230;<\/p>\n","protected":false},"author":2,"featured_media":48700,"comment_status":"closed","ping_status":"closed","sticky":false,"template":"","format":"standard","meta":[],"categories":[7],"tags":[2078,1081,37],"_links":{"self":[{"href":"https:\/\/www.infokuryr.cz\/n\/wp-json\/wp\/v2\/posts\/48699"}],"collection":[{"href":"https:\/\/www.infokuryr.cz\/n\/wp-json\/wp\/v2\/posts"}],"about":[{"href":"https:\/\/www.infokuryr.cz\/n\/wp-json\/wp\/v2\/types\/post"}],"author":[{"embeddable":true,"href":"https:\/\/www.infokuryr.cz\/n\/wp-json\/wp\/v2\/users\/2"}],"replies":[{"embeddable":true,"href":"https:\/\/www.infokuryr.cz\/n\/wp-json\/wp\/v2\/comments?post=48699"}],"version-history":[{"count":1,"href":"https:\/\/www.infokuryr.cz\/n\/wp-json\/wp\/v2\/posts\/48699\/revisions"}],"predecessor-version":[{"id":48701,"href":"https:\/\/www.infokuryr.cz\/n\/wp-json\/wp\/v2\/posts\/48699\/revisions\/48701"}],"wp:featuredmedia":[{"embeddable":true,"href":"https:\/\/www.infokuryr.cz\/n\/wp-json\/wp\/v2\/media\/48700"}],"wp:attachment":[{"href":"https:\/\/www.infokuryr.cz\/n\/wp-json\/wp\/v2\/media?parent=48699"}],"wp:term":[{"taxonomy":"category","embeddable":true,"href":"https:\/\/www.infokuryr.cz\/n\/wp-json\/wp\/v2\/categories?post=48699"},{"taxonomy":"post_tag","embeddable":true,"href":"https:\/\/www.infokuryr.cz\/n\/wp-json\/wp\/v2\/tags?post=48699"}],"curies":[{"name":"wp","href":"https:\/\/api.w.org\/{rel}","templated":true}]}}