{"id":48696,"date":"2024-03-06T00:51:57","date_gmt":"2024-03-05T23:51:57","guid":{"rendered":"https:\/\/www.infokuryr.cz\/n\/?p=48696"},"modified":"2024-03-05T19:33:50","modified_gmt":"2024-03-05T18:33:50","slug":"britsky-ministr-rekl-poslanci-ze-ockovani-brzy-zemrou-na-turbo-rakovinu","status":"publish","type":"post","link":"https:\/\/www.infokuryr.cz\/n\/2024\/03\/06\/britsky-ministr-rekl-poslanci-ze-ockovani-brzy-zemrou-na-turbo-rakovinu\/","title":{"rendered":"Britsk\u00fd ministr \u0159ekl poslanci, \u017ee \u201eo\u010dkov\u00e1n\u00ed brzy zem\u0159ou na turbo rakovinu\u201c"},"content":{"rendered":"<div id=\"fb-root\"><\/div>\n<p>Podle britsk\u00e9ho poslance Andrewa Bridgena, lid\u00e9 o\u010dkov\u00e1ni proti covidu brzy za\u010dnou um\u00edrat ve stovk\u00e1ch milion\u016f.<\/p>\n<p>Bridgen prozradil, \u017ee jeden v\u00fdznamn\u00fd ministr britsk\u00e9 vl\u00e1dy mu \u0159ekl podrobnosti o pl\u00e1nu pou\u017e\u00edt turbo rakovinu k vylidn\u011bn\u00ed sv\u011bta.<\/p>\n<p>K incidentu m\u011blo doj\u00edt v \u010dajovn\u011b Westminstersk\u00e9ho pal\u00e1ce, kde s\u00eddl\u00ed britsk\u00fd parlament.\u00a0B\u011bhem neform\u00e1ln\u00edho rozhovoru mu tento nejmenovan\u00fd ministr \u0159ekl, \u017ee &#8222;i tak brzy zem\u0159e\u0161 na rakovinu&#8220;, proto\u017ee se nechal oklamat, kdy\u017e se b\u011bhem lockdownu dal o\u010dkovat proti covidu.<\/p>\n<p>Bridgen je poslanec, kter\u00fd v posledn\u00ed dob\u011b \u010dasto a hodn\u011b mluv\u00ed o n\u00e1sledc\u00edch covidov\u00e9ho o\u010dkov\u00e1n\u00ed, odhaluje masivn\u00ed nadm\u011brn\u00e1 \u00famrt\u00ed v Brit\u00e1nii a vyz\u00fdv\u00e1 vl\u00e1du k pln\u00e9mu zve\u0159ejn\u011bn\u00ed dat.<\/p>\n<p><em>\u201eM\u016f\u017ee\u0161 mluvit a odhalovat, co chce\u0161,\u201c<\/em>\u00a0\u0159ekl ministr Bridgenovi.\u00a0<em>\u201eTo v\u0161echno je jedno.\u00a0Jsi o\u010dkov\u00e1n.\u00a0Brzy zem\u0159e\u0161 na rakovinu.\u201c<\/em><\/p>\n<p>Zde si m\u016f\u017eete prohl\u00e9dnout video, kter\u00e9 Bridgen zve\u0159ejnil na soci\u00e1ln\u00ed s\u00edti X (b\u00fdval\u00fd Twitter):<\/p>\n<div class=\"twitter-tweet twitter-tweet-rendered\"><iframe id=\"twitter-widget-0\" class=\"\" title=\"X Post\" src=\"https:\/\/platform.twitter.com\/embed\/Tweet.html?dnt=false&amp;embedId=twitter-widget-0&amp;features=eyJ0ZndfdGltZWxpbmVfbGlzdCI6eyJidWNrZXQiOltdLCJ2ZXJzaW9uIjpudWxsfSwidGZ3X2ZvbGxvd2VyX2NvdW50X3N1bnNldCI6eyJidWNrZXQiOnRydWUsInZlcnNpb24iOm51bGx9LCJ0ZndfdHdlZXRfZWRpdF9iYWNrZW5kIjp7ImJ1Y2tldCI6Im9uIiwidmVyc2lvbiI6bnVsbH0sInRmd19yZWZzcmNfc2Vzc2lvbiI6eyJidWNrZXQiOiJvbiIsInZlcnNpb24iOm51bGx9LCJ0ZndfZm9zbnJfc29mdF9pbnRlcnZlbnRpb25zX2VuYWJsZWQiOnsiYnVja2V0Ijoib24iLCJ2ZXJzaW9uIjpudWxsfSwidGZ3X21peGVkX21lZGlhXzE1ODk3Ijp7ImJ1Y2tldCI6InRyZWF0bWVudCIsInZlcnNpb24iOm51bGx9LCJ0ZndfZXhwZXJpbWVudHNfY29va2llX2V4cGlyYXRpb24iOnsiYnVja2V0IjoxMjA5NjAwLCJ2ZXJzaW9uIjpudWxsfSwidGZ3X3Nob3dfYmlyZHdhdGNoX3Bpdm90c19lbmFibGVkIjp7ImJ1Y2tldCI6Im9uIiwidmVyc2lvbiI6bnVsbH0sInRmd19kdXBsaWNhdGVfc2NyaWJlc190b19zZXR0aW5ncyI6eyJidWNrZXQiOiJvbiIsInZlcnNpb24iOm51bGx9LCJ0ZndfdXNlX3Byb2ZpbGVfaW1hZ2Vfc2hhcGVfZW5hYmxlZCI6eyJidWNrZXQiOiJvbiIsInZlcnNpb24iOm51bGx9LCJ0ZndfdmlkZW9faGxzX2R5bmFtaWNfbWFuaWZlc3RzXzE1MDgyIjp7ImJ1Y2tldCI6InRydWVfYml0cmF0ZSIsInZlcnNpb24iOm51bGx9LCJ0ZndfbGVnYWN5X3RpbWVsaW5lX3N1bnNldCI6eyJidWNrZXQiOnRydWUsInZlcnNpb24iOm51bGx9LCJ0ZndfdHdlZXRfZWRpdF9mcm9udGVuZCI6eyJidWNrZXQiOiJvbiIsInZlcnNpb24iOm51bGx9fQ%3D%3D&amp;frame=false&amp;hideCard=false&amp;hideThread=false&amp;id=1763292309892800740&amp;lang=cs&amp;origin=https%3A%2F%2Fwww.badatel.net%2Fbritsky-minister-povedal-poslancovi-ze-zaockovani-coskoro-zomru-na-turbo-rakovinu%2F&amp;sessionId=761417c6daf6855f16cea5fcf762fd16933f5e4e&amp;theme=light&amp;widgetsVersion=2615f7e52b7e0%3A1702314776716&amp;width=550px\" frameborder=\"0\" scrolling=\"no\" allowfullscreen=\"allowfullscreen\" data-tweet-id=\"1763292309892800740\" data-mce-fragment=\"1\"><\/iframe><\/div>\n<p>Andrew Bridgen p\u016fsob\u00ed jako poslanec britsk\u00e9ho parlamentu za okrsek North West Leicestershire od roku 2010. Stal se prominentn\u00edm hlasem v boji proti globalistick\u00e9mu autorit\u00e1\u0159stv\u00ed ve Velk\u00e9 Brit\u00e1nii a v kritizov\u00e1n\u00ed povinn\u00e9ho o\u010dkov\u00e1n\u00ed proti covidu, lockdown\u016f a rou\u0161ek.<\/p>\n<p>Bridgenovo v\u010dasn\u00e9 varov\u00e1n\u00ed o prudce stoupaj\u00edc\u00edch \u00famrt\u00edch na rakovinu v d\u016fsledku mRNA vakc\u00edn p\u0159ich\u00e1z\u00ed v dob\u011b, kdy na o\u010dkovac\u00ed podvod za\u010d\u00ednaj\u00ed upozor\u0148ovat u\u017e i zam\u011bstnanci spole\u010dnosti Pfizer.<\/p>\n<p>Zde si m\u016f\u017eete prohl\u00e9dnout jeho projev v parlamentu (v angli\u010dtin\u011b), v n\u011bm\u017e upozor\u0148uje na prudk\u00fd n\u00e1r\u016fst nadm\u011brn\u00fdch \u00famrt\u00ed a zlob\u00ed se, \u017ee vl\u00e1da p\u0159edala podrobn\u00e1 data o \u00famrt\u00edch farmaceutick\u00fdm firm\u00e1m, av\u0161ak p\u0159ed ve\u0159ejnost\u00ed je nad\u00e1le taj\u00ed:<\/p>\n<div class=\"twitter-tweet twitter-tweet-rendered\"><iframe id=\"twitter-widget-1\" class=\"\" title=\"X Post\" src=\"https:\/\/platform.twitter.com\/embed\/Tweet.html?dnt=false&amp;embedId=twitter-widget-1&amp;features=eyJ0ZndfdGltZWxpbmVfbGlzdCI6eyJidWNrZXQiOltdLCJ2ZXJzaW9uIjpudWxsfSwidGZ3X2ZvbGxvd2VyX2NvdW50X3N1bnNldCI6eyJidWNrZXQiOnRydWUsInZlcnNpb24iOm51bGx9LCJ0ZndfdHdlZXRfZWRpdF9iYWNrZW5kIjp7ImJ1Y2tldCI6Im9uIiwidmVyc2lvbiI6bnVsbH0sInRmd19yZWZzcmNfc2Vzc2lvbiI6eyJidWNrZXQiOiJvbiIsInZlcnNpb24iOm51bGx9LCJ0ZndfZm9zbnJfc29mdF9pbnRlcnZlbnRpb25zX2VuYWJsZWQiOnsiYnVja2V0Ijoib24iLCJ2ZXJzaW9uIjpudWxsfSwidGZ3X21peGVkX21lZGlhXzE1ODk3Ijp7ImJ1Y2tldCI6InRyZWF0bWVudCIsInZlcnNpb24iOm51bGx9LCJ0ZndfZXhwZXJpbWVudHNfY29va2llX2V4cGlyYXRpb24iOnsiYnVja2V0IjoxMjA5NjAwLCJ2ZXJzaW9uIjpudWxsfSwidGZ3X3Nob3dfYmlyZHdhdGNoX3Bpdm90c19lbmFibGVkIjp7ImJ1Y2tldCI6Im9uIiwidmVyc2lvbiI6bnVsbH0sInRmd19kdXBsaWNhdGVfc2NyaWJlc190b19zZXR0aW5ncyI6eyJidWNrZXQiOiJvbiIsInZlcnNpb24iOm51bGx9LCJ0ZndfdXNlX3Byb2ZpbGVfaW1hZ2Vfc2hhcGVfZW5hYmxlZCI6eyJidWNrZXQiOiJvbiIsInZlcnNpb24iOm51bGx9LCJ0ZndfdmlkZW9faGxzX2R5bmFtaWNfbWFuaWZlc3RzXzE1MDgyIjp7ImJ1Y2tldCI6InRydWVfYml0cmF0ZSIsInZlcnNpb24iOm51bGx9LCJ0ZndfbGVnYWN5X3RpbWVsaW5lX3N1bnNldCI6eyJidWNrZXQiOnRydWUsInZlcnNpb24iOm51bGx9LCJ0ZndfdHdlZXRfZWRpdF9mcm9udGVuZCI6eyJidWNrZXQiOiJvbiIsInZlcnNpb24iOm51bGx9fQ%3D%3D&amp;frame=false&amp;hideCard=false&amp;hideThread=false&amp;id=1764599284505473033&amp;lang=cs&amp;origin=https%3A%2F%2Fwww.badatel.net%2Fbritsky-minister-povedal-poslancovi-ze-zaockovani-coskoro-zomru-na-turbo-rakovinu%2F&amp;sessionId=761417c6daf6855f16cea5fcf762fd16933f5e4e&amp;theme=light&amp;widgetsVersion=2615f7e52b7e0%3A1702314776716&amp;width=550px\" frameborder=\"0\" scrolling=\"no\" allowfullscreen=\"allowfullscreen\" data-tweet-id=\"1764599284505473033\" data-mce-fragment=\"1\"><\/iframe><\/div>\n<p>Podle zasv\u011bcen\u00e9ho pracovn\u00edka spole\u010dnosti Pfizer si turbo rakovina v p\u0159\u00ed\u0161t\u00edch letech vy\u017e\u00e1d\u00e1 \u017eivoty stovek milion\u016f, ne-li miliard lid\u00ed.\u00a0Inform\u00e1tor varuje, \u017ee ka\u017ed\u00fd o\u010dkovan\u00fd \u010dlov\u011bk mRNA vakc\u00ednou je chod\u00edc\u00ed mluv\u00edc\u00ed \u010dasovan\u00e1 bomba, kter\u00e1 \u010dek\u00e1 na v\u00fdbuch.<\/p>\n<p>Podle zasv\u011bcen\u00fdch osob byla pandemie covidu a o\u010dkovac\u00ed kampa\u0148\u00a0<a href=\"https:\/\/www.badatel.net\/advokat-zverejnil-dokaz-ze-mrna-vakciny-boli-navrhnute-tak-aby-pokracovali-v-zabijani-po-cele-generacie\/\">mRNA vakc\u00ednami<\/a>\u00a0desetilet\u00ed pl\u00e1novan\u00e1 operace s v\u00fdslovn\u00fdm \u00fa\u010delem po\u0161kodit, zmrza\u010dit a \u00famysln\u011b zab\u00edt obrovsk\u00e9 mno\u017estv\u00ed lid\u00ed.<\/p>\n<p>A je to je\u0161t\u011b hor\u0161\u00ed.\u00a0Zaveden\u00ed mRNA vakc\u00edn je st\u00e1le pouze v plenk\u00e1ch.\u00a0Choromysln\u00ed vrazi zodpov\u011bdn\u00ed za masivn\u00ed n\u00e1r\u016fst turborakovin se moment\u00e1ln\u011b chystaj\u00ed vyd\u011blat dal\u0161\u00ed t\u011b\u017ek\u00e9 miliardy t\u00edm, \u017ee p\u0159inut\u00ed cel\u00fd sv\u011bt, aby se o\u010dkoval nov\u00fdmi vakc\u00ednami proti turborakovin\u011b, kterou sami zp\u016fsobily.<\/p>\n<p>Globalistick\u00e1 elita dnes vyu\u017e\u00edv\u00e1 farmaceutick\u00fd pr\u016fmysl ke sp\u00e1ch\u00e1n\u00ed nejv\u011bt\u0161\u00edho zlo\u010dinu proti lidskosti v d\u011bjin\u00e1ch a jako obvykle je odhodl\u00e1na skr\u00fdt svou vra\u017eednou agendu p\u0159ed o\u010dima ve\u0159ejnosti.<\/p>\n<p>Autor: Baxter Dmitry, Zdroj:\u00a0<a href=\"https:\/\/thepeoplesvoice.tv\/british-mp-reveals-elite-told-him-vaccinated-will-all-die-of-turbo-cancer-soon\/\" target=\"_blank\" rel=\"noopener\">thepeoplesvoice.tv<\/a><\/p>\n<p>&nbsp;<\/p>\n","protected":false},"excerpt":{"rendered":"<p>Podle britsk\u00e9ho poslance Andrewa Bridgena, lid\u00e9 o\u010dkov\u00e1ni proti covidu brzy za\u010dnou um\u00edrat ve stovk\u00e1ch milion\u016f&#8230;.<\/p>\n","protected":false},"author":2,"featured_media":48697,"comment_status":"closed","ping_status":"closed","sticky":false,"template":"","format":"standard","meta":[],"categories":[7],"tags":[61,458,213,5347,651],"_links":{"self":[{"href":"https:\/\/www.infokuryr.cz\/n\/wp-json\/wp\/v2\/posts\/48696"}],"collection":[{"href":"https:\/\/www.infokuryr.cz\/n\/wp-json\/wp\/v2\/posts"}],"about":[{"href":"https:\/\/www.infokuryr.cz\/n\/wp-json\/wp\/v2\/types\/post"}],"author":[{"embeddable":true,"href":"https:\/\/www.infokuryr.cz\/n\/wp-json\/wp\/v2\/users\/2"}],"replies":[{"embeddable":true,"href":"https:\/\/www.infokuryr.cz\/n\/wp-json\/wp\/v2\/comments?post=48696"}],"version-history":[{"count":1,"href":"https:\/\/www.infokuryr.cz\/n\/wp-json\/wp\/v2\/posts\/48696\/revisions"}],"predecessor-version":[{"id":48698,"href":"https:\/\/www.infokuryr.cz\/n\/wp-json\/wp\/v2\/posts\/48696\/revisions\/48698"}],"wp:featuredmedia":[{"embeddable":true,"href":"https:\/\/www.infokuryr.cz\/n\/wp-json\/wp\/v2\/media\/48697"}],"wp:attachment":[{"href":"https:\/\/www.infokuryr.cz\/n\/wp-json\/wp\/v2\/media?parent=48696"}],"wp:term":[{"taxonomy":"category","embeddable":true,"href":"https:\/\/www.infokuryr.cz\/n\/wp-json\/wp\/v2\/categories?post=48696"},{"taxonomy":"post_tag","embeddable":true,"href":"https:\/\/www.infokuryr.cz\/n\/wp-json\/wp\/v2\/tags?post=48696"}],"curies":[{"name":"wp","href":"https:\/\/api.w.org\/{rel}","templated":true}]}}