{"id":48694,"date":"2024-03-06T00:47:20","date_gmt":"2024-03-05T23:47:20","guid":{"rendered":"https:\/\/www.infokuryr.cz\/n\/?p=48694"},"modified":"2024-03-05T19:30:48","modified_gmt":"2024-03-05T18:30:48","slug":"nedelnik-adama-b-bartose-158-menova-reforma-nebude-vsechno-jsou-to-famy-ktere-siri-tridni-nepratele","status":"publish","type":"post","link":"https:\/\/www.infokuryr.cz\/n\/2024\/03\/06\/nedelnik-adama-b-bartose-158-menova-reforma-nebude-vsechno-jsou-to-famy-ktere-siri-tridni-nepratele\/","title":{"rendered":"NED\u011aLN\u00cdK ADAMA B. BARTO\u0160E (158) M\u011aNOV\u00c1 REFORMA NEBUDE, V\u0160ECHNO JSOU TO F\u00c1MY, KTER\u00c9 \u0160\u00cd\u0158\u00cd T\u0158\u00cdDN\u00cd NEP\u0158\u00c1TEL\u00c9\u2026"},"content":{"rendered":"<div id=\"fb-root\"><\/div>\n<p>Nedobr\u00e9 zpr\u00e1vy se na n\u00e1s val\u00ed jako lavina. Jaro se sice nezadr\u017eiteln\u011b bl\u00ed\u017e\u00ed, co\u017e se n\u00e1m, kte\u0159\u00ed zimu neradi, tuze l\u00edb\u00ed, ale je to \u2013 jako posledn\u00ed roky bohu\u017eel ji\u017e tradi\u010dn\u011b \u2013 zast\u00edn\u011bno hrozbami, kter\u00e9 vis\u00ed ve vzduchu jako neproniknuteln\u00e1 deka. Premi\u00e9r P\u00e9\u0165a H\u0148up n\u00e1m sice v novoro\u010dn\u00edm projevu sliboval, \u017ee se v\u0161e u\u017e kone\u010dn\u011b zlep\u0161\u00ed a budeme se m\u00edt n\u00e1ramn\u011b par\u00e1dn\u011b \u2013 mluvil o \u201enelehk\u00e9m obdob\u00ed\u201c dvou let, kter\u00e9 u\u017e kon\u010d\u00ed, o pozitivn\u00edch vyhl\u00eddk\u00e1ch pro \u010ceskou republiku a o tom, \u017ee rovn\u011b\u017e skon\u010d\u00ed zdra\u017eov\u00e1n\u00ed \u2013 ale zapomn\u011bl n\u00e1m jaksi \u0159\u00edci, \u017ee jeho v\u00e1lka proti Putinovi, o kter\u00e9 celou dobu vlhce sn\u00ed, bude letos je\u0161t\u011b v\u00edce na spadnut\u00ed, ne\u017e tomu bylo v p\u0159edchoz\u00edch letech.<span id=\"more-14113\"><\/span><\/p>\n<p>Samoz\u0159ejm\u011b t\u00edm nar\u00e1\u017e\u00edm na tajnou v\u00e1le\u010dnou poradu v Pa\u0159\u00ed\u017ei, kter\u00e1 m\u011bla prob\u011bhnout bez z\u00e1jmu m\u00e9di\u00ed, ale kterou prop\u00e1lil slovensk\u00fd premi\u00e9r Fico, kdy\u017e dokonce nep\u0159\u00edmo nazna\u010dil, o \u010dem m\u011bla b\u00fdt (a podle v\u0161eho tak\u00e9 byla): o koalici ochotn\u00fdch idiot\u016f, kte\u0159\u00ed p\u016fjdou Ukrajin\u011b na pomoc, proto\u017ee ta u\u017e mele z posledn\u00edho. Samoz\u0159ejm\u011b, \u017ee v jist\u00e9m smyslu nejde o nic nov\u00e9ho, o tomhle (o koalici ochotn\u00fdch) se psalo a mluvilo u\u017e p\u0159ed rokem na ja\u0159e, jen\u017ee tehdy se je\u0161t\u011b bl\u00e1hov\u011b v\u011b\u0159ilo v jak\u00fdsi ukrajinsk\u00fd blitzkrieg, kter\u00fd jako z\u00e1zrakem poraz\u00ed Rusa a vezme si j\u00edm obsazen\u00e9 \u00fazem\u00ed zp\u011bt (a \u010desk\u00fd \u201eministr zahrani\u010d\u00ed\u201c bude pr\u00fd moci jet na Krym na dovolenou). Z bleskov\u00e9 v\u00e1lky se v\u0161ak stala bleskov\u00e1 por\u00e1\u017eka, Lipavsk\u00fd jel na Krym tak leda ve snu, Ukrajinci obsadili toliko dv\u011b t\u0159i bezv\u00fdznamn\u00e9 vesni\u010dky a dokonce i o n\u011b po roce p\u0159i\u0161li. N\u00e1hle vid\u00edme v m\u00e9di\u00edch opa\u010dn\u00fd narativ \u2013 Ukrajina u\u017e nevyhr\u00e1v\u00e1, ru\u0161t\u00ed voj\u00e1ci u\u017e nehynou hlady a bez munice po desetitis\u00edc\u00edch, najednou je v\u0161e jinak, ne\u017e jak n\u00e1m celou dobu lhali. Dva roky n\u00e1s propaganda p\u0159esv\u011bd\u010duje, jak Ukrajina v\u00edt\u011bz\u00ed, ale najednou sly\u0161\u00edme, \u017ee j\u00ed mus\u00edme p\u0159ij\u00edt na pomoc, jinak s n\u00ed bude \u00e1men a pak i s n\u00e1mi, proto\u017ee po n\u00ed Putin se\u017eere i n\u00e1s. To by mne zaj\u00edmalo, jak se s t\u00edm popasuj\u00ed ti, kte\u0159\u00ed t\u00e9to propagand\u011b dosud tak bezmezn\u011b v\u011b\u0159ili.<\/p>\n<p><img decoding=\"async\" loading=\"lazy\" class=\"wp-image-48462 alignright\" src=\"http:\/\/www.infokuryr.cz\/n\/wp-content\/uploads\/2024\/03\/pozvanka-23-300x165.jpg\" alt=\"\" width=\"660\" height=\"363\" srcset=\"https:\/\/www.infokuryr.cz\/n\/wp-content\/uploads\/2024\/03\/pozvanka-23-300x165.jpg 300w, https:\/\/www.infokuryr.cz\/n\/wp-content\/uploads\/2024\/03\/pozvanka-23-768x422.jpg 768w, https:\/\/www.infokuryr.cz\/n\/wp-content\/uploads\/2024\/03\/pozvanka-23.jpg 898w\" sizes=\"(max-width: 660px) 100vw, 660px\" \/><\/p>\n<p>Aby toho lhan\u00ed ale nebylo m\u00e1lo, tak jsme se tak\u00e9 dozv\u011bd\u011bli, \u017ee si tu americkou v\u00e1lku s Putinem mus\u00edme vybojovat sami, jak je ostatn\u011b americk\u00fdm zvykem (tedy ne, \u017ee si ji USA, kter\u00e9 ji sv\u00fdmi provokacemi za\u010daly, tak\u00e9 vybojuj\u00ed, ale zase se za n\u011bkoho schovaj\u00ed). Amerika m\u00e1 p\u0159ed prezidentsk\u00fdmi volbami a n\u011bjakou Ukrajinou si tam nikdo nechce p\u00e1lit prsty, tak\u017ee se hork\u00fd brambor nech\u00e1 Evrop\u011b. NATO rovn\u00e1 se USA, ale v tomto p\u0159\u00edpad\u011b se USA taktn\u011b vypa\u0159\u00ed a americk\u00e9 z\u00e1jmy bude muset h\u00e1jit \u201ek\u0159ov\u00ed\u201c, tedy ti ostatn\u00ed. Jen\u017ee ne v\u0161ichni ti ostatn\u00ed jsou tak blb\u00ed, aby do v\u00e1lky s jadernou mocnost\u00ed \u0161li, a tak se hledaj\u00ed opravdu jen ti nejfanati\u010dt\u011bj\u0161\u00ed, nejhloup\u011bj\u0161\u00ed, nej\u00faslu\u017en\u011bj\u0161\u00ed. Koalice ochotn\u00fdch. Koalice ochotn\u00fdch se ob\u011btovat za americk\u00e9 z\u00e1jmy. Prvn\u00ed jm\u00e9na jsme u\u017e sly\u0161eli. \u010cek\u00e1 se na dal\u0161\u00ed. A p\u0159ib\u00fdvaj\u00ed rychle. Ob\u00e1v\u00e1m se, \u017ee je to jen ot\u00e1zkou \u010dasu, ne\u017e se pot\u0159ebn\u00fdch deset a\u017e patn\u00e1ct zoufalc\u016f najde.<\/p>\n<p>Premi\u00e9r H\u0148up zat\u00edm ubezpe\u010duje, \u017ee se to \u010cesk\u00e9 republiky net\u00fdk\u00e1, ale jak mu to m\u00e1me v\u011b\u0159it, kdy\u017e u\u017e dva roky pozorujeme naprosto zoufal\u00e9 po\u010d\u00edn\u00e1n\u00ed na\u0161\u00ed vl\u00e1dy, kter\u00e1 se chov\u00e1, jako bychom snad byli pupkem sv\u011bta a \u017ee jsme to snad my, kdo je jadernou mocnost\u00ed, a Rusko je jen n\u011bjak\u00fd otravn\u00fd st\u00e1te\u010dek, kter\u00e9mu je t\u0159eba d\u00e1t za vyu\u010denou. Samoz\u0159ejm\u011b, \u017ee se H\u0148up boj\u00ed p\u0159iznat, \u017ee v koalici ochotn\u00fdch u\u017e d\u00e1vno jsme a \u017ee se s n\u00e1mi za velkou lou\u017e\u00ed m\u016f\u017ee po\u010d\u00edtat, ale bude o tom do posledn\u00ed chv\u00edle ml\u017eit jako Z\u00e1potock\u00fd v p\u0159edve\u010der m\u011bnov\u00e9 reformy. Bude to jako v\u017edy. M\u00e9dia budou tvrdit, \u017ee je to dezinformace, a budou to tvrdit do posledn\u00edho mo\u017en\u00e9ho okam\u017eiku, ne\u017e se ona \u00fadajn\u00e1 dezinformace stane realitou.<\/p>\n<p>A tak premi\u00e9r ve Sn\u011bmovn\u011b vykl\u00e1d\u00e1, \u017ee\u00a0<a class=\"broken_link\" href=\"https:\/\/echo24.cz\/a\/HupAG\/zpravy-domov-nikdo-v-evrope-se-nechysta-posilat-vojaky-na-ukrajinu-fiala\" target=\"_blank\" rel=\"noopener\"><em><strong>nikdo v Evrop\u011b se na Ukrajinu pos\u00edlat voj\u00e1ky nechyst\u00e1<\/strong><\/em><\/a>, ale je to jen klasick\u00e9 H\u0148upovo ml\u017een\u00ed. Po\u010dkejme si p\u00e1r dn\u00ed a budeme moud\u0159ej\u0161\u00ed. Ono to z t\u011bch politik\u016f toti\u017e leze jako z chlupat\u00e9 deky, ale kdy\u017e to vyleze, u\u017e je to venku a ned\u00e1 se to pop\u0159\u00edt.<\/p>\n<p>Tak\u017ee je\u0161t\u011b jednou: Macron si pozval politiky NATO do Pa\u0159\u00ed\u017ee, aby se domluvili na spole\u010dn\u00e9m postupu ohledn\u011b vysl\u00e1n\u00ed vojsk NATO na Ukrajinu, ale H\u0148up n\u00e1m bude do o\u010d\u00ed tvrdit, \u017ee nikdo o ni\u010dem takov\u00e9m neuva\u017euje. A kdyby pr\u00fd ano, na\u0161e zem\u011b by byla proti. Co je to za klauni? V\u017edy\u0165 se na to t\u0159esou, ti na\u0161i v\u00e1le\u010dn\u00ed \u0161tv\u00e1\u010di, v\u0161ichni ti \u0159ehkov\u00e9, v\u0161echny ty \u010dernochov\u00e9, nemluv\u00ed o ni\u010dem jin\u00e9m ne\u017e o boji proti Rusku a nyn\u00ed m\u00e1me premi\u00e9rovi v\u011b\u0159it, \u017ee Macron\u016fv n\u00e1vrh odm\u00edtl? Dejme tomu t\u00fdden dva a uvid\u00edme skute\u010dnou pravdu. Nev\u011b\u0159me politik\u016fm\u2026<\/p>\n<p>Vlasti zdar, vlastizr\u00e1dn\u00fdm politik\u016fm zmar!<\/p>\n<p><em><strong>Adam B. Barto\u0161, p\u0159edseda N\u00e1rodn\u00ed demokracie<\/strong><\/em><br \/>\n<a href=\"https:\/\/narodnidemokracie.cz\/nedelnik-adama-b-bartose-158-menova-reforma-nebude-vsechno-jsou-to-famy-ktere-siri-tridni-nepratele\/\"><img decoding=\"async\" loading=\"lazy\" class=\"alignnone size-full wp-image-678\" src=\"http:\/\/www.infokuryr.cz\/n\/wp-content\/uploads\/2021\/04\/narodni_demokracie_logo.jpg\" alt=\"\" width=\"300\" height=\"85\" \/><\/a><br \/>\n______________________________________<\/p>\n<p><a href=\"https:\/\/stranapro.cz\/\"><img decoding=\"async\" loading=\"lazy\" class=\"wp-image-40286 aligncenter\" src=\"http:\/\/www.infokuryr.cz\/n\/wp-content\/uploads\/2023\/11\/12pro-300x87.png\" alt=\"\" width=\"814\" height=\"236\" srcset=\"https:\/\/www.infokuryr.cz\/n\/wp-content\/uploads\/2023\/11\/12pro-300x87.png 300w, https:\/\/www.infokuryr.cz\/n\/wp-content\/uploads\/2023\/11\/12pro.png 366w\" sizes=\"(max-width: 814px) 100vw, 814px\" \/><\/a><\/p>\n<p>&nbsp;<\/p>\n","protected":false},"excerpt":{"rendered":"<p>Nedobr\u00e9 zpr\u00e1vy se na n\u00e1s val\u00ed jako lavina. Jaro se sice nezadr\u017eiteln\u011b bl\u00ed\u017e\u00ed, co\u017e se&#8230;<\/p>\n","protected":false},"author":2,"featured_media":27938,"comment_status":"closed","ping_status":"closed","sticky":false,"template":"","format":"standard","meta":[],"categories":[6],"tags":[367,29,85,122],"_links":{"self":[{"href":"https:\/\/www.infokuryr.cz\/n\/wp-json\/wp\/v2\/posts\/48694"}],"collection":[{"href":"https:\/\/www.infokuryr.cz\/n\/wp-json\/wp\/v2\/posts"}],"about":[{"href":"https:\/\/www.infokuryr.cz\/n\/wp-json\/wp\/v2\/types\/post"}],"author":[{"embeddable":true,"href":"https:\/\/www.infokuryr.cz\/n\/wp-json\/wp\/v2\/users\/2"}],"replies":[{"embeddable":true,"href":"https:\/\/www.infokuryr.cz\/n\/wp-json\/wp\/v2\/comments?post=48694"}],"version-history":[{"count":1,"href":"https:\/\/www.infokuryr.cz\/n\/wp-json\/wp\/v2\/posts\/48694\/revisions"}],"predecessor-version":[{"id":48695,"href":"https:\/\/www.infokuryr.cz\/n\/wp-json\/wp\/v2\/posts\/48694\/revisions\/48695"}],"wp:featuredmedia":[{"embeddable":true,"href":"https:\/\/www.infokuryr.cz\/n\/wp-json\/wp\/v2\/media\/27938"}],"wp:attachment":[{"href":"https:\/\/www.infokuryr.cz\/n\/wp-json\/wp\/v2\/media?parent=48694"}],"wp:term":[{"taxonomy":"category","embeddable":true,"href":"https:\/\/www.infokuryr.cz\/n\/wp-json\/wp\/v2\/categories?post=48694"},{"taxonomy":"post_tag","embeddable":true,"href":"https:\/\/www.infokuryr.cz\/n\/wp-json\/wp\/v2\/tags?post=48694"}],"curies":[{"name":"wp","href":"https:\/\/api.w.org\/{rel}","templated":true}]}}