{"id":48691,"date":"2024-03-06T00:44:38","date_gmt":"2024-03-05T23:44:38","guid":{"rendered":"https:\/\/www.infokuryr.cz\/n\/?p=48691"},"modified":"2024-03-05T19:22:51","modified_gmt":"2024-03-05T18:22:51","slug":"jana-markova-chcete-lepsi-dukaz-toho-jak-multikulturalismus-nefunguje","status":"publish","type":"post","link":"https:\/\/www.infokuryr.cz\/n\/2024\/03\/06\/jana-markova-chcete-lepsi-dukaz-toho-jak-multikulturalismus-nefunguje\/","title":{"rendered":"Jana Markov\u00e1: Chcete lep\u0161\u00ed d\u016fkaz toho, jak multikulturalismus nefunguje?"},"content":{"rendered":"<div id=\"fb-root\"><\/div>\n<article id=\"post-15482\" class=\"bam-single-post post-15482 post type-post status-publish format-standard hentry category-uncategorized\">\n<div class=\"entry-content\">\n<p class=\"has-medium-font-size\"><strong>Mus\u00edm se osobn\u011b p\u0159iznat, \u017ee a\u010dkoliv v\u0161ichni v\u00edme, jak dopadaj\u00ed ty vztahy ala jsem ministr, m\u00e1m kr\u00e1snou dvac\u00edtku asistentku, kter\u00e1 m\u011b miluje i na prahu \u0161edes\u00e1tky, aha u\u017e nejsem ministr a u\u017e nem\u00e1m miluj\u00edc\u00ed asistentku, tak p\u0159\u00edpad Michala Koc\u00e1ba je je\u0161t\u011b o n\u011bco \u201ezaj\u00edmav\u011bj\u0161\u00ed\u201c.<\/strong><\/p>\n<p>Nejde tady ani tak o to, \u017ee to bylo o\u010dek\u00e1van\u00e9 z v\u00fd\u0161e zm\u00edn\u011bn\u00fdch d\u016fvod\u016f, ale o to, jak se k tomu Michal Koc\u00e1b postavil a \u010deho, \u017ee se to vlastn\u011b boj\u00ed. Nejv\u011bt\u0161\u00ed slun\u00ed\u010dkov\u00fd multikultur\u00e1ln\u00ed mor\u00e1ln\u00ed maj\u00e1k se toti\u017e boj\u00ed toho, \u017ee by mu jeho b\u00fdval\u00e1 Lejla ud\u011blala z jeho syna muslima. A on je p\u0159ece evangel\u00edk! To by tak hr\u00e1lo, \u017ee?<\/p>\n<p>\u201eCht\u011bli se odst\u011bhovat s nov\u00fdm man\u017eelem (mlad\u0161\u00edho data narozen\u00ed a sn\u011bd\u0161\u00edho designu), n\u011bkam do isl\u00e1msk\u00e9ho sv\u011bta. Ne \u017ee bych proti nim n\u011bco m\u011bl, jsem v tomto a\u017e protivn\u011b liber\u00e1ln\u00ed. Ale p\u0159ece jen m\u00edt sv\u00e9ho syna najednou v \u00fapln\u011b jin\u00e9 isl\u00e1msk\u00e9 kultu\u0159e, proto\u017ee jej\u00ed man\u017eel je Turek, tak jsem si \u0159\u00edkal, \u017ee to ne.\u201c Ano, jste protivn\u011b liber\u00e1ln\u00ed Michale. Ale pouze, kdy\u017e se to net\u00fdk\u00e1 v\u00e1s. Ostatn\u00edm byste k\u00e1zal, ale s\u00e1m okam\u017eit\u011b zakazujete, vztek\u00e1te se a najednou se boj\u00edte toho, \u017ee va\u0161e b\u00fdvalka dala p\u0159ednost Turkovi a isl\u00e1mu. Krev nen\u00ed voda Michale, \u017ee?<\/p>\n<p><a href=\"https:\/\/stranapro.cz\/\"><img decoding=\"async\" loading=\"lazy\" class=\"alignnone wp-image-40285 aligncenter\" src=\"http:\/\/www.infokuryr.cz\/n\/wp-content\/uploads\/2023\/11\/11pro-300x79.png\" alt=\"\" width=\"566\" height=\"149\" srcset=\"https:\/\/www.infokuryr.cz\/n\/wp-content\/uploads\/2023\/11\/11pro-300x79.png 300w, https:\/\/www.infokuryr.cz\/n\/wp-content\/uploads\/2023\/11\/11pro.png 363w\" sizes=\"(max-width: 566px) 100vw, 566px\" \/><\/a><\/p>\n<p>To u\u017e to nen\u00ed tak \u00fa\u017easn\u00e9, jako kdy\u017e n\u00e1m tu stav\u00ed po Evrop\u011b me\u0161ity, vynucuj\u00ed si pr\u00e1vo \u0161ar\u00eda, d\u011blaj\u00ed no-go z\u00f3ny a pohrdaj\u00ed v\u0161emi k\u0159es\u0165any, kte\u0159\u00ed jim nab\u00eddli z nepochopiteln\u00fdch d\u016fvod\u016f prst, aby si oni utrhli postupn\u011b celou ruku a nakonec i hlavu, co? Tak jste to cht\u011bl radostn\u011b i u n\u00e1s, to byste h\u00e1jil multikulti do posledn\u00edho dechu. I za cenu sv\u00fdch. T\u00edmto mysl\u00edm \u010cechy. Ale najednou je v\u0161echno jinak. Najednou v\u00e1m n\u011bkdo chce ud\u011blat to, co vy jste pl\u00e1noval pro ty okolo. Uv\u011b\u0159il jste, a te\u010f m\u00e1te, chce se \u0159\u00edct, co si zaslou\u017e\u00edte. To ale nechci soudit.<\/p>\n<p>Ale p\u0159esn\u011b proto nesn\u00e1\u0161\u00edm tenhle druh pokrytectv\u00ed, kdy by v\u0161ichni tihle papal\u00e1\u0161i n\u00e1s pos\u00edlali do pr\u016f\u0161vihu, n\u00e1s nechali platit jejich pitomosti, n\u00e1s nejrad\u011bji poslali do v\u00e1lky, n\u00e1m sem navezli p\u016fl Afriky, ale sami by si z\u016fstali se sv\u00fdmi d\u011btmi za vysokou zd\u00ed sv\u00fdch \u00fa\u0159ad\u016f a s\u00eddel. Ide\u00e1ln\u011b s mohutnou ochrankou, jak to p\u0159edv\u00e1d\u00ed V\u00edtek Bezcenzury Raku\u0161an. P\u011bkn\u011b s tajn\u00fdmi a speci\u00e1ly za z\u00e1dy.<\/p>\n<p>Namy\u0161len\u00ed ubo\u017e\u00e1ci s pocitem, \u017ee jste lep\u0161\u00ed. Nic jin\u00e9ho. A V\u00e1m Michale d\u00edky, jak moc jste to nyn\u00ed n\u00e1m v\u0161em osobn\u011b p\u0159edvedl.<\/p>\n<figure class=\"wp-block-image size-full\"><img decoding=\"async\" loading=\"lazy\" class=\"wp-image-15483 aligncenter\" src=\"https:\/\/web.litterate.cz\/wp-content\/uploads\/2024\/03\/Screenshot-2024-03-01-at-08-55-42-Michael-Kocab-dal-Lejle-zakaz-Udelala-by-mi-ze-syna-muslima.png\" sizes=\"(max-width: 698px) 100vw, 698px\" srcset=\"https:\/\/web.litterate.cz\/wp-content\/uploads\/2024\/03\/Screenshot-2024-03-01-at-08-55-42-Michael-Kocab-dal-Lejle-zakaz-Udelala-by-mi-ze-syna-muslima.png 698w, https:\/\/web.litterate.cz\/wp-content\/uploads\/2024\/03\/Screenshot-2024-03-01-at-08-55-42-Michael-Kocab-dal-Lejle-zakaz-Udelala-by-mi-ze-syna-muslima-300x254.png 300w\" alt=\"\" width=\"698\" height=\"591\" \/><\/figure>\n<\/div>\n<\/article>\n<div class=\"nav-links\"><\/div>\n<div><\/div>\n<div><a href=\"https:\/\/web.litterate.cz\/chcete-lepsi-dukaz-toho-jak-multikulturalismus-nefunguje\/\">Jana Markov\u00e1<\/a><\/div>\n<div><img decoding=\"async\" loading=\"lazy\" class=\"alignnone size-full wp-image-34862\" src=\"http:\/\/www.infokuryr.cz\/n\/wp-content\/uploads\/2023\/08\/jana-markova.jpg\" alt=\"\" width=\"180\" height=\"180\" srcset=\"https:\/\/www.infokuryr.cz\/n\/wp-content\/uploads\/2023\/08\/jana-markova.jpg 180w, https:\/\/www.infokuryr.cz\/n\/wp-content\/uploads\/2023\/08\/jana-markova-150x150.jpg 150w\" sizes=\"(max-width: 180px) 100vw, 180px\" \/><\/div>\n<nav class=\"navigation post-navigation\" aria-label=\"P\u0159\u00edsp\u011bvky\">\n<div><img decoding=\"async\" loading=\"lazy\" class=\"alignnone wp-image-47634 aligncenter\" src=\"http:\/\/www.infokuryr.cz\/n\/wp-content\/uploads\/2024\/02\/Pozvanka_Praha-_23.3.24-300x229.jpg\" alt=\"\" width=\"709\" height=\"541\" srcset=\"https:\/\/www.infokuryr.cz\/n\/wp-content\/uploads\/2024\/02\/Pozvanka_Praha-_23.3.24-300x229.jpg 300w, https:\/\/www.infokuryr.cz\/n\/wp-content\/uploads\/2024\/02\/Pozvanka_Praha-_23.3.24.jpg 595w\" sizes=\"(max-width: 709px) 100vw, 709px\" \/><\/div>\n<\/nav>\n","protected":false},"excerpt":{"rendered":"<p>Mus\u00edm se osobn\u011b p\u0159iznat, \u017ee a\u010dkoliv v\u0161ichni v\u00edme, jak dopadaj\u00ed ty vztahy ala jsem ministr,&#8230;<\/p>\n","protected":false},"author":2,"featured_media":48692,"comment_status":"closed","ping_status":"closed","sticky":false,"template":"","format":"standard","meta":[],"categories":[6],"tags":[2253,91,266,29,4898],"_links":{"self":[{"href":"https:\/\/www.infokuryr.cz\/n\/wp-json\/wp\/v2\/posts\/48691"}],"collection":[{"href":"https:\/\/www.infokuryr.cz\/n\/wp-json\/wp\/v2\/posts"}],"about":[{"href":"https:\/\/www.infokuryr.cz\/n\/wp-json\/wp\/v2\/types\/post"}],"author":[{"embeddable":true,"href":"https:\/\/www.infokuryr.cz\/n\/wp-json\/wp\/v2\/users\/2"}],"replies":[{"embeddable":true,"href":"https:\/\/www.infokuryr.cz\/n\/wp-json\/wp\/v2\/comments?post=48691"}],"version-history":[{"count":0,"href":"https:\/\/www.infokuryr.cz\/n\/wp-json\/wp\/v2\/posts\/48691\/revisions"}],"wp:featuredmedia":[{"embeddable":true,"href":"https:\/\/www.infokuryr.cz\/n\/wp-json\/wp\/v2\/media\/48692"}],"wp:attachment":[{"href":"https:\/\/www.infokuryr.cz\/n\/wp-json\/wp\/v2\/media?parent=48691"}],"wp:term":[{"taxonomy":"category","embeddable":true,"href":"https:\/\/www.infokuryr.cz\/n\/wp-json\/wp\/v2\/categories?post=48691"},{"taxonomy":"post_tag","embeddable":true,"href":"https:\/\/www.infokuryr.cz\/n\/wp-json\/wp\/v2\/tags?post=48691"}],"curies":[{"name":"wp","href":"https:\/\/api.w.org\/{rel}","templated":true}]}}