{"id":48651,"date":"2024-03-06T00:36:31","date_gmt":"2024-03-05T23:36:31","guid":{"rendered":"https:\/\/www.infokuryr.cz\/n\/?p=48651"},"modified":"2024-03-05T16:32:33","modified_gmt":"2024-03-05T15:32:33","slug":"kim-dotcom-hanba-nemecke-vlady","status":"publish","type":"post","link":"https:\/\/www.infokuryr.cz\/n\/2024\/03\/06\/kim-dotcom-hanba-nemecke-vlady\/","title":{"rendered":"Kim Dotcom: Hanba n\u011bmeck\u00e9 vl\u00e1dy"},"content":{"rendered":"<div id=\"fb-root\"><\/div>\n<div class=\"elementor-element elementor-element-1fb4c2c elementor-widget elementor-widget-theme-post-content\" data-id=\"1fb4c2c\" data-element_type=\"widget\" data-widget_type=\"theme-post-content.default\">\n<div class=\"elementor-widget-container\">\n<p><span>Sov\u011btsk\u00fd svaz ztratil kv\u016fli nacist\u016fm ve druh\u00e9 sv\u011btov\u00e9 v\u00e1lce 27 milion\u016f lid\u00ed.\u00a0Zdaleka nejv\u011bt\u0161\u00ed p\u0159\u00edsp\u011bvek spojeneck\u00fdch sil k por\u00e1\u017ece Hitlera p\u0159inesl Sov\u011btsk\u00fd svaz, kter\u00fd nakonec umo\u017enil znovusjednocen\u00ed v\u00fdchodn\u00edho a z\u00e1padn\u00edho N\u011bmecka a st\u00e1hl p\u0159es 350 000 voj\u00e1k\u016f.<\/span><\/p>\n<p><span>N\u011bmecko a Z\u00e1pad poru\u0161ily sv\u016fj slib neroz\u0161i\u0159ovat NATO na v\u00fdchod v\u00fdm\u011bnou za znovusjednocen\u00ed, a p\u0159esto Rusko dod\u00e1valo energii N\u011bmecku se 40% slevou, co\u017e umo\u017enilo vzkv\u00e9tat n\u011bmeck\u00e9mu pr\u016fmyslu.<\/span><\/p>\n<p><span>Styd\u00edm se za to, \u017ee N\u011bmecko je nyn\u00ed nep\u0159\u00edtelem Ruska.\u00a0Neud\u011blali jsme nic, abychom zabr\u00e1nili americk\u00e9mu p\u0159evratu na Ukrajin\u011b v roce 2014.\u00a0Nepoda\u0159ilo se n\u00e1m prosadit Minskou dohodu, p\u0159esto\u017ee jsme byli inici\u00e1torem a zprost\u0159edkovatelem.<\/span><\/p>\n<p><span>Feder\u00e1ln\u00ed vl\u00e1da podporuje americkou z\u00e1stupnou v\u00e1lku proti Rusku a dod\u00e1v\u00e1 zbran\u011b, kter\u00e9 zab\u00edjej\u00ed Rusy.\u00a0Pokusili jsme se zni\u010dit ruskou ekonomiku bezprecedentn\u00edmi sankcemi.\u00a0N\u011bmeck\u00e1 vl\u00e1da l\u017ee, \u017ee v\u00e1lka byla nevyprovokovan\u00e1, a umo\u017e\u0148uje, aby propaganda Pentagonu nep\u0159etr\u017eit\u011b b\u011b\u017eela v n\u011bmeck\u00fdch m\u00e9di\u00edch.<\/span><\/p>\n<p><span>Jak bychom mohli sn\u00ed\u017eit na\u0161e mor\u00e1ln\u00ed standardy tak n\u00edzko?\u00a0Kde je na\u0161e hanba, \u017ee jsme ve druh\u00e9 sv\u011btov\u00e9 v\u00e1lce zp\u016fsobili tolik zk\u00e1zy?\u00a0Kde je na\u0161e vd\u011b\u010dnost Rusku za znovusjednocen\u00ed na\u0161\u00ed zem\u011b a pos\u00edlen\u00ed na\u0161\u00ed ekonomiky prost\u0159ednictv\u00edm levn\u00e9 energie?\u00a0Pro\u010d je N\u011bmecko komplicem \u0159\u00ed\u0161e zla USA, kter\u00e1 od druh\u00e9 sv\u011btov\u00e9 v\u00e1lky zabila p\u0159es 20 milion\u016f lid\u00ed ve 37 zem\u00edch?<\/span><\/p>\n<p><span>Na\u0161i gener\u00e1lov\u00e9 pl\u00e1nuj\u00ed za\u00fato\u010dit na ruskou infrastrukturu n\u011bmeck\u00fdmi raketami a na\u0161e arm\u00e1da pos\u00edl\u00e1 zbran\u011b do Izraele a podporuje genocidu v Gaze.\u00a0Jak se opova\u017euje\u0161, Olafe Scholzi?\u00a0Jsou ostudou ka\u017ed\u00e9ho slu\u0161n\u00e9ho N\u011bmce.\u00a0Naprost\u00e1 v\u011bt\u0161ina m\u00e1 dost va\u0161\u00ed destruktivn\u00ed vl\u00e1dy.\u00a0Pod\u00edvejte se na sv\u00e9 trapn\u00e9 hodnocen\u00ed.\u00a0Dejte v\u00fdpov\u011b\u010f HNED, ne\u017e zp\u016fsob\u00edte v N\u011bmecku je\u0161t\u011b v\u011bt\u0161\u00ed \u0161kody.<\/span><\/p>\n<p><span style=\"font-size: 10pt;\"><em>Fotografie: Kancl\u00e9\u0159 Scholz se sv\u00fdm nacistick\u00fdm d\u011bdem.\u00a0<\/em><\/span><\/p>\n<\/div>\n<\/div>\n<div class=\"elementor-element elementor-element-8c57238 quelle dc-has-condition dc-condition-empty elementor-widget elementor-widget-heading\" data-id=\"8c57238\" data-element_type=\"widget\" data-widget_type=\"heading.default\">\n<div class=\"elementor-widget-container\">\n<h3 class=\"elementor-heading-title elementor-size-default\"><span style=\"font-size: 10pt;\"><a href=\"https:\/\/twitter.com\/KimDotcom\" target=\"_blank\" rel=\"nofollow noopener\">ZDROJ<\/a><\/span><\/h3>\n<p>&nbsp;<\/p>\n<\/div>\n<\/div>\n","protected":false},"excerpt":{"rendered":"<p>Sov\u011btsk\u00fd svaz ztratil kv\u016fli nacist\u016fm ve druh\u00e9 sv\u011btov\u00e9 v\u00e1lce 27 milion\u016f lid\u00ed.\u00a0Zdaleka nejv\u011bt\u0161\u00ed p\u0159\u00edsp\u011bvek spojeneck\u00fdch&#8230;<\/p>\n","protected":false},"author":2,"featured_media":9926,"comment_status":"closed","ping_status":"closed","sticky":false,"template":"","format":"standard","meta":[],"categories":[7],"tags":[84,3694,6902,99],"_links":{"self":[{"href":"https:\/\/www.infokuryr.cz\/n\/wp-json\/wp\/v2\/posts\/48651"}],"collection":[{"href":"https:\/\/www.infokuryr.cz\/n\/wp-json\/wp\/v2\/posts"}],"about":[{"href":"https:\/\/www.infokuryr.cz\/n\/wp-json\/wp\/v2\/types\/post"}],"author":[{"embeddable":true,"href":"https:\/\/www.infokuryr.cz\/n\/wp-json\/wp\/v2\/users\/2"}],"replies":[{"embeddable":true,"href":"https:\/\/www.infokuryr.cz\/n\/wp-json\/wp\/v2\/comments?post=48651"}],"version-history":[{"count":0,"href":"https:\/\/www.infokuryr.cz\/n\/wp-json\/wp\/v2\/posts\/48651\/revisions"}],"wp:featuredmedia":[{"embeddable":true,"href":"https:\/\/www.infokuryr.cz\/n\/wp-json\/wp\/v2\/media\/9926"}],"wp:attachment":[{"href":"https:\/\/www.infokuryr.cz\/n\/wp-json\/wp\/v2\/media?parent=48651"}],"wp:term":[{"taxonomy":"category","embeddable":true,"href":"https:\/\/www.infokuryr.cz\/n\/wp-json\/wp\/v2\/categories?post=48651"},{"taxonomy":"post_tag","embeddable":true,"href":"https:\/\/www.infokuryr.cz\/n\/wp-json\/wp\/v2\/tags?post=48651"}],"curies":[{"name":"wp","href":"https:\/\/api.w.org\/{rel}","templated":true}]}}