{"id":4865,"date":"2021-09-20T08:02:24","date_gmt":"2021-09-20T06:02:24","guid":{"rendered":"http:\/\/www.infokuryr.cz\/n\/?p=4865"},"modified":"2021-09-20T08:02:24","modified_gmt":"2021-09-20T06:02:24","slug":"ci-jsou-na-belorusko-polske-hranici-nalezeni-4-mrtvi-imigranti","status":"publish","type":"post","link":"https:\/\/www.infokuryr.cz\/n\/2021\/09\/20\/ci-jsou-na-belorusko-polske-hranici-nalezeni-4-mrtvi-imigranti\/","title":{"rendered":"\u010c\u00ed jsou? Na b\u011blorusko-polsk\u00e9 hranici nalezeni 4 mrtv\u00ed imigranti"},"content":{"rendered":"<div id=\"fb-root\"><\/div>\n<p>Na polsko-b\u011blorusk\u00e9 hranici byla nalezena v ned\u011bli 4 mrtv\u00e1 t\u011bla jak\u00fdchsi neevropan\u016f. Podle b\u011blorusk\u00fdch pohrani\u010dn\u00edch org\u00e1n\u016f je na b\u011bloruskou stranu pohrani\u010dn\u00edho p\u00e1sma dovlekli pol\u0161t\u00ed pohrani\u010dn\u00edci. Jedn\u00e1 se pr\u00fd o Ir\u00e1\u010dany. Polsko oponuje, \u017ee B\u011blorusko zneu\u017e\u00edv\u00e1 trag\u00e9dii ke sv\u00fdm propagandistick\u00fdm c\u00edl\u016fm.<\/p>\n<p><a href=\"https:\/\/www.lematin.ch\/story\/une-migrante-retrouvee-morte-entre-la-pologne-et-le-belarus-642872919694\">ZDROJ<\/a><\/p>\n<p>&nbsp;<\/p>\n","protected":false},"excerpt":{"rendered":"<p>Na polsko-b\u011blorusk\u00e9 hranici byla nalezena v ned\u011bli 4 mrtv\u00e1 t\u011bla jak\u00fdchsi neevropan\u016f. Podle b\u011blorusk\u00fdch pohrani\u010dn\u00edch&#8230;<\/p>\n","protected":false},"author":2,"featured_media":4006,"comment_status":"closed","ping_status":"closed","sticky":false,"template":"","format":"standard","meta":[],"categories":[7],"tags":[150,119,1221,31],"_links":{"self":[{"href":"https:\/\/www.infokuryr.cz\/n\/wp-json\/wp\/v2\/posts\/4865"}],"collection":[{"href":"https:\/\/www.infokuryr.cz\/n\/wp-json\/wp\/v2\/posts"}],"about":[{"href":"https:\/\/www.infokuryr.cz\/n\/wp-json\/wp\/v2\/types\/post"}],"author":[{"embeddable":true,"href":"https:\/\/www.infokuryr.cz\/n\/wp-json\/wp\/v2\/users\/2"}],"replies":[{"embeddable":true,"href":"https:\/\/www.infokuryr.cz\/n\/wp-json\/wp\/v2\/comments?post=4865"}],"version-history":[{"count":0,"href":"https:\/\/www.infokuryr.cz\/n\/wp-json\/wp\/v2\/posts\/4865\/revisions"}],"wp:featuredmedia":[{"embeddable":true,"href":"https:\/\/www.infokuryr.cz\/n\/wp-json\/wp\/v2\/media\/4006"}],"wp:attachment":[{"href":"https:\/\/www.infokuryr.cz\/n\/wp-json\/wp\/v2\/media?parent=4865"}],"wp:term":[{"taxonomy":"category","embeddable":true,"href":"https:\/\/www.infokuryr.cz\/n\/wp-json\/wp\/v2\/categories?post=4865"},{"taxonomy":"post_tag","embeddable":true,"href":"https:\/\/www.infokuryr.cz\/n\/wp-json\/wp\/v2\/tags?post=4865"}],"curies":[{"name":"wp","href":"https:\/\/api.w.org\/{rel}","templated":true}]}}