{"id":48648,"date":"2024-03-06T00:34:43","date_gmt":"2024-03-05T23:34:43","guid":{"rendered":"https:\/\/www.infokuryr.cz\/n\/?p=48648"},"modified":"2024-03-05T16:24:09","modified_gmt":"2024-03-05T15:24:09","slug":"cinska-vlada-naridila-aby-vsechna-data-o-covid-byla-znicena","status":"publish","type":"post","link":"https:\/\/www.infokuryr.cz\/n\/2024\/03\/06\/cinska-vlada-naridila-aby-vsechna-data-o-covid-byla-znicena\/","title":{"rendered":"\u010c\u00ednsk\u00e1 vl\u00e1da na\u0159\u00eddila, aby v\u0161echna data o Covid byla zni\u010dena"},"content":{"rendered":"<div id=\"fb-root\"><\/div>\n<div class=\"elementor-element elementor-element-1fb4c2c elementor-widget elementor-widget-theme-post-content\" data-id=\"1fb4c2c\" data-element_type=\"widget\" data-widget_type=\"theme-post-content.default\">\n<div class=\"elementor-widget-container\">\n<p><span>\u010c\u00ednsk\u00e1 vl\u00e1da na\u0159\u00eddila celost\u00e1tn\u00ed zni\u010den\u00ed v\u0161ech dat COVID-19 ve sv\u00e9m zdravotn\u00edm syst\u00e9mu, aby byly zni\u010deny v\u0161echny usv\u011bd\u010duj\u00edc\u00ed d\u016fkazy, \u017ee pandemie byla zp\u016fsobena bioin\u017een\u00fdrstv\u00edm.<\/span><\/p>\n<p><span>Zdroj z Changsha, Hunan, kter\u00fd se identifikuje jako \u201eMr.\u00a0Chen \u0159ekl listu The Epoch Times, \u017ee mu informace poskytl vysok\u00fd \u00fa\u0159edn\u00edk v m\u00edstn\u00ed nemocnici.<\/span><\/p>\n<p><span>\u201e\u0158ekl mi p\u0159\u00edmo: Vl\u00e1da na\u0159izuje zdravotnick\u00fdm \u00fa\u0159ad\u016fm v cel\u00e9 zemi zni\u010dit v\u0161echna data o COVID-19, v\u010detn\u011b informac\u00ed o cel\u00e9m procesu kontroly ohniska a z\u00e1znam\u016f o o\u010dkov\u00e1n\u00ed.\u00a0Mus\u00ed vymazat v\u0161echna data bez zanech\u00e1n\u00ed jak\u00e9koli stopy a z\u00e1znamy v po\u010d\u00edta\u010d\u00edch mus\u00ed b\u00fdt zcela vymaz\u00e1ny,\u201c \u0159ekl Chen.<\/span><\/p>\n<p><span>Pokyn plat\u00ed pro celou zemi, v\u010detn\u011b vakc\u00edny proti Covidu a v\u0161eho, co vl\u00e1da v souvislosti s opat\u0159en\u00edmi pro kontrolu Covid pova\u017euje za nep\u0159\u00edjemn\u00e9.<\/span><\/p>\n<p><span>\u201e\u017d\u00e1dn\u00e9 datum by se nem\u011blo \u0161et\u0159it, ani na pap\u00ed\u0159e, ani v po\u010d\u00edta\u010d\u00edch.\u00a0Z\u00e1znamy o aplikaci vakc\u00edny budou vymaz\u00e1ny, stejn\u011b jako z\u00e1znamy o testov\u00e1n\u00ed nukleov\u00fdch kyselin a v\u0161ech dal\u0161\u00edch nep\u0159\u00edjemn\u00fdch v\u011bcech, kter\u00e9 se staly b\u011bhem cel\u00e9ho procesu kontroly onemocn\u011bn\u00ed,\u201c \u0159ekl.<\/span><\/p>\n<p><span>C\u00edlem \u010cKS je vymazat kapitolu COVID z \u010d\u00ednsk\u00e9 historie, aby se budouc\u00ed generace nedozv\u011bd\u011bly o tom, co pova\u017euj\u00ed za masivn\u00ed vl\u00e1dn\u00ed selh\u00e1n\u00ed.<\/span><\/p>\n<p><span>Podle Epoch Times:<\/span><\/p>\n<p><span>Po vypuknut\u00ed pandemie COVID-19 na za\u010d\u00e1tku roku 2020 \u010d\u00ednsk\u00e1 komunistick\u00e1 strana (\u010cKS) sledovala pl\u00e1n \u201enula COVID\u201c a zavedla extr\u00e9mn\u00ed opat\u0159en\u00ed pro boj s pandemi\u00ed.\u00a0Tato opat\u0159en\u00ed v\u0161ak vedla k \u010dast\u00fdm katastrof\u00e1m jako \u201evedlej\u0161\u00edm \u00fa\u010dink\u016fm\u201c, kter\u00e9 d\u00e1le podporovaly lidovou nespokojenost a hn\u011bv.<\/span><\/p>\n<p><span>Ve druh\u00e9 polovin\u011b roku 2022 se zem\u00ed p\u0159ehnalo \u201e\u00a0<\/span><a href=\"https:\/\/12ft.io\/proxy\" target=\"_blank\" rel=\"noreferrer noopener\" data-type=\"link\" data-id=\"https:\/\/12ft.io\/proxy\"><span>Hnut\u00ed b\u00edl\u00e9 knihy<\/span><\/a><span>\u00a0\u201c a v r\u016fzn\u00fdch regionech vypukly pouli\u010dn\u00ed protesty.<\/span><\/p>\n<p><span>P\u0159ed 20. n\u00e1rodn\u00edm kongresem KS\u010c se na most\u011b Sitong v Pekingu objevily transparenty vyz\u00fdvaj\u00edc\u00ed k ukon\u010den\u00ed politiky nulov\u00e9ho COVID a svr\u017een\u00ed \u010d\u00ednsk\u00e9ho v\u016fdce Si \u0164in-pchinga.<\/span><\/p>\n<p><span>Na konci roku 2022 \u010cKS ne\u010dekan\u011b zru\u0161ila omezuj\u00edc\u00ed opat\u0159en\u00ed.<\/span><\/p>\n<p><span>Chen tak\u00e9 \u0159ekl, \u017ee probl\u00e9m p\u0159etrv\u00e1v\u00e1, proto\u017ee v komunistick\u00e9 \u010c\u00edn\u011b explodovaly p\u0159\u00edpady COVID a z\u00e1palu plic.\u00a0&#8222;Nemocnice jsou v sou\u010dasn\u00e9 dob\u011b p\u0159epln\u011bn\u00e9 star\u0161\u00edmi lidmi a d\u011btmi a nemocni\u010dn\u00ed byznys pokra\u010duje v rozmachu.&#8220;<\/span><\/p>\n<p><span>Podle Chena se mnoho \u010c\u00ed\u0148an\u016f domn\u00edv\u00e1, \u017ee tato exploze souvis\u00ed s vakc\u00ednou COVID.<\/span><\/p>\n<p><span>\u201ePo o\u010dkov\u00e1n\u00ed se mnoz\u00ed z n\u00e1s c\u00edtili fyzicky nemocn\u00ed a asi t\u00fdden m\u011bli siln\u00e9 nepohodl\u00ed.\u00a0U n\u011bkter\u00fdch, kte\u0159\u00ed \u0161li k l\u00e9ka\u0159i, bylo pozd\u011bji zji\u0161t\u011bno, \u017ee maj\u00ed v plic\u00edch uzliny.\u00a0To je b\u011b\u017en\u00fd sc\u00e9n\u00e1\u0159 u lid\u00ed, kte\u0159\u00ed byli p\u0159ed o\u010dkov\u00e1n\u00edm zdrav\u00ed.\u00a0&#8222;V\u011bt\u0161ina lid\u00ed v\u0161ak o t\u011bchto probl\u00e9mech otev\u0159en\u011b nemluv\u00ed, proto\u017ee nemaj\u00ed konkr\u00e9tn\u00ed d\u016fkazy, \u017ee jsou zp\u016fsobeny vakc\u00ednou,&#8220; \u0159\u00edk\u00e1 Chen.<\/span><\/p>\n<p><span>Domn\u00edv\u00e1 se tak\u00e9, \u017ee \u010cKS se ob\u00e1v\u00e1, \u017ee m\u016f\u017ee doj\u00edt k nov\u00e9 vln\u011b \u00famrt\u00ed na COVID p\u0159ipisovan\u00fdch vakc\u00edn\u011b, a v tomto p\u0159\u00edpad\u011b p\u0159ipravuje prohl\u00e1\u0161en\u00ed.<\/span><\/p>\n<p><span>&#8222;V\u011b\u0159\u00edm, \u017ee vakc\u00edny, kter\u00e9 jsme dostali, jsou fale\u0161n\u00e9 a maj\u00ed nep\u0159\u00edzniv\u00e9 \u00fa\u010dinky,&#8220; dodal.<\/span><\/p>\n<p><span>\u010cKS tak\u00e9 vynalo\u017eila velk\u00e9 \u00fasil\u00ed, aby zakryla zv\u011brstva kulturn\u00ed revoluce a Mao Ce-tung\u016fv velk\u00fd skok vp\u0159ed u p\u0159\u00edle\u017eitosti 100. v\u00fdro\u010d\u00ed Velk\u00e9ho skoku vp\u0159ed.\u00a0\u201eCht\u011bj\u00ed ovl\u00e1dnout mysl ka\u017ed\u00e9ho \u010c\u00ed\u0148ana a vymazat jeho historii.\u00a0Cht\u011bj\u00ed ps\u00e1t svou vlastn\u00ed historii,\u201c \u0159ekl v roce 2021 prodemokratick\u00fd demonstrant Dong Zehua listu LA Times.<\/span><\/p>\n<p><span>L\u017ei a zlo\u010diny \u010cKS proti lidskosti, z nich\u017e nejnov\u011bj\u0161\u00ed bylo vypu\u0161t\u011bn\u00ed COVID-19, nesm\u00ed b\u00fdt zakryty nebo odlo\u017eeny na smeti\u0161t\u011b d\u011bjin,\u00a0<\/span><a href=\"https:\/\/www.infowars.com\/posts\/report-ccp-orders-destruction-of-all-covid-data-nationwide\/\" target=\"_blank\" rel=\"noreferrer noopener\" data-type=\"link\" data-id=\"https:\/\/www.infowars.com\/posts\/report-ccp-orders-destruction-of-all-covid-data-nationwide\/\"><span>uv\u00e1d\u00ed infowars.com<\/span><\/a><span>\u00a0.<\/span><\/p>\n<\/div>\n<\/div>\n<div class=\"elementor-element elementor-element-8c57238 quelle dc-has-condition dc-condition-empty elementor-widget elementor-widget-heading\" data-id=\"8c57238\" data-element_type=\"widget\" data-widget_type=\"heading.default\">\n<div class=\"elementor-widget-container\">\n<h3 class=\"elementor-heading-title elementor-size-default\"><span style=\"font-size: 10pt;\"><a href=\"https:\/\/www.theepochtimes.com\/article\/ccp-demands-nationwide-destruction-of-all-covid-19-data-source-5598239\" target=\"_blank\" rel=\"nofollow noopener\">ZDROJ<\/a><\/span><\/h3>\n<p>&nbsp;<\/p>\n<\/div>\n<\/div>\n","protected":false},"excerpt":{"rendered":"<p>\u010c\u00ednsk\u00e1 vl\u00e1da na\u0159\u00eddila celost\u00e1tn\u00ed zni\u010den\u00ed v\u0161ech dat COVID-19 ve sv\u00e9m zdravotn\u00edm syst\u00e9mu, aby byly zni\u010deny&#8230;<\/p>\n","protected":false},"author":2,"featured_media":2769,"comment_status":"closed","ping_status":"closed","sticky":false,"template":"","format":"standard","meta":[],"categories":[7],"tags":[30,23,1620,2161],"_links":{"self":[{"href":"https:\/\/www.infokuryr.cz\/n\/wp-json\/wp\/v2\/posts\/48648"}],"collection":[{"href":"https:\/\/www.infokuryr.cz\/n\/wp-json\/wp\/v2\/posts"}],"about":[{"href":"https:\/\/www.infokuryr.cz\/n\/wp-json\/wp\/v2\/types\/post"}],"author":[{"embeddable":true,"href":"https:\/\/www.infokuryr.cz\/n\/wp-json\/wp\/v2\/users\/2"}],"replies":[{"embeddable":true,"href":"https:\/\/www.infokuryr.cz\/n\/wp-json\/wp\/v2\/comments?post=48648"}],"version-history":[{"count":0,"href":"https:\/\/www.infokuryr.cz\/n\/wp-json\/wp\/v2\/posts\/48648\/revisions"}],"wp:featuredmedia":[{"embeddable":true,"href":"https:\/\/www.infokuryr.cz\/n\/wp-json\/wp\/v2\/media\/2769"}],"wp:attachment":[{"href":"https:\/\/www.infokuryr.cz\/n\/wp-json\/wp\/v2\/media?parent=48648"}],"wp:term":[{"taxonomy":"category","embeddable":true,"href":"https:\/\/www.infokuryr.cz\/n\/wp-json\/wp\/v2\/categories?post=48648"},{"taxonomy":"post_tag","embeddable":true,"href":"https:\/\/www.infokuryr.cz\/n\/wp-json\/wp\/v2\/tags?post=48648"}],"curies":[{"name":"wp","href":"https:\/\/api.w.org\/{rel}","templated":true}]}}