{"id":48645,"date":"2024-03-06T00:32:53","date_gmt":"2024-03-05T23:32:53","guid":{"rendered":"https:\/\/www.infokuryr.cz\/n\/?p=48645"},"modified":"2024-03-05T16:12:01","modified_gmt":"2024-03-05T15:12:01","slug":"dopady-se-blizi-eu-chce-nyni-uvest-evropsky-zbrojni-prumysl-do-rezimu-valecne-ekonomiky","status":"publish","type":"post","link":"https:\/\/www.infokuryr.cz\/n\/2024\/03\/06\/dopady-se-blizi-eu-chce-nyni-uvest-evropsky-zbrojni-prumysl-do-rezimu-valecne-ekonomiky\/","title":{"rendered":"Dopady se bl\u00ed\u017e\u00ed! EU chce nyn\u00ed uv\u00e9st evropsk\u00fd zbrojn\u00ed pr\u016fmysl do re\u017eimu v\u00e1le\u010dn\u00e9 ekonomiky!"},"content":{"rendered":"<div id=\"fb-root\"><\/div>\n<div class=\"elementor-element elementor-element-1fb4c2c elementor-widget elementor-widget-theme-post-content\" data-id=\"1fb4c2c\" data-element_type=\"widget\" data-widget_type=\"theme-post-content.default\">\n<div class=\"elementor-widget-container\">\n<p><span style=\"font-size: 14pt;\"><strong>Pot\u00e9, co jsou zdravotn\u00ed syst\u00e9my p\u0159ipraveny na v\u00e1lku, zbrojn\u00ed pr\u016fmysl se nyn\u00ed p\u0159ipravuje na v\u00e1le\u010dnou ekonomiku.<\/strong><\/span><\/p>\n<p><iframe loading=\"lazy\" id=\"telegram-post-uncut_news-64267\" src=\"https:\/\/t.me\/uncut_news\/64267?embed=1\" width=\"100%\" height=\"\" frameborder=\"0\" scrolling=\"no\" data-mce-fragment=\"1\"><\/iframe><span style=\"font-size: 18pt;\"><strong>Reuters uv\u00e1d\u00ed:<\/strong><\/span><\/p>\n<p><span>Evropsk\u00e1 komise v \u00fater\u00fd navrhne, jak m\u016f\u017ee Evropsk\u00e1 unie pos\u00edlit sv\u016fj obrann\u00fd pr\u016fmysl, aby v reakci na ruskou invazi na Ukrajinu p\u0159e\u0161el do \u201ere\u017eimu v\u00e1le\u010dn\u00e9 ekonomiky\u201c.<\/span><\/p>\n<p><span>Evropsk\u00fd komisa\u0159 pro pr\u016fmysl Thierry Breton p\u0159edlo\u017e\u00ed n\u00e1vrhy, jak povzbudit zem\u011b EU, aby nakupovaly v\u00edce zbran\u00ed od evropsk\u00fdch spole\u010dnost\u00ed a jak t\u011bmto firm\u00e1m pomoci zv\u00fd\u0161it jejich v\u00fdrobn\u00ed kapacitu, uvedli p\u0159edstavitel\u00e9 EU.<\/span><\/p>\n<p><span>\u201eMus\u00edme zm\u011bnit paradigma a p\u0159ej\u00edt do re\u017eimu v\u00e1le\u010dn\u00e9 ekonomiky.\u00a0To tak\u00e9 znamen\u00e1, \u017ee evropsk\u00fd obrann\u00fd pr\u016fmysl bude muset s na\u0161\u00ed podporou v\u00edce riskovat,\u201c \u0159ekl Breton s odkazem na bal\u00ed\u010dek.<\/span><\/p>\n<p><span>Breton, b\u00fdval\u00fd gener\u00e1ln\u00ed \u0159editel francouzsk\u00e9 technologick\u00e9 spole\u010dnosti, tak\u00e9 \u0159ekl, \u017ee mo\u017enost dal\u0161\u00edho funk\u010dn\u00edho obdob\u00ed americk\u00e9ho prezidenta Donalda Trumpa \u2013 kter\u00fd zpochybnil z\u00e1vazky Washingtonu v\u016f\u010di NATO \u2013 znamen\u00e1, \u017ee Evropa mus\u00ed ud\u011blat v\u00edce pro svou ochranu.<\/span><\/p>\n<p><span>\u201eV sou\u010dasn\u00e9m geopolitick\u00e9m kontextu mus\u00ed Evropa p\u0159evz\u00edt v\u011bt\u0161\u00ed odpov\u011bdnost za svou vlastn\u00ed bezpe\u010dnost, bez ohledu na v\u00fdsledek voleb na\u0161ich spojenc\u016f ka\u017ed\u00e9 \u010dty\u0159i roky,\u201c \u0159ekl Breton.<\/span><\/p>\n<p><span>Rusk\u00e1 v\u00e1lka na Ukrajin\u011b p\u0159im\u011bla mnoho evropsk\u00fdch zem\u00ed ke zv\u00fd\u0161en\u00ed v\u00fddaj\u016f na obranu.<\/span><\/p>\n<p><span>P\u0159edstavitel\u00e9 EU v\u0161ak tvrd\u00ed, \u017ee \u010dist\u011b vnitrost\u00e1tn\u00ed snahy jsou m\u00e9n\u011b \u00fa\u010dinn\u00e9 a \u0159\u00edkaj\u00ed, \u017ee org\u00e1ny EU by m\u011bly hr\u00e1t v\u011bt\u0161\u00ed roli v obrann\u00e9 politice.<\/span><\/p>\n<p><span>Analytici tvrd\u00ed, \u017ee v\u00e1lka uk\u00e1zala, \u017ee evropsk\u00fd pr\u016fmysl nebyl p\u0159ipraven na n\u011bkter\u00e9 velk\u00e9 v\u00fdzvy, jako je n\u00e1hl\u00fd n\u00e1r\u016fst popt\u00e1vky po velk\u00e9m mno\u017estv\u00ed d\u011blost\u0159eleck\u00e9 munice.<\/span><\/p>\n<p><span>Breton mimo jin\u00e9 navrhuje evropskou verzi americk\u00e9ho sch\u00e9matu zahrani\u010dn\u00edho vojensk\u00e9ho prodeje<\/span><\/p>\n<p><span>s nimi\u017e USA pom\u00e1haj\u00ed jin\u00fdm vl\u00e1d\u00e1m nakupovat od americk\u00fdch obrann\u00fdch spole\u010dnost\u00ed.<\/span><br \/>\n<span>Dal\u0161\u00ed n\u00e1vrh stanov\u00ed, \u017ee EU m\u016f\u017ee zav\u00e1zat evropsk\u00e9 obrann\u00e9 spole\u010dnosti, aby v dob\u011b krize up\u0159ednost\u0148ovaly evropsk\u00e9 zak\u00e1zky.<\/span><\/p>\n<p><span>Aby se n\u00e1vrhy staly skute\u010dnost\u00ed, mus\u00ed je schv\u00e1lit 27 n\u00e1rodn\u00edch vl\u00e1d EU \u2013 kter\u00e9 se \u010dasto zdr\u00e1haj\u00ed vzd\u00e1t moci v ot\u00e1zk\u00e1ch obrany a arm\u00e1dy \u2013 a Evropsk\u00fd parlament.<\/span><\/p>\n<p><span>N\u00e1vrhy tak\u00e9 bedliv\u011b zkoum\u00e1 NATO, kter\u00e9 prohl\u00e1silo, \u017ee v\u00edt\u00e1 snahy EU o podporu evropsk\u00e9 obrany, ale varovalo, \u017ee se nesm\u00ed p\u0159ekr\u00fdvat nebo b\u00fdt v rozporu s prac\u00ed transatlantick\u00e9 aliance.<\/span><\/p>\n<p><span style=\"font-size: 18pt;\"><strong>OT\u00c1ZKY FINANCOV\u00c1N\u00cd<\/strong><\/span><\/p>\n<p><span>O\u010dek\u00e1v\u00e1 se, \u017ee Breton\u016fv bal\u00ed\u010dek bude do konce roku 2027 zahrnovat p\u0159ibli\u017en\u011b 1,5 miliardy eur (1,63 miliardy dolar\u016f) nov\u00e9ho financov\u00e1n\u00ed \u2013 co\u017e je ve sv\u011bt\u011b velk\u00fdch zak\u00e1zek v oblasti obrany skromn\u00e1 \u010d\u00e1stka.<\/span><br \/>\n<span>Ofici\u00e1ln\u011b se ale \u0159\u00edk\u00e1, \u017ee bal\u00ed\u010dek vytv\u00e1\u0159\u00ed pr\u00e1vn\u00ed r\u00e1mec, kter\u00fd v p\u0159\u00ed\u0161t\u00edch letech umo\u017en\u00ed mnohem v\u011bt\u0161\u00ed koordinovan\u00e9 utr\u00e1cen\u00ed, pokud na to bude EU ochotn\u00e1 pen\u00edze poskytnout.<\/span><\/p>\n<p><span>Breton po\u017eadoval zvl\u00e1\u0161tn\u00ed fond EU ve v\u00fd\u0161i 100 miliard eur na obrann\u00e9 projekty.<\/span><\/p>\n<p><span>P\u0159edstavitel\u00e9 Komise uvedli, \u017ee cht\u011bj\u00ed, aby se Kyjev \u00fa\u010dastnil navrhovan\u00fdch nov\u00fdch program\u016f na podporu sd\u00edlen\u00e9ho zad\u00e1v\u00e1n\u00ed zak\u00e1zek a v\u00fdrobn\u00ed kapacity, p\u0159esto\u017ee Ukrajina nen\u00ed sou\u010d\u00e1st\u00ed EU.<\/span><br \/>\n<span>&#8222;Na\u0161\u00edm \u00fakolem je zach\u00e1zet s Ukrajinou, jako by to byl \u010dlensk\u00fd st\u00e1t,&#8220; \u0159ekl \u00fa\u0159edn\u00edk, kter\u00fd p\u0159ed p\u0159edlo\u017een\u00edm bal\u00ed\u010dku promluvil pod podm\u00ednkou anonymity.<\/span><br \/>\n<span>Dohoda o n\u00e1vrz\u00edch bude n\u011bjakou dobu trvat, zejm\u00e9na proto, \u017ee v \u010dervnu bude zvolen nov\u00fd Evropsk\u00fd parlament a pot\u00e9 bude jmenov\u00e1na nov\u00e1 Evropsk\u00e1 komise.<\/span><\/p>\n<p><span>Neshody uvnit\u0159 sou\u010dasn\u00e9 Komise jsou p\u0159edzv\u011bst\u00ed n\u011bkter\u00fdch boj\u016f o moc, kter\u00e9 p\u0159ijdou.<\/span><\/p>\n<p><span>Zat\u00edmco p\u0159edsedkyn\u011b Komise Ursula von der Leyenov\u00e1 ozn\u00e1mila, \u017ee v p\u0159\u00edpad\u011b druh\u00e9ho funk\u010dn\u00edho obdob\u00ed vytvo\u0159\u00ed post komisa\u0159ky pro obranu, Bretonov\u00e1 tvrd\u00ed, \u017ee takov\u00e1 pozice nen\u00ed nutn\u00e1.<\/span><br \/>\n<span>\u201ePokud jde o ot\u00e1zku komisa\u0159e pro obrann\u00fd pr\u016fmysl, mysl\u00edm, \u017ee u\u017e ho m\u00e1me,\u201c \u0159ekl.<\/span><\/p>\n<\/div>\n<\/div>\n<div class=\"elementor-element elementor-element-8c57238 quelle dc-has-condition dc-condition-empty elementor-widget elementor-widget-heading\" data-id=\"8c57238\" data-element_type=\"widget\" data-widget_type=\"heading.default\">\n<div class=\"elementor-widget-container\">\n<h3 class=\"elementor-heading-title elementor-size-default\"><span style=\"font-size: 10pt;\"><a href=\"https:\/\/www.reuters.com\/world\/europe\/eu-aims-shift-european-arms-industry-war-economy-mode-2024-03-04\/\" target=\"_blank\" rel=\"nofollow noopener\">ZDROJ<\/a><\/span><\/h3>\n<p>&nbsp;<\/p>\n<\/div>\n<\/div>\n","protected":false},"excerpt":{"rendered":"<p>Pot\u00e9, co jsou zdravotn\u00ed syst\u00e9my p\u0159ipraveny na v\u00e1lku, zbrojn\u00ed pr\u016fmysl se nyn\u00ed p\u0159ipravuje na v\u00e1le\u010dnou&#8230;<\/p>\n","protected":false},"author":2,"featured_media":1114,"comment_status":"closed","ping_status":"closed","sticky":false,"template":"","format":"standard","meta":[],"categories":[7],"tags":[2145,41,40],"_links":{"self":[{"href":"https:\/\/www.infokuryr.cz\/n\/wp-json\/wp\/v2\/posts\/48645"}],"collection":[{"href":"https:\/\/www.infokuryr.cz\/n\/wp-json\/wp\/v2\/posts"}],"about":[{"href":"https:\/\/www.infokuryr.cz\/n\/wp-json\/wp\/v2\/types\/post"}],"author":[{"embeddable":true,"href":"https:\/\/www.infokuryr.cz\/n\/wp-json\/wp\/v2\/users\/2"}],"replies":[{"embeddable":true,"href":"https:\/\/www.infokuryr.cz\/n\/wp-json\/wp\/v2\/comments?post=48645"}],"version-history":[{"count":0,"href":"https:\/\/www.infokuryr.cz\/n\/wp-json\/wp\/v2\/posts\/48645\/revisions"}],"wp:featuredmedia":[{"embeddable":true,"href":"https:\/\/www.infokuryr.cz\/n\/wp-json\/wp\/v2\/media\/1114"}],"wp:attachment":[{"href":"https:\/\/www.infokuryr.cz\/n\/wp-json\/wp\/v2\/media?parent=48645"}],"wp:term":[{"taxonomy":"category","embeddable":true,"href":"https:\/\/www.infokuryr.cz\/n\/wp-json\/wp\/v2\/categories?post=48645"},{"taxonomy":"post_tag","embeddable":true,"href":"https:\/\/www.infokuryr.cz\/n\/wp-json\/wp\/v2\/tags?post=48645"}],"curies":[{"name":"wp","href":"https:\/\/api.w.org\/{rel}","templated":true}]}}