{"id":4858,"date":"2021-09-20T04:06:42","date_gmt":"2021-09-20T02:06:42","guid":{"rendered":"http:\/\/www.infokuryr.cz\/n\/?p=4858"},"modified":"2021-09-20T04:09:58","modified_gmt":"2021-09-20T02:09:58","slug":"cina-kritizovala-valecnou-lod-us-jako-narusitele-miru-v-tchajwanske-uzine","status":"publish","type":"post","link":"https:\/\/www.infokuryr.cz\/n\/2021\/09\/20\/cina-kritizovala-valecnou-lod-us-jako-narusitele-miru-v-tchajwanske-uzine\/","title":{"rendered":"\u010c\u00edna kritizovala v\u00e1le\u010dnou lo\u010f US jako \u201enaru\u0161itele\u201c m\u00edru v Tchajwansk\u00e9 \u00fa\u017ein\u011b"},"content":{"rendered":"<div id=\"fb-root\"><\/div>\n<p>Velitelstv\u00ed v\u00fdchodn\u00ed fronty \u010c\u00ednsk\u00e9 lidov\u00e9 osvobozeneck\u00e9 arm\u00e1dy (PLA) v sobotu ozna\u010dilo americkou v\u00e1le\u010dnou lo\u010f za \u201ezdroj pot\u00ed\u017e\u00ed\u201d m\u00edru Tchajwansk\u00e9 \u00fa\u017einy a uvedlo, \u017ee bude v\u017edy udr\u017eovat vysokou pohotovost.<\/p>\n<p>Arm\u00e1da sledovala a monitorovala pohyby torp\u00e9doborce USS Barry p\u0159i jeho p\u00e1te\u010dn\u00ed plavb\u011b tchajwanskou \u00fa\u017einou, to uvedl velitel fronty Shi Yi (\u0160\u00b4 I) prost\u0159ednictv\u00edm mluv\u010d\u00ed.<\/p>\n<p>USA takov\u00e9 provokativn\u00ed akce \u010dasto provozovaly, dodal Shi.<\/p>\n<p>\u010c\u00ednsk\u00e1 arm\u00e1da bude rozhodn\u011b chr\u00e1nit suverenitu a bezpe\u010dnost zem\u011b, jako\u017e i m\u00edr a stabilitu regionu, uvedl mluv\u010d\u00ed.<\/p>\n<p>\u010c\u00ednsk\u00e1 arm\u00e1da bude rozhodn\u011b chr\u00e1nit suverenitu a bezpe\u010dnost zem\u011b, jako\u017e i m\u00edr a stabilitu regionu, uvedla mluv\u010d\u00ed.<\/p>\n<p>V p\u00e1tek PLA provedla bojov\u00e9 cvi\u010den\u00ed kolem mo\u0159e a vzdu\u0161n\u00e9ho prostoru v jihoz\u00e1padn\u00ed oblasti Tchaj -wanu, co\u017e je krok ke \u201ezlep\u0161en\u00ed bojov\u00fdch schopnost\u00ed arm\u00e1dn\u00edch sil pracuj\u00edc\u00edch jako t\u00fdm\u201c, \u0159ekl Shi.<\/p>\n<p>Podobn\u00e1 cvi\u010den\u00ed budou prov\u00e1d\u011bna \u201epravideln\u011b podle pot\u0159eby zaji\u0161t\u011bn\u00ed bezpe\u010dnosti tchajwansk\u00fdch pr\u016fliv\u016f a suverenity \u010c\u00edny,\u201c dodal.<\/p>\n<p><img decoding=\"async\" loading=\"lazy\" class=\"alignnone size-full wp-image-1185\" src=\"http:\/\/www.infokuryr.cz\/n\/wp-content\/uploads\/2021\/04\/kuryr-podpis.png\" alt=\"\" width=\"84\" height=\"24\" \/><\/p>\n<p>&nbsp;<\/p>\n","protected":false},"excerpt":{"rendered":"<p>Velitelstv\u00ed v\u00fdchodn\u00ed fronty \u010c\u00ednsk\u00e9 lidov\u00e9 osvobozeneck\u00e9 arm\u00e1dy (PLA) v sobotu ozna\u010dilo americkou v\u00e1le\u010dnou lo\u010f za&#8230;<\/p>\n","protected":false},"author":2,"featured_media":2906,"comment_status":"closed","ping_status":"closed","sticky":false,"template":"","format":"standard","meta":[],"categories":[7],"tags":[30,220,37],"_links":{"self":[{"href":"https:\/\/www.infokuryr.cz\/n\/wp-json\/wp\/v2\/posts\/4858"}],"collection":[{"href":"https:\/\/www.infokuryr.cz\/n\/wp-json\/wp\/v2\/posts"}],"about":[{"href":"https:\/\/www.infokuryr.cz\/n\/wp-json\/wp\/v2\/types\/post"}],"author":[{"embeddable":true,"href":"https:\/\/www.infokuryr.cz\/n\/wp-json\/wp\/v2\/users\/2"}],"replies":[{"embeddable":true,"href":"https:\/\/www.infokuryr.cz\/n\/wp-json\/wp\/v2\/comments?post=4858"}],"version-history":[{"count":0,"href":"https:\/\/www.infokuryr.cz\/n\/wp-json\/wp\/v2\/posts\/4858\/revisions"}],"wp:featuredmedia":[{"embeddable":true,"href":"https:\/\/www.infokuryr.cz\/n\/wp-json\/wp\/v2\/media\/2906"}],"wp:attachment":[{"href":"https:\/\/www.infokuryr.cz\/n\/wp-json\/wp\/v2\/media?parent=4858"}],"wp:term":[{"taxonomy":"category","embeddable":true,"href":"https:\/\/www.infokuryr.cz\/n\/wp-json\/wp\/v2\/categories?post=4858"},{"taxonomy":"post_tag","embeddable":true,"href":"https:\/\/www.infokuryr.cz\/n\/wp-json\/wp\/v2\/tags?post=4858"}],"curies":[{"name":"wp","href":"https:\/\/api.w.org\/{rel}","templated":true}]}}