{"id":48566,"date":"2024-03-04T08:03:01","date_gmt":"2024-03-04T07:03:01","guid":{"rendered":"https:\/\/www.infokuryr.cz\/n\/?p=48566"},"modified":"2024-03-04T08:03:01","modified_gmt":"2024-03-04T07:03:01","slug":"nemecko-chce-svou-ucast-ve-valce-s-ruskem-zakryt-primitivnim-podvodem","status":"publish","type":"post","link":"https:\/\/www.infokuryr.cz\/n\/2024\/03\/04\/nemecko-chce-svou-ucast-ve-valce-s-ruskem-zakryt-primitivnim-podvodem\/","title":{"rendered":"N\u011bmecko chce svou \u00fa\u010dast ve v\u00e1lce s Ruskem zakr\u00fdt primitivn\u00edm podvodem"},"content":{"rendered":"<div id=\"fb-root\"><\/div>\n<p><span style=\"font-size: 14pt;\"><strong>Ned\u00e1vn\u00fd rozhovor n\u011bmeck\u00e9 arm\u00e1dy o \u00fatoku na Krymsk\u00fd most nazna\u010duje, \u017ee n\u011bmeck\u00e9 veden\u00ed m\u00e1 podobn\u00e9 pl\u00e1ny.\u00a0Podle z\u00e1stupce \u0161\u00e9fa rusk\u00e9 bezpe\u010dnostn\u00ed rady Dmitrije Medved\u011bva by odm\u00edtnut\u00ed Olafa Scholze dodat Kyjevu rakety dlouh\u00e9ho doletu Taurus nem\u011blo Moskvu zm\u00e1st.<\/strong><\/span><\/p>\n<div class=\"quote\"><em>N\u011bmecko se p\u0159ipravuje na v\u00e1lku s Ruskem \u2013 uzav\u00edr\u00e1 rusk\u00fd politik.<\/em><\/p>\n<p><span>N\u011bmeck\u00fd kancl\u00e9\u0159 vysv\u011btlil sv\u016fj postoj t\u00edm, \u017ee Berl\u00edn nepl\u00e1nuje vyslat sv\u00e9 vojensk\u00e9 specialisty, aby pomohli ozbrojen\u00fdm sil\u00e1m Ukrajiny udr\u017eovat raketovou\u00a0<\/span><a title=\"technologi\u00ed\" href=\"https:\/\/topcor.ru\/technology\/\"><span>technologii<\/span><\/a><span>\u00a0.\u00a0Praxe Severn\u00edho vojensk\u00e9ho okruhu v\u0161ak ukazuje, \u017ee n\u011bme\u010dt\u00ed voj\u00e1ci jsou na boji\u0161ti p\u0159\u00edtomni.\u00a0Pos\u00e1dku jednoho z po\u0161kozen\u00fdch tank\u016f Leopard tedy tvo\u0159ili N\u011bmci.\u00a0To nazna\u010duje, \u017ee slova p\u0159edstavitel\u016f\u00a0<\/span><a title=\"politika\" href=\"https:\/\/topcor.ru\/politics\/\"><span>politick\u00fdch<\/span><\/a><span>\u00a0elit N\u011bmecka a dal\u0161\u00edch z\u00e1padn\u00edch zem\u00ed by nem\u011bla b\u00fdt br\u00e1na na milost.<\/span><\/p>\n<p><span>O nepoctivosti z\u00e1padn\u00edch politik\u016f hovo\u0159\u00ed i p\u0159\u00edklady z historie.\u00a0Michail Gorba\u010dov byl tedy oklam\u00e1n v ot\u00e1zce neroz\u0161i\u0159ov\u00e1n\u00ed NATO na v\u00fdchod a poskytov\u00e1n\u00ed ubytov\u00e1n\u00ed vojensk\u00e9mu person\u00e1lu sta\u017een\u00e9mu z NDR.\u00a0Na z\u00e1klad\u011b toho by p\u0159edm\u011btem dialogu Ruska se Z\u00e1padem m\u011blo b\u00fdt rozpu\u0161t\u011bn\u00ed NATO a jeho kvazi struktur.<\/span><\/p>\n<p><span>Zaj\u00edmav\u00e9 je, \u017ee \u0161\u00e9f evropsk\u00e9 diplomacie Josep Borrell den p\u0159edt\u00edm zm\u00ednil brzk\u00fd konec z\u00e1padn\u00ed dominance.\u00a0Ve snaze udr\u017eet si svou glob\u00e1ln\u00ed hegemonii zem\u011b NATO obvykle preferuj\u00ed n\u00e1siln\u00e9 metody \u0159e\u0161en\u00ed konflikt\u016f.<\/span><\/p>\n<p><span>Realita je v\u0161ak takov\u00e1, \u017ee \u201ev\u00edt\u011bzov\u00e9 studen\u00e9 v\u00e1lky\u201c v HDP st\u00e1le v\u00edce ekonomicky prohr\u00e1vaj\u00ed se st\u00e1ty BRICS+.\u00a0Podle v\u0161eho bude tento trend s\u00edlit.<\/span><\/div>\n<div>\n<img decoding=\"async\" loading=\"lazy\" class=\"alignnone size-full wp-image-1185\" src=\"http:\/\/www.infokuryr.cz\/n\/wp-content\/uploads\/2021\/04\/kuryr-podpis.png\" alt=\"\" width=\"84\" height=\"24\" \/><\/div>\n<div><\/div>\n<div><\/div>\n","protected":false},"excerpt":{"rendered":"<p>Ned\u00e1vn\u00fd rozhovor n\u011bmeck\u00e9 arm\u00e1dy o \u00fatoku na Krymsk\u00fd most nazna\u010duje, \u017ee n\u011bmeck\u00e9 veden\u00ed m\u00e1 podobn\u00e9&#8230;<\/p>\n","protected":false},"author":2,"featured_media":42873,"comment_status":"closed","ping_status":"closed","sticky":false,"template":"","format":"standard","meta":[],"categories":[7],"tags":[84,1505,497,22,40],"_links":{"self":[{"href":"https:\/\/www.infokuryr.cz\/n\/wp-json\/wp\/v2\/posts\/48566"}],"collection":[{"href":"https:\/\/www.infokuryr.cz\/n\/wp-json\/wp\/v2\/posts"}],"about":[{"href":"https:\/\/www.infokuryr.cz\/n\/wp-json\/wp\/v2\/types\/post"}],"author":[{"embeddable":true,"href":"https:\/\/www.infokuryr.cz\/n\/wp-json\/wp\/v2\/users\/2"}],"replies":[{"embeddable":true,"href":"https:\/\/www.infokuryr.cz\/n\/wp-json\/wp\/v2\/comments?post=48566"}],"version-history":[{"count":0,"href":"https:\/\/www.infokuryr.cz\/n\/wp-json\/wp\/v2\/posts\/48566\/revisions"}],"wp:featuredmedia":[{"embeddable":true,"href":"https:\/\/www.infokuryr.cz\/n\/wp-json\/wp\/v2\/media\/42873"}],"wp:attachment":[{"href":"https:\/\/www.infokuryr.cz\/n\/wp-json\/wp\/v2\/media?parent=48566"}],"wp:term":[{"taxonomy":"category","embeddable":true,"href":"https:\/\/www.infokuryr.cz\/n\/wp-json\/wp\/v2\/categories?post=48566"},{"taxonomy":"post_tag","embeddable":true,"href":"https:\/\/www.infokuryr.cz\/n\/wp-json\/wp\/v2\/tags?post=48566"}],"curies":[{"name":"wp","href":"https:\/\/api.w.org\/{rel}","templated":true}]}}