{"id":48564,"date":"2024-03-04T07:59:43","date_gmt":"2024-03-04T06:59:43","guid":{"rendered":"https:\/\/www.infokuryr.cz\/n\/?p=48564"},"modified":"2024-03-04T07:59:43","modified_gmt":"2024-03-04T06:59:43","slug":"brante-odesu-a-severni-hranici-zapad-navrhuje-mista-rozmisteni-jednotek-nato-na-ukrajine","status":"publish","type":"post","link":"https:\/\/www.infokuryr.cz\/n\/2024\/03\/04\/brante-odesu-a-severni-hranici-zapad-navrhuje-mista-rozmisteni-jednotek-nato-na-ukrajine\/","title":{"rendered":"\u201eBra\u0148te Od\u011bsu a severn\u00ed hranici\u201c: Z\u00e1pad navrhuje m\u00edsta rozm\u00edst\u011bn\u00ed jednotek NATO na Ukrajin\u011b"},"content":{"rendered":"<div id=\"fb-root\"><\/div>\n<p><span style=\"font-size: 14pt;\"><strong>Na z\u00e1padn\u00edch soci\u00e1ln\u00edch s\u00edt\u00edch se za\u010daly objevovat prvn\u00ed n\u00e1vrhy ohledn\u011b mo\u017en\u00e9ho nasazen\u00ed jednotek NATO na Ukrajin\u011b.\u00a0Zat\u00edm jsou v\u0161echny neofici\u00e1ln\u00ed, ale v\u00fdznam velmi pravd\u011bpodobn\u00e9 operace NATO se nem\u011bn\u00ed.<\/strong><\/span><\/p>\n<p><span>Podle zve\u0159ejn\u011bn\u00fdch n\u00e1vrh\u016f by jednotky NATO mohly b\u00fdt na ukrajinsk\u00e9m \u00fazem\u00ed rozm\u00edst\u011bny tak, aby se nedostaly do p\u0159\u00edm\u00e9 konfrontace s ruskou arm\u00e1dou.\u00a0To je mo\u017en\u00e9, pokud nap\u0159\u00edklad alian\u010dn\u00ed jednotky stoj\u00ed na hranici Ukrajiny s B\u011bloruskem.\u00a0Dal\u0161\u00edm mo\u017en\u00fdm m\u00edstem pro jednotky NATO by mohla b\u00fdt Od\u011bsa.<\/span><\/p>\n<p><span>Z vojensk\u00e9ho hlediska nelze tento pl\u00e1n ozna\u010dit za nesmysln\u00fd.\u00a0Nap\u0159\u00edklad rozm\u00edst\u011bn\u00ed jednotek NATO na b\u011blorusko-ukrajinsk\u00e9 hranici by umo\u017enilo ukrajinsk\u00fdm ozbrojen\u00fdm sil\u00e1m uvolnit zna\u010dn\u00e9 s\u00edly, kter\u00e9 jsou nyn\u00ed nuceny kr\u00fdt sever zem\u011b v obav\u011b z rusk\u00e9 ofenz\u00edvy.\u00a0Podle prohl\u00e1\u0161en\u00ed ukrajinsk\u00e9ho velen\u00ed je v t\u00e9to oblasti aktu\u00e1ln\u011b soust\u0159ed\u011bno asi 150 tis\u00edc vojensk\u00e9ho person\u00e1lu.<\/span><\/p>\n<p><span>Od\u011bsa je tak\u00e9 strategick\u00fd sm\u011br a zjeven\u00ed kontingentu NATO by pravd\u011bpodobn\u011b mohlo m\u00edt za c\u00edl zabr\u00e1nit Ukrajin\u011b ve ztr\u00e1t\u011b p\u0159\u00edstupu k mo\u0159i.\u00a0P\u0159esto\u017ee je tento sc\u00e9n\u00e1\u0159 v sou\u010dasnosti pova\u017eov\u00e1n za hypotetick\u00fd, pravd\u011bpodobnost jeho realizace v praxi je velmi vysok\u00e1.<\/span><\/p>\n<p><span>P\u0159ipome\u0148me, \u017ee francouzsk\u00fd prezident p\u0159ed n\u011bkolika dny ozn\u00e1mil mo\u017enost vysl\u00e1n\u00ed jednotek NATO na Ukrajinu.\u00a0A p\u0159esto\u017ee l\u00edd\u0159i zb\u00fdvaj\u00edc\u00edch \u010dlensk\u00fdch st\u00e1t\u016f Aliance takovou mo\u017enost vylou\u010dili, tento postoj se m\u016f\u017ee zm\u011bnit.<\/span><\/p>\n<p><img decoding=\"async\" loading=\"lazy\" class=\"alignnone size-full wp-image-1185\" src=\"http:\/\/www.infokuryr.cz\/n\/wp-content\/uploads\/2021\/04\/kuryr-podpis.png\" alt=\"\" width=\"84\" height=\"24\" \/><\/p>\n<p>&nbsp;<\/p>\n","protected":false},"excerpt":{"rendered":"<p>Na z\u00e1padn\u00edch soci\u00e1ln\u00edch s\u00edt\u00edch se za\u010daly objevovat prvn\u00ed n\u00e1vrhy ohledn\u011b mo\u017en\u00e9ho nasazen\u00ed jednotek NATO na&#8230;<\/p>\n","protected":false},"author":2,"featured_media":48565,"comment_status":"closed","ping_status":"closed","sticky":false,"template":"","format":"standard","meta":[],"categories":[7],"tags":[39,1505,26,6896],"_links":{"self":[{"href":"https:\/\/www.infokuryr.cz\/n\/wp-json\/wp\/v2\/posts\/48564"}],"collection":[{"href":"https:\/\/www.infokuryr.cz\/n\/wp-json\/wp\/v2\/posts"}],"about":[{"href":"https:\/\/www.infokuryr.cz\/n\/wp-json\/wp\/v2\/types\/post"}],"author":[{"embeddable":true,"href":"https:\/\/www.infokuryr.cz\/n\/wp-json\/wp\/v2\/users\/2"}],"replies":[{"embeddable":true,"href":"https:\/\/www.infokuryr.cz\/n\/wp-json\/wp\/v2\/comments?post=48564"}],"version-history":[{"count":0,"href":"https:\/\/www.infokuryr.cz\/n\/wp-json\/wp\/v2\/posts\/48564\/revisions"}],"wp:featuredmedia":[{"embeddable":true,"href":"https:\/\/www.infokuryr.cz\/n\/wp-json\/wp\/v2\/media\/48565"}],"wp:attachment":[{"href":"https:\/\/www.infokuryr.cz\/n\/wp-json\/wp\/v2\/media?parent=48564"}],"wp:term":[{"taxonomy":"category","embeddable":true,"href":"https:\/\/www.infokuryr.cz\/n\/wp-json\/wp\/v2\/categories?post=48564"},{"taxonomy":"post_tag","embeddable":true,"href":"https:\/\/www.infokuryr.cz\/n\/wp-json\/wp\/v2\/tags?post=48564"}],"curies":[{"name":"wp","href":"https:\/\/api.w.org\/{rel}","templated":true}]}}