{"id":48557,"date":"2024-03-04T06:12:51","date_gmt":"2024-03-04T05:12:51","guid":{"rendered":"https:\/\/www.infokuryr.cz\/n\/?p=48557"},"modified":"2024-03-04T06:12:51","modified_gmt":"2024-03-04T05:12:51","slug":"izrael-bude-vuci-rusku-agresivnejsi","status":"publish","type":"post","link":"https:\/\/www.infokuryr.cz\/n\/2024\/03\/04\/izrael-bude-vuci-rusku-agresivnejsi\/","title":{"rendered":"Izrael bude v\u016f\u010di Rusku \u201eagresivn\u011bj\u0161\u00ed\u201c"},"content":{"rendered":"<div id=\"fb-root\"><\/div>\n<p><span style=\"font-size: 18pt;\"><strong>Z\u00e1padn\u00ed Jeruzal\u00e9m zv\u00fd\u0161\u00ed svou pomoc Ukrajin\u011b v odvetu za \u00fadajnou podporu Moskvy Hamasu, prohl\u00e1sil Amir Weitmann<\/strong><\/span><\/p>\n<p><span>Izraelsk\u00fd z\u00e1konod\u00e1rce navrhl, aby jeho vl\u00e1da zaujala tvrd\u0161\u00ed postoj v\u016f\u010di Rusku t\u00edm, \u017ee pos\u00edl\u00ed svou podporu Ukrajin\u011b, proto\u017ee vid\u00ed Moskvu jako n\u011bjak\u00fdm zp\u016fsobem zapojenou do v\u00e1lky Hamasu proti Z\u00e1padn\u00edmu Jeruzal\u00e9mu.<\/span><\/p>\n<p><em><span>&#8222;Izrael zaujme agresivn\u011bj\u0161\u00ed postoj v\u016f\u010di Rusku,&#8220;\u00a0<\/span><\/em><a href=\"https:\/\/www.businessinsider.com\/israel-russia-giving-ukraine-early-warning-systems-2024-3#:~:text=Israel%E2%80%99s%20permanent%20representative%20to%20the,drone%20attacks%2C%22%20Erdan%20said.\" target=\"_blank\" rel=\"noopener noreferrer\"><span>\u0159ekl<\/span><\/a><span>\u00a0poslanec Amir Weitmann\u00a0americk\u00e9mu medi\u00e1ln\u00edmu serveru Business Insider v \u010dl\u00e1nku zve\u0159ejn\u011bn\u00e9m v sobotu.\u00a0Dodal, \u017ee uprost\u0159ed sou\u010dasn\u00e9 bitvy s Hamasem nem\u00e1 jeho vl\u00e1da munice nazbyt, ale pokud v\u00e1lka v Gaze skon\u010d\u00ed p\u0159ed konfliktem na Ukrajin\u011b,\u00a0<\/span><em><span>\u201eizraelsk\u00e9 zbran\u011b by si na\u0161ly cestu\u201c<\/span><\/em><span>\u00a0do Kyjeva.<\/span><\/p>\n<p><span>Weitmann se vyj\u00e1d\u0159il v reakci na pl\u00e1ny Izraele \u2013 odhalen\u00e9 ve st\u0159edu v OSN \u2013 poskytnout syst\u00e9m v\u010dasn\u00e9ho varov\u00e1n\u00ed, kter\u00fd by Kyjevu pomohl \u010delit rusk\u00fdm n\u00e1let\u016fm a \u00fatok\u016fm dron\u016f.\u00a0Ozn\u00e1men\u00ed\u00a0Gilada Erdana, st\u00e1l\u00e9ho z\u00e1stupce Izraele v OSN,\u00a0<em>\u201enep\u0159i\u0161lo z \u010dista jasna\u201c,\u00a0<\/em><\/span><a href=\"https:\/\/www.youtube.com\/watch?v=F5oIatX-3QI&amp;ab_channel=%D7%92%D7%9C%D7%A2%D7%93%D7%90%D7%A8%D7%93%D7%9FGiladErdan\" target=\"_blank\" rel=\"noopener noreferrer\"><span>\u0159ekl<\/span><\/a><span>\u00a0z\u00e1konod\u00e1rce.<\/span><\/p>\n<p><em><span>&#8222;Rusko je siln\u011b zapojeno do toho, co se d\u011bje v Izraeli,&#8220;<\/span><\/em><span>\u00a0prohl\u00e1sil Weitmann s odkazem na v\u00e1lku s Ham\u00e1sem, kter\u00e1 byla spu\u0161t\u011bna p\u0159ekvapiv\u00fdmi n\u00e1lety na jihoizraelsk\u00e9 vesnice 7. \u0159\u00edjna. Neuvedl \u017e\u00e1dn\u00e9 podrobnosti o \u00fadajn\u00e9 roli Moskvy ve v\u00e1lce a \u0159ekl. nebylo jasn\u00e9,\u00a0<\/span><em><span>\u201ena jak\u00e9 \u00farovni\u201c<\/span><\/em><span>\u00a0bylo Rusko zapojeno.<\/span><\/p>\n<p><span>Weitmann, kter\u00fd stoj\u00ed v \u010dele libertari\u00e1nsk\u00e9 frakce izraelsk\u00e9 vl\u00e1dnouc\u00ed strany Likud, byl b\u011bhem \u0159\u00edjnov\u00e9ho\u00a0<\/span><a href=\"https:\/\/rumble.com\/v3rwc4v-amir-weitmann-israeli-likud-russia-will-pay-the-price.-so-jews-are-in-war-w.html\" target=\"_blank\" rel=\"noopener noreferrer\"><span>rozhovoru pro RT<\/span><\/a><span>\u00a0m\u00e9n\u011b zdr\u017eenliv\u00fd .\u00a0<\/span><em><span>\u201eRusko podporuje nacistick\u00e9 lidi, kte\u0159\u00ed na n\u00e1s cht\u011bj\u00ed sp\u00e1chat genocidu, a Rusko za to zaplat\u00ed,\u201c<\/span><\/em><span>\u00a0\u0159ekl.\u00a0Poslanec dodal:\u00a0<\/span><em><span>\u201eUjist\u00edme se, \u017ee Ukrajina vyhraje.\u00a0Zajist\u00edme, \u017ee zaplat\u00edte cenu za to, co jste ud\u011blali.&#8220;<\/span><\/em><\/p>\n<p><span>Business Insider uvedl, \u017ee Izrael ji\u017e mo\u017en\u00e1\u00a0<\/span><em><span>\u201epodp\u00e1lil sv\u016fj vztah s Ruskem\u201c<\/span><\/em><span>\u00a0t\u00edm, \u017ee se zav\u00e1zal dodat Ukrajin\u011b syst\u00e9m v\u010dasn\u00e9ho varov\u00e1n\u00ed.\u00a0Syst\u00e9m je podobn\u00fd izraelsk\u00e9mu radaru Tzeva Adom, kter\u00fd rychle detekuje starty raket a vys\u00edl\u00e1 v\u00fdstrahy do ohro\u017een\u00fdch oblast\u00ed, aby se civilist\u00e9 mohli ukr\u00fdt.<\/span><\/p>\n<p><span>Po dvou letech chozen\u00ed po diplomatick\u00e9m\u00a0<\/span><em><span>\u201eprovaze\u201c<\/span><\/em><span>\u00a0p\u0159es ukrajinskou krizi a pos\u00edl\u00e1n\u00ed pouze humanit\u00e1rn\u00edch dod\u00e1vek, aby nedo\u0161lo k provokaci Ruska, rozhodnut\u00ed poskytnout Kyjevu radarov\u00fd syst\u00e9m\u00a0<\/span><em><span>\u201esignalizuje z\u00e1sadn\u00ed obrat v izraelsk\u00e9 zahrani\u010dn\u00ed politice,\u201c<\/span><\/em><span>\u00a0uvedl Business Insider.\u00a0Izrael pravd\u011bpodobn\u011b po\u0161le\u00a0<\/span><em><span>\u201especializovan\u00e9 voj\u00e1ky\u201c<\/span><\/em><span>\u00a0, aby pomohli Ukrajinc\u016fm syst\u00e9m nastavit, uvedl server.<\/span><\/p>\n<p><span>Erdan ve st\u0159edu na p\u016fd\u011b OSN ozna\u010dil Ukrajince za\u00a0<\/span><em><span>\u201espojence\u201c<\/span><\/em><span>\u00a0a\u00a0<\/span><em><span>\u201ep\u0159\u00e1tele v nouzi\u201c.\u00a0<\/span><\/em><span>Tvrdil, \u017ee Izrael stoj\u00ed v\u00a0<\/span><em><span>\u201esolidarit\u011b\u201c<\/span><\/em><span>\u00a0s Ukrajinou od eskalace konfliktu v \u00fanoru 2022.\u00a0<\/span><em><span>\u201eTo je mor\u00e1ln\u00ed v\u011bc, zvl\u00e1\u0161t\u011b jako zem\u011b, kter\u00e1 p\u0159esn\u011b v\u00ed, jak\u00e9 to je b\u00fdt agresivn\u00ed invaz\u00ed.\u201c<\/span><\/em><\/p>\n<p><img decoding=\"async\" loading=\"lazy\" class=\"alignnone size-full wp-image-1185\" src=\"http:\/\/www.infokuryr.cz\/n\/wp-content\/uploads\/2021\/04\/kuryr-podpis.png\" alt=\"\" width=\"84\" height=\"24\" \/><\/p>\n<p>&nbsp;<\/p>\n","protected":false},"excerpt":{"rendered":"<p>Z\u00e1padn\u00ed Jeruzal\u00e9m zv\u00fd\u0161\u00ed svou pomoc Ukrajin\u011b v odvetu za \u00fadajnou podporu Moskvy Hamasu, prohl\u00e1sil Amir&#8230;<\/p>\n","protected":false},"author":2,"featured_media":22414,"comment_status":"closed","ping_status":"closed","sticky":false,"template":"","format":"standard","meta":[],"categories":[7],"tags":[107,220,22,26],"_links":{"self":[{"href":"https:\/\/www.infokuryr.cz\/n\/wp-json\/wp\/v2\/posts\/48557"}],"collection":[{"href":"https:\/\/www.infokuryr.cz\/n\/wp-json\/wp\/v2\/posts"}],"about":[{"href":"https:\/\/www.infokuryr.cz\/n\/wp-json\/wp\/v2\/types\/post"}],"author":[{"embeddable":true,"href":"https:\/\/www.infokuryr.cz\/n\/wp-json\/wp\/v2\/users\/2"}],"replies":[{"embeddable":true,"href":"https:\/\/www.infokuryr.cz\/n\/wp-json\/wp\/v2\/comments?post=48557"}],"version-history":[{"count":0,"href":"https:\/\/www.infokuryr.cz\/n\/wp-json\/wp\/v2\/posts\/48557\/revisions"}],"wp:featuredmedia":[{"embeddable":true,"href":"https:\/\/www.infokuryr.cz\/n\/wp-json\/wp\/v2\/media\/22414"}],"wp:attachment":[{"href":"https:\/\/www.infokuryr.cz\/n\/wp-json\/wp\/v2\/media?parent=48557"}],"wp:term":[{"taxonomy":"category","embeddable":true,"href":"https:\/\/www.infokuryr.cz\/n\/wp-json\/wp\/v2\/categories?post=48557"},{"taxonomy":"post_tag","embeddable":true,"href":"https:\/\/www.infokuryr.cz\/n\/wp-json\/wp\/v2\/tags?post=48557"}],"curies":[{"name":"wp","href":"https:\/\/api.w.org\/{rel}","templated":true}]}}