{"id":48535,"date":"2024-03-04T00:29:18","date_gmt":"2024-03-03T23:29:18","guid":{"rendered":"https:\/\/www.infokuryr.cz\/n\/?p=48535"},"modified":"2024-03-03T18:15:13","modified_gmt":"2024-03-03T17:15:13","slug":"europarlament-schvalil-gatesovo-digitalni-id-ktere-vylouci-neposlusne-obcany-ze-zivota-ve-spolecnosti","status":"publish","type":"post","link":"https:\/\/www.infokuryr.cz\/n\/2024\/03\/04\/europarlament-schvalil-gatesovo-digitalni-id-ktere-vylouci-neposlusne-obcany-ze-zivota-ve-spolecnosti\/","title":{"rendered":"Europarlament schv\u00e1lil Gatesovo \u201edigit\u00e1ln\u00ed ID\u201c, kter\u00e9 vylou\u010d\u00ed neposlu\u0161n\u00e9 ob\u010dany ze \u017eivota ve spole\u010dnosti"},"content":{"rendered":"<div id=\"fb-root\"><\/div>\n<p><span>Globalistick\u00fd miliard\u00e1\u0159 Bill Gates po\u017eaduje, aby i ostatn\u00ed sv\u011btov\u00e9 vl\u00e1dy n\u00e1sledovaly p\u0159\u00edklad Evropsk\u00e9 unie a Indie a schv\u00e1lily jeho syst\u00e9m \u201eglob\u00e1ln\u00edho digit\u00e1ln\u00edho ID\u201c, kter\u00fd m\u00e1 v sob\u011b zabudovan\u00e9 funkce ur\u010den\u00e9 k vylou\u010den\u00ed lid\u00ed z \u00fa\u010dasti ve spole\u010dnosti, pokud nebudou dodr\u017eovat globalistickou agendu.<\/span><\/p>\n<p><span>Evropsk\u00fd parlament minul\u00fd p\u00e1tek ofici\u00e1ln\u011b schv\u00e1lil \u201eEvropskou pen\u011b\u017eenku digit\u00e1ln\u00ed identity\u201c, \u010d\u00edm\u017e polo\u017eil z\u00e1klady pro \u010d\u00ednsk\u00fd syst\u00e9m soci\u00e1ln\u00edho kreditu, kter\u00fd trest\u00e1 vylou\u010den\u00edm ze spole\u010dnosti ty, kte\u0159\u00ed se rozhodnou nedodr\u017eovat vl\u00e1dou stanoven\u00e1 pravidla.<\/span><\/p>\n<p><span>Jinak v\u0161imn\u011bte si na \u00favodn\u00edm obr\u00e1zku, kdo stoj\u00ed za Billem Gatesem.\u00a0Ano, je to slovensk\u00fd eurokomist\u00e1\u0159 Maro\u0161 \u0160ef\u010dovi\u010d!<\/span><\/p>\n<p><span><strong>Eva Vlaadingerbroekov\u00e1 na soci\u00e1ln\u00ed s\u00edti X (b\u00fdval\u00fd Twitter) zve\u0159ejnila n\u00e1sleduj\u00edc\u00ed status:<\/strong><\/p>\n<p><\/span><\/p>\n<div class=\"twitter-tweet twitter-tweet-rendered\"><iframe id=\"twitter-widget-0\" class=\"\" title=\"X Post\" src=\"https:\/\/platform.twitter.com\/embed\/Tweet.html?dnt=false&amp;embedId=twitter-widget-0&amp;features=eyJ0ZndfdGltZWxpbmVfbGlzdCI6eyJidWNrZXQiOltdLCJ2ZXJzaW9uIjpudWxsfSwidGZ3X2ZvbGxvd2VyX2NvdW50X3N1bnNldCI6eyJidWNrZXQiOnRydWUsInZlcnNpb24iOm51bGx9LCJ0ZndfdHdlZXRfZWRpdF9iYWNrZW5kIjp7ImJ1Y2tldCI6Im9uIiwidmVyc2lvbiI6bnVsbH0sInRmd19yZWZzcmNfc2Vzc2lvbiI6eyJidWNrZXQiOiJvbiIsInZlcnNpb24iOm51bGx9LCJ0ZndfZm9zbnJfc29mdF9pbnRlcnZlbnRpb25zX2VuYWJsZWQiOnsiYnVja2V0Ijoib24iLCJ2ZXJzaW9uIjpudWxsfSwidGZ3X21peGVkX21lZGlhXzE1ODk3Ijp7ImJ1Y2tldCI6InRyZWF0bWVudCIsInZlcnNpb24iOm51bGx9LCJ0ZndfZXhwZXJpbWVudHNfY29va2llX2V4cGlyYXRpb24iOnsiYnVja2V0IjoxMjA5NjAwLCJ2ZXJzaW9uIjpudWxsfSwidGZ3X3Nob3dfYmlyZHdhdGNoX3Bpdm90c19lbmFibGVkIjp7ImJ1Y2tldCI6Im9uIiwidmVyc2lvbiI6bnVsbH0sInRmd19kdXBsaWNhdGVfc2NyaWJlc190b19zZXR0aW5ncyI6eyJidWNrZXQiOiJvbiIsInZlcnNpb24iOm51bGx9LCJ0ZndfdXNlX3Byb2ZpbGVfaW1hZ2Vfc2hhcGVfZW5hYmxlZCI6eyJidWNrZXQiOiJvbiIsInZlcnNpb24iOm51bGx9LCJ0ZndfdmlkZW9faGxzX2R5bmFtaWNfbWFuaWZlc3RzXzE1MDgyIjp7ImJ1Y2tldCI6InRydWVfYml0cmF0ZSIsInZlcnNpb24iOm51bGx9LCJ0ZndfbGVnYWN5X3RpbWVsaW5lX3N1bnNldCI6eyJidWNrZXQiOnRydWUsInZlcnNpb24iOm51bGx9LCJ0ZndfdHdlZXRfZWRpdF9mcm9udGVuZCI6eyJidWNrZXQiOiJvbiIsInZlcnNpb24iOm51bGx9fQ%3D%3D&amp;frame=false&amp;hideCard=false&amp;hideThread=false&amp;id=1763645654021157343&amp;lang=sk&amp;origin=https%3A%2F%2Fwww.badatel.net%2Feuroparlament-schvalil-gatesove-digitalne-id-ktore-vyluci-neposlusnych-obcanov-zo-zivota-v-spolocnosti%2F&amp;sessionId=38dfd8c455a347fed34887a1f1005c1a55a21186&amp;theme=light&amp;widgetsVersion=2615f7e52b7e0%3A1702314776716&amp;width=550px\" frameborder=\"0\" scrolling=\"no\" allowfullscreen=\"allowfullscreen\" data-tweet-id=\"1763645654021157343\" data-mce-fragment=\"1\"><\/iframe><\/div>\n<p>&nbsp;<\/p>\n<p><strong>V p\u0159ekladu do \u010de\u0161tiny status uv\u00e1d\u00ed:<\/strong><\/p>\n<p><em><span>\u201eEvropsk\u00fd parlament v\u010dera ofici\u00e1ln\u011b schv\u00e1lil \u201ePen\u011b\u017eenku evropsk\u00e9 digit\u00e1ln\u00ed identity\u201c.\u00a0T\u0159eba\u017ee tvrd\u00ed, \u017ee to bude dobrovoln\u00e9 \u2013 podobn\u011b jako tvrdili, \u017ee o\u010dkovac\u00ed covid pasy budou dobrovoln\u00e9 \u2013 tento syst\u00e9m je polo\u017een\u00edm z\u00e1klad\u016f pro st\u00e1tn\u00ed dohled na zp\u016fsob \u010d\u00ednsk\u00fdch soci\u00e1ln\u00edch kredit\u016f.<\/span><\/em><\/p>\n<p><em><span>C\u00edlem Evropsk\u00e9 unie je, aby digit\u00e1ln\u00ed identifikaci pou\u017e\u00edvalo do roku 2030 a\u017e 80% obyvatelstva v t\u00e9m\u011b\u0159 ka\u017ed\u00e9 oblasti \u017eivota \u2013 od cestov\u00e1n\u00ed p\u0159es soci\u00e1ln\u00ed m\u00e9dia, p\u0159ihla\u0161ov\u00e1n\u00ed na internetu, n\u00e1v\u0161t\u011bvy l\u00e9ka\u0159e a\u017e po ve\u0159ejnou dopravu.\u00a0Va\u0161i digit\u00e1ln\u00ed pen\u011b\u017eenku budete pot\u0159ebovat v podstat\u011b v\u0161ude.\u201c<\/span><\/em><\/p>\n<p><span>V r\u00e1mci p\u0159\u00edprav na tento nov\u00fd syst\u00e9m se \u0158ecko stalo prvn\u00edm st\u00e1tem EU, kter\u00fd minul\u00fd t\u00fdden za\u010dal zp\u0159\u00edstup\u0148ovat ob\u010dan\u016fm digit\u00e1ln\u00ed identifika\u010dn\u00ed karty.<\/span><\/p>\n<p><span>Glob\u00e1ln\u00ed elita v minulosti v\u017edy pop\u00edrala, \u017ee pl\u00e1nuje zav\u00e9st digit\u00e1ln\u00ed identifikaci lid\u00ed, p\u0159i\u010dem\u017e ka\u017ed\u00e9ho, kdo se odv\u00e1\u017eil odhalit jejich pl\u00e1ny, ozna\u010dovala za \u201ekonspira\u010dn\u00ed teoretiky\u201c, kter\u00e9 je t\u0159eba na soci\u00e1ln\u00edch s\u00edt\u00edch uml\u010det a v n\u011bkter\u00fdch p\u0159\u00edpadech je dokonce uvrhnout do v\u011bzen\u00ed.<\/span><\/p>\n<p><span>Dnes si v\u0161ak ji\u017e naplno slo\u017eili masky a otev\u0159en\u011b komunikuj\u00ed sv\u00e9 zlov\u011bstn\u00e9 pl\u00e1ny pro lidstvo.<\/span><\/p>\n<p><span>Technologie digit\u00e1ln\u00ed identity, kter\u00e1 je zn\u00e1m\u00e1 jako eID, poskytne politick\u00e9 elit\u011b v Evrop\u011b pravomoc zmrazit bankovn\u00ed \u00fa\u010dty lid\u00ed, zabr\u00e1nit jim v n\u00e1kupu letenek, potravin, z\u00e1kladn\u00edch \u017eivotn\u00edch pot\u0159eb a jak\u00fdmkoli smyslupln\u00fdm zp\u016fsobem se pod\u00edlet na \u017eivot\u011b spole\u010dnosti.<\/span><\/p>\n<p><em><span>\u201eDigit\u00e1ln\u00ed identita nen\u00ed jen pas, kter\u00fd budete m\u00edt ve sv\u00e9m iPhone ve form\u011b digit\u00e1ln\u00edho pasu.\u00a0Zahrnuje t\u00e9m\u011b\u0159 v\u0161e, co o v\u00e1s vl\u00e1da chce v\u011bd\u011bt,\u201c<\/span><\/em><span>\u00a0\u0159ekla Eva Vlaadingerbroekov\u00e1.<\/span><\/p>\n<p><em><span>\u201eNev\u00fdhodou toho je \u2013 a douf\u00e1m, \u017ee to lid\u00e9 za\u010dnou vid\u011bt \u2013 \u017ee v\u00e1s vl\u00e1da m\u016f\u017ee zablokovat.\u00a0Budete-li si cht\u00edt koupit nap\u0159\u00edklad burger, na obrazovce pokladny vyb\u011bhne \u010derven\u00e1 v\u00fdstraha, \u017ee transakce byla zam\u00edtnuta.\u00a0Nebo kdy\u017e si budete cht\u00edt koupit j\u00edzdenku, p\u0159\u00edpadn\u011b cokoliv jin\u00e9ho, \u200b\u200bco se vl\u00e1da rozhodne pro v\u00e1s znep\u0159\u00edstupnit.\u201d<\/span><\/em><\/p>\n<p><span>(Souvisej\u00edc\u00ed: EU\u00a0<\/span><a href=\"https:\/\/rumble.com\/v3uxm6p-eu-declares-citizens-who-refuse-use-bill-gates-digital-id-will-be-excluded-.html\" target=\"_blank\" rel=\"noopener\"><span>prohla\u0161uje<\/span><\/a><span>\u00a0, \u017ee ob\u010dan\u00e9, kte\u0159\u00ed odm\u00edtnou digit\u00e1ln\u00ed identifik\u00e1tor Billa Gatese, budou vylou\u010deni ze spole\u010dnosti.)<\/span><\/p>\n<p><em><span>\u201eJsou velmi otev\u0159en\u00ed a up\u0159\u00edmn\u00ed, co se t\u00fd\u010de jejich c\u00edle,\u201c<\/span><\/em><span>\u00a0pokra\u010dovala Vlaadingerbroekov\u00e1.<\/span><\/p>\n<p><em><span>\u201eM\u011bli bychom br\u00e1t jejich slovo velmi v\u00e1\u017en\u011b a \u0159\u00edct \u201eNe, do pekla!\u201c.\u00a0M\u011bli bychom okam\u017eit\u011b zru\u0161it tyto komunisty, m\u011bli bychom jim \u0159\u00edct vypadni z m\u00e9ho soukrom\u00e9ho \u017eivota, nenech\u00e1m t\u011b sledovat, co j\u00edm a kam chod\u00edm.\u201c<\/span><\/em><\/p>\n<h2><span>Z\u00e1v\u011br<\/span><\/h2>\n<p><span>Glob\u00e1ln\u00ed elita je odhodl\u00e1na posunout autorit\u00e1\u0159stv\u00ed na zcela novou \u00farove\u0148, daleko p\u0159esahuj\u00edc\u00ed v\u0161echny pokusy v Hitlerov\u011b N\u011bmecku nebo Maov\u011b \u010c\u00edn\u011b.<\/span><\/p>\n<p><span>Zlov\u011bstn\u011b, Sv\u011btov\u00e9 ekonomick\u00e9 f\u00f3rum (WEF) p\u0159i\u0161ilo v z\u00e1\u0159\u00ed se s\u00e9ri\u00ed \u010dl\u00e1nk\u016f, kter\u00e9 prosazovaly zaveden\u00ed digit\u00e1ln\u00ed identity.\u00a0WEF slibuje, \u017ee nov\u00e1 \u201ebezhotovostn\u00ed spole\u010dnost\u201c a\u00a0<\/span><a href=\"https:\/\/www.badatel.net\/bill-gates-sa-chvasta-ze-coskoro-budu-mat-vsetci-novorodenci-digitalne-id\/\"><span>digit\u00e1ln\u00ed ID<\/span><\/a><span>\u00a0budou ve\u0159ejnost\u00ed v\u00edt\u00e1ny, nebo\u0165 se jedn\u00e1 o \u201etechnologii vy\u017eaduj\u00edc\u00ed nulov\u00e9 technick\u00e9 znalosti\u201c.<\/span><\/p>\n<p><span>Opravdu si mysl\u00ed, \u017ee jsme hloup\u00ed a \u017ee jejich zlo\u010diny proti lidskosti jim projdou?<\/span><\/p>\n<p><span>Autor: Baxter Dmitry, Zdroj:\u00a0<\/span><a href=\"https:\/\/thepeoplesvoice.tv\/eu-approves-bill-gates-digital-id-which-excludes-non-compliant-from-participating-in-society\/\" target=\"_blank\" rel=\"noopener\"><span>thepeoplesvoice.tv<\/span><\/a><\/p>\n<p>&nbsp;<\/p>\n","protected":false},"excerpt":{"rendered":"<p>Globalistick\u00fd miliard\u00e1\u0159 Bill Gates po\u017eaduje, aby i ostatn\u00ed sv\u011btov\u00e9 vl\u00e1dy n\u00e1sledovaly p\u0159\u00edklad Evropsk\u00e9 unie a&#8230;<\/p>\n","protected":false},"author":2,"featured_media":48536,"comment_status":"closed","ping_status":"closed","sticky":false,"template":"","format":"standard","meta":[],"categories":[7],"tags":[511,41,279,3722,144,955],"_links":{"self":[{"href":"https:\/\/www.infokuryr.cz\/n\/wp-json\/wp\/v2\/posts\/48535"}],"collection":[{"href":"https:\/\/www.infokuryr.cz\/n\/wp-json\/wp\/v2\/posts"}],"about":[{"href":"https:\/\/www.infokuryr.cz\/n\/wp-json\/wp\/v2\/types\/post"}],"author":[{"embeddable":true,"href":"https:\/\/www.infokuryr.cz\/n\/wp-json\/wp\/v2\/users\/2"}],"replies":[{"embeddable":true,"href":"https:\/\/www.infokuryr.cz\/n\/wp-json\/wp\/v2\/comments?post=48535"}],"version-history":[{"count":0,"href":"https:\/\/www.infokuryr.cz\/n\/wp-json\/wp\/v2\/posts\/48535\/revisions"}],"wp:featuredmedia":[{"embeddable":true,"href":"https:\/\/www.infokuryr.cz\/n\/wp-json\/wp\/v2\/media\/48536"}],"wp:attachment":[{"href":"https:\/\/www.infokuryr.cz\/n\/wp-json\/wp\/v2\/media?parent=48535"}],"wp:term":[{"taxonomy":"category","embeddable":true,"href":"https:\/\/www.infokuryr.cz\/n\/wp-json\/wp\/v2\/categories?post=48535"},{"taxonomy":"post_tag","embeddable":true,"href":"https:\/\/www.infokuryr.cz\/n\/wp-json\/wp\/v2\/tags?post=48535"}],"curies":[{"name":"wp","href":"https:\/\/api.w.org\/{rel}","templated":true}]}}