{"id":48531,"date":"2024-03-04T00:32:22","date_gmt":"2024-03-03T23:32:22","guid":{"rendered":"https:\/\/www.infokuryr.cz\/n\/?p=48531"},"modified":"2024-03-03T18:15:42","modified_gmt":"2024-03-03T17:15:42","slug":"nemecka-armada-planovala-udery-na-krymsky-most-ruske-zakladny-a-municni-sklady","status":"publish","type":"post","link":"https:\/\/www.infokuryr.cz\/n\/2024\/03\/04\/nemecka-armada-planovala-udery-na-krymsky-most-ruske-zakladny-a-municni-sklady\/","title":{"rendered":"N\u011bmeck\u00e1 arm\u00e1da pl\u00e1novala \u00fadery na Krymsk\u00fd most, rusk\u00e9 z\u00e1kladny a muni\u010dn\u00ed sklady!"},"content":{"rendered":"<div id=\"fb-root\"><\/div>\n<h4>N\u011bmeck\u00e1 arm\u00e1da pl\u00e1novala \u00fadery na Krymsk\u00fd most, rusk\u00e9 z\u00e1kladny a muni\u010dn\u00ed sklady! Na unikl\u00e9 nahr\u00e1vce \u0161pi\u010dky Luftwaffe pl\u00e1novaly, jak \u0159\u00eddit p\u0159es n\u011bmeckou arm\u00e1dn\u00ed dru\u017eici rakety Taurus proti rusk\u00fdm c\u00edl\u016fm skrze st\u0159edisko v\u00fdrobce raket, aby z \u00fatoku nemohla b\u00fdt obvi\u0148ov\u00e1na n\u011bmeck\u00e1 arm\u00e1da a vl\u00e1da v Berl\u00edn\u011b! Rusov\u00e9 zve\u0159ejn\u011bn\u00edm nahr\u00e1vky z\u0159ejm\u011b zabr\u00e1nili III. sv. v\u00e1lce!<\/h4>\n<p>\u0158editelka rusk\u00e9 televizn\u00ed stanice RT Margarita Simonyan publikovala v p\u00e1tek na rusk\u00e9 soci\u00e1ln\u00ed s\u00edti VKontakte na sv\u00e9m kan\u00e1lu\u00a0<strong>uniklou nahr\u00e1vku konferen\u010dn\u00edho telefonick\u00e9ho rozhovoru \u0161pi\u010dek n\u011bmeck\u00fdch ozbrojen\u00fdch sil, jak se domlouvaly na tom, jak zajistit navigaci a \u0159\u00edzen\u00ed raket Taurus z leti\u0161t\u011b\u00a0B\u00fcchel Air Base<\/strong>\u00a0n\u011bmeck\u00e9 Luftwaffe zp\u016fsobem, aby Moskva nemohla obvinit n\u011bmeckou arm\u00e1du a t\u00edm p\u00e1dem n\u011bmeckou vl\u00e1du z p\u0159\u00edm\u00e9 intervence n\u011bmeck\u00fdch ozbrojen\u00fdch sil proti Rusk\u00e9 arm\u00e1d\u011b na Ukrajin\u011b.<\/p>\n<p>Unikl\u00fd rozhovor nahr\u00e1la rusk\u00e1 vojensk\u00e1 rozv\u011bdka GRU, z\u0159ejm\u011b 11. odd\u011blen\u00ed kybernetick\u00fdch operac\u00ed, a to d\u00edky zranitelnosti komunika\u010dn\u00ed platformy Webex. N\u011bmeck\u00e1 vl\u00e1da na\u0159\u00eddila platform\u011b X\/Twitter blokov\u00e1n\u00ed nahr\u00e1vky pro n\u011bmeck\u00e9 u\u017eivatele soci\u00e1ln\u00ed s\u00edt\u011b\u00a0<strong>[<a href=\"https:\/\/href.li\/?https:\/\/www.bild.de\/politik\/ausland\/politik-ausland\/panne-russen-hoeren-geheim-gespraech-deutscher-generaele-ueber-taurus-ab-87367628.bild.html\" target=\"_blank\" rel=\"nofollow noopener\">1<\/a>]<\/strong>, p\u0159i\u010dem\u017e n\u011bmeck\u00e1 vl\u00e1da ji\u017e nep\u0159\u00edmo potvrdila pravost nahr\u00e1vky a kancl\u00e9\u0159 Olaf Scholz na\u0159\u00eddil vy\u0161et\u0159ov\u00e1n\u00ed ud\u00e1losti, proto\u017ee n\u011bmeck\u00e1 m\u00e9dia u\u017e od v\u00edkendu shodn\u011b tvrd\u00ed, \u017ee se jednalo o akci za z\u00e1dy kancl\u00e9\u0159e, bez jeho v\u011bdom\u00ed a z\u0159ejm\u011b \u0161lo o operaci na podn\u011bt americk\u00fdch a britsk\u00fdch tajn\u00fdch slu\u017eeb.<\/p>\n<p>&nbsp;<\/p>\n<div id=\"rumble_v4ecsz9\">\n<div id=\"vid_v4ecsz9\" class=\"rumble_v4ecsz9-Rumble-cls\" tabindex=\"-1\">\n<div class=\"bigPlayUI ctp\">\n<div class='videoWrapper'>\r\n\t            <iframe src='https:\/\/rumble.com\/embed\/pj.v4ecsz9\/' frameborder='0' allowfullscreen><\/iframe>\r\n\t        <\/div>\n<div class=\"bigPlayUIInner ctp\"><\/div>\n<\/div>\n<\/div>\n<\/div>\n<p>&nbsp;<\/p>\n<p>Simonyanov\u00e1 na sv\u00e9 str\u00e1nce na s\u00edt\u00ed VKontakte zve\u0159ejnila\u00a0<strong>[<a href=\"https:\/\/href.li\/?https:\/\/vk.com\/wall561960677_950647\" target=\"_blank\" rel=\"nofollow noopener\">2<\/a>]<\/strong>\u00a0p\u0159epis telefon\u00e1tu z 19. \u00fanora v d\u00e9lce v\u00edce ne\u017e 38 minut a uvedla, \u017ee\u00a0<strong>jeho \u00fa\u010dastn\u00edky byli \u0161\u00e9f n\u011bmeck\u00e9ho letectva (Luftwaffe) gener\u00e1l Ingo Gerhartz, z\u00e1stupce n\u00e1\u010deln\u00edka gener\u00e1ln\u00edho \u0161t\u00e1bu pro speci\u00e1ln\u00ed operace, brig\u00e1dn\u00ed gener\u00e1l Frank Graefe a dal\u0161\u00ed dva lid\u00e9.<\/strong>\u00a0Kr\u00e1tce pot\u00e9 Simonyanov\u00e1 zve\u0159ejnila na sv\u00e9m kan\u00e1lu Telegram zvukov\u00fd z\u00e1znam diskuse i v n\u011bm\u010din\u011b. V\u00fd\u0161e jsem pro v\u00e1s p\u0159ipravil video s nejd\u016fle\u017eit\u011bj\u0161\u00edm v\u00fd\u0159ezem nahr\u00e1vky s \u010desk\u00fdmi titulky, kde zazn\u011blo to nejd\u016fle\u017eit\u011bj\u0161\u00ed.<\/p>\n<p>D\u016fstojn\u00edci diskutovali o opera\u010dn\u00edch a zam\u011b\u0159ovac\u00edch detailech raket dlouh\u00e9ho doletu Taurus, o jejich\u017e vysl\u00e1n\u00ed na Ukrajinu N\u011bmecko debatovalo, jako by to ji\u017e bylo dohodnuto \u2013 a o tom, jak zachovat v\u011brohodn\u00e9 pop\u00edr\u00e1n\u00ed, aby se N\u011bmecko vyhnulo p\u0159ekro\u010den\u00ed \u201c<em>\u010derven\u00e9 linie<\/em>\u201d p\u0159\u00edm\u00e9 \u00fa\u010dasti N\u011bmecka ve v\u00e1lce s Ruskem.<\/p>\n<h6><span style=\"font-size: 18pt;\">Vysok\u00e9 \u0161ar\u017ee Luftwaffe se domlouvaly, jak zamaskovat p\u0159ed Rusy nav\u00e1d\u011bn\u00ed raket Taurus na rusk\u00e9 c\u00edle z n\u011bmeck\u00e9 leteck\u00e9 z\u00e1kladny<\/span><\/h6>\n<p>Gerhartz nadhodil r\u016fzn\u00e9 \u201ctriky\u201d, kter\u00e9 by Luftwaffe mohla pou\u017e\u00edt, v\u010detn\u011b spol\u00e9h\u00e1n\u00ed se na \u201c<em>mnoho lid\u00ed na Ukrajin\u011b v civiln\u00edm oble\u010den\u00ed, kte\u0159\u00ed mluv\u00ed s americk\u00fdm p\u0159\u00edzvukem<\/em>\u201c, ale Graefe trval na tom, \u017ee \u201c<em>neexistuje \u017e\u00e1dn\u00fd jazyk, kter\u00fd by z n\u00e1s d\u011blal stranu konfliktu<\/em>\u201c. Jin\u00ed d\u016fstojn\u00edci hovo\u0159ili o tom, \u017ee by Ukrajinc\u016fm poskytli jak rakety a v\u00fdcvik k jejich pou\u017eit\u00ed, tak satelitn\u00ed informace o zam\u011b\u0159ov\u00e1n\u00ed, p\u0159\u00edpadn\u011b prost\u0159ednictv\u00edm Polska.<\/p>\n<p><strong>V rozhovoru nejv\u00edce rezonoval n\u00e1pad, \u017ee by \u0159\u00edzen\u00ed raket Taurus prob\u00edhalo nikoliv z n\u011bmeck\u00e9 leteck\u00e9 z\u00e1kladny v Buchelu, ale ze st\u0159ediska v\u00fdrobce raket v Schrobenhausenu.<\/strong>\u00a0N\u011bmeck\u00e1 vl\u00e1da by tak mohla pop\u0159\u00edt, \u017ee m\u00e1 s raketami n\u011bco spole\u010dn\u00e9ho, nebo\u0165 by s \u0159eklo, \u017ee \u0161lo o soukrom\u00e9 dod\u00e1vky n\u011bmeck\u00e9ho zbroja\u0159e pro t\u0159et\u00ed zemi. V nahr\u00e1vce se mluvilo o v\u00edce variant\u00e1ch, nap\u0159. o prodeji raket do Polska ofici\u00e1ln\u011b na jejich obranu p\u0159ed Ruskem a pot\u00e9 by rakety odevzdaly Ukrajin\u011b.<\/p>\n<figure id=\"attachment_58811\" class=\"wp-caption aligncenter\" style=\"width: 702px;\"><a href=\"https:\/\/aeronet.news\/wp-content\/uploads\/TaurusMissileAtFlightFT.jpg\"><img decoding=\"async\" loading=\"lazy\" class=\"wp-image-58811 \" src=\"https:\/\/aeronet.news\/wp-content\/uploads\/TaurusMissileAtFlightFT-1024x682.jpg\" sizes=\"(max-width: 700px) 100vw, 700px\" srcset=\"https:\/\/aeronet.news\/wp-content\/uploads\/TaurusMissileAtFlightFT-1024x682.jpg 1024w, https:\/\/aeronet.news\/wp-content\/uploads\/TaurusMissileAtFlightFT-300x200.jpg 300w, https:\/\/aeronet.news\/wp-content\/uploads\/TaurusMissileAtFlightFT-768x512.jpg 768w, https:\/\/aeronet.news\/wp-content\/uploads\/TaurusMissileAtFlightFT-700x466.jpg 700w, https:\/\/aeronet.news\/wp-content\/uploads\/TaurusMissileAtFlightFT-536x357.jpg 536w, https:\/\/aeronet.news\/wp-content\/uploads\/TaurusMissileAtFlightFT-725x483.jpg 725w, https:\/\/aeronet.news\/wp-content\/uploads\/TaurusMissileAtFlightFT.jpg 1280w\" alt=\"\" width=\"702\" height=\"467\" \/><\/a><figcaption class=\"wp-caption-text\">Raketa Taurus<\/figcaption><\/figure>\n<p>Tento kryc\u00ed model pou\u017e\u00edv\u00e1 v\u011bt\u0161ina evropsk\u00fdch st\u00e1t\u016f v posledn\u00edch m\u011bs\u00edc\u00edch, v\u010detn\u011b Slovenska, kdy\u017e tvrd\u00ed, \u017ee zbran\u011b ji\u017e Ukrajin\u011b jednotliv\u00e9 vl\u00e1dy nedod\u00e1vaj\u00ed, ale soukrom\u00fdm zbroja\u0159\u016fm dod\u00e1vky neblokuj\u00ed a nezakazuj\u00ed. Zat\u00edmco tak politici hovo\u0159\u00ed o pot\u0159eb\u011b m\u00edru, tak soukrom\u00e9 zbrojovky v jejich zem\u00edch dod\u00e1vaj\u00ed d\u00e1l munici do konfliktu na Ukrajin\u011b, kde um\u00edraj\u00ed Slovan\u00e9. N\u011bmci v nahr\u00e1vce upozornili na fixaci a obsesi Ukrajinc\u016f na Krymsk\u00fd most, a to p\u0159edev\u0161\u00edm z politick\u00fdch d\u016fvod\u016f. Poznamenali, \u017ee most je natolik pevn\u00fd, \u017ee by ho nedok\u00e1zalo zni\u010dit ani 20 raket. Asi 50 raket, kter\u00e9 by Berl\u00edn mohl Kyjevu poskytnout ne nar\u00e1z, ale v n\u011bkolika dod\u00e1vk\u00e1ch, \u201c<em>pr\u016fb\u011bh v\u00e1lky nezm\u011bn\u00ed<\/em>\u201c, p\u0159ipustil s\u00e1m Gerhartz.<\/p>\n<h6><span style=\"font-size: 18pt;\">Pravost nahr\u00e1vky ji\u017e byla nep\u0159\u00edmo p\u0159izn\u00e1na<\/span><\/h6>\n<p>\u201c<em>Podle na\u0161eho posouzen\u00ed byl rozhovor v letectvu zachycen<\/em>,\u201d \u0159ekla mluv\u010d\u00ed ministerstva n\u011bmeck\u00e9 stanici ARD a dodala, \u017ee n\u011bme\u010dt\u00ed \u00fa\u0159edn\u00edci nejsou schopni zjistit, zda byly v p\u0159episu nebo v samotn\u00e9 nahr\u00e1vce provedeny n\u011bjak\u00e9 zm\u011bny. D\u0159\u00edve n\u011bmeck\u00e1 m\u00e9dia rovn\u011b\u017e informovala, \u017ee zvukov\u00fd z\u00e1znam se jev\u00ed jako autentick\u00fd. N\u011bmeck\u00e1 tiskov\u00e1 agentura DPA uvedla, \u017ee policist\u00e9 hovo\u0159ili pomoc\u00ed platformy pro online hovory, zpr\u00e1vy a konference Webex.<\/p>\n<p><strong>Der Spiegel uvedl, \u017ee \u201c<em>podle prvotn\u00edho posouzen\u00ed je pad\u011bl\u00e1n\u00ed podporovan\u00e9 um\u011blou inteligenc\u00ed do zna\u010dn\u00e9 m\u00edry v tomto p\u0159\u00edpad\u011b vylou\u010deno<\/em>\u201c.<\/strong>\u00a0Kancl\u00e9\u0159 Olaf Scholz ji\u017e d\u0159\u00edve v sobotu ozna\u010dil \u00fanik informac\u00ed za \u201c<em>velmi v\u00e1\u017enou z\u00e1le\u017eitost<\/em>\u201c. \u201c<em>Proto se to nyn\u00ed velmi intenzivn\u011b, velmi pe\u010dliv\u011b a velmi rychle vy\u0161et\u0159uje<\/em>,\u201d \u0159ekl novin\u00e1\u0159\u016fm v \u0158\u00edm\u011b po audienci u pape\u017ee a dodal, \u017ee takov\u00e9 vy\u0161et\u0159ov\u00e1n\u00ed je \u201c<em>nezbytn\u00e9<\/em>\u201c.\u00a0K obsahu nahr\u00e1vky se nevyj\u00e1d\u0159il a neup\u0159esnil, zda Berl\u00edn v\u011bd\u011bl o pl\u00e1nech, o nich\u017e hovo\u0159ili vysoc\u00ed vojen\u0161t\u00ed d\u016fstojn\u00edci. N\u011bkte\u0159\u00ed n\u011bme\u010dt\u00ed politici p\u0159edpokl\u00e1dali, \u017ee incident m\u016f\u017ee m\u00edt dal\u0161\u00ed d\u016fsledky.<\/p>\n<figure id=\"attachment_58813\" class=\"wp-caption aligncenter\" style=\"width: 869px;\"><a href=\"https:\/\/aeronet.news\/wp-content\/uploads\/ScholzGerhartz.jpg\"><img decoding=\"async\" loading=\"lazy\" class=\"wp-image-58813 \" src=\"https:\/\/aeronet.news\/wp-content\/uploads\/ScholzGerhartz.jpg\" sizes=\"(max-width: 1280px) 100vw, 1280px\" srcset=\"https:\/\/aeronet.news\/wp-content\/uploads\/ScholzGerhartz.jpg 1280w, https:\/\/aeronet.news\/wp-content\/uploads\/ScholzGerhartz-300x199.jpg 300w, https:\/\/aeronet.news\/wp-content\/uploads\/ScholzGerhartz-768x511.jpg 768w, https:\/\/aeronet.news\/wp-content\/uploads\/ScholzGerhartz-1024x681.jpg 1024w, https:\/\/aeronet.news\/wp-content\/uploads\/ScholzGerhartz-700x465.jpg 700w, https:\/\/aeronet.news\/wp-content\/uploads\/ScholzGerhartz-100x65.jpg 100w, https:\/\/aeronet.news\/wp-content\/uploads\/ScholzGerhartz-537x357.jpg 537w, https:\/\/aeronet.news\/wp-content\/uploads\/ScholzGerhartz-726x483.jpg 726w\" alt=\"\" width=\"869\" height=\"578\" \/><\/a><figcaption class=\"wp-caption-text\">Kancl\u00e9\u0159 Olaf Scholz a vrchn\u00ed velitel Luftwaffe, gener\u00e1l Ingo Gerhartz<\/figcaption><\/figure>\n<p>N\u011bmeck\u00fd poslanec Roderich Kiesewetter ze strany K\u0159es\u0165anskodemokratick\u00e1 unie, s\u00e1m plukovn\u00edk ve v\u00fdslu\u017eb\u011b a\u00a0<strong>\u0161\u00e9f n\u011bmeck\u00e9 asociace z\u00e1lo\u017en\u00edk\u016f, n\u011bmeck\u00fdm m\u00e9di\u00edm \u0159ekl, \u017ee mohly b\u00fdt zachyceny i dal\u0161\u00ed citliv\u00e9 vojensk\u00e9 rozhovory, kter\u00e9 by Rusko mohlo v budoucnu zve\u0159ejnit.<\/strong>\u00a0\u201c<em>V \u017e\u00e1dn\u00e9m p\u0159\u00edpad\u011b nen\u00ed p\u0159ekvapiv\u00e9, \u017ee takov\u00fd rozhovor byl zachycen<\/em>,\u201d \u0159ekl n\u011bmeck\u00e9mu zpravodajsk\u00e9mu m\u00e9diu n-tv a dodal, \u017ee \u201c<em>stejn\u011b tak nen\u00ed p\u0159ekvapiv\u00e9, \u017ee se nahr\u00e1vka dostala na ve\u0159ejnost<\/em>\u201c.<\/p>\n<h6><span style=\"font-size: 18pt;\">Berl\u00edn za\u017eil dvojit\u00fd \u0161ok \u2013 Kolik odposlech\u016f Rusov\u00e9 nahr\u00e1li, a jestli Olaf Scholz v\u011bd\u011bl nebo nev\u011bd\u011bl o tajn\u00e9 operaci \u00fader\u016f Luftwaffe proti Rus\u016fm<\/span><\/h6>\n<p>\u201c<em>Mus\u00edme p\u0159edpokl\u00e1dat, \u017ee Rusov\u00e9 maj\u00ed takov\u00fdch materi\u00e1l\u016f v\u00edce<\/em>,\u201d dodal plukovn\u00edk ve v\u00fdslu\u017eb\u011b. Incident vyvolal silnou kritiku dal\u0161\u00edch n\u011bmeck\u00fdch politik\u016f. \u201c<em>Mus\u00ed kone\u010dn\u011b skon\u010dit na\u0161e naivita,<\/em>\u201d \u0159ekla n-tv \u0161\u00e9fka v\u00fdboru pro obranu Bundestagu Marie-Agnes Strack-Zimmermannov\u00e1. Vyzvala\u00a0<strong>[<a href=\"https:\/\/href.li\/?https:\/\/www.rt.com\/russia\/593621-german-leak-real\/\" target=\"_blank\" rel=\"nofollow noopener\">3<\/a>]<\/strong>\u00a0tak\u00e9 ke zv\u00fd\u0161en\u00ed \u201c<em>kontra\u0161pion\u00e1\u017en\u00edho<\/em>\u201d \u00fasil\u00ed a z\u00e1rove\u0148 p\u0159ipustila, \u017ee N\u011bmecko je v t\u00e9to oblasti \u201c<em>zjevn\u011b zraniteln\u00e9<\/em>\u201c. P\u0159edseda parlamentn\u00edho kontroln\u00edho v\u00fdboru Konstantin von Notz v rozhovoru s n\u011bmeckou medi\u00e1ln\u00ed spole\u010dnost\u00ed RND po\u017eadoval \u201c<em>okam\u017eit\u00e9 objasn\u011bn\u00ed v\u0161ech podkladov\u00fdch informac\u00ed<\/em>\u201c.<\/p>\n<figure id=\"attachment_58814\" class=\"wp-caption aligncenter\" style=\"width: 709px;\"><a href=\"https:\/\/aeronet.news\/wp-content\/uploads\/FrankGraefe.jpg\"><img decoding=\"async\" loading=\"lazy\" class=\"wp-image-58814 \" src=\"https:\/\/aeronet.news\/wp-content\/uploads\/FrankGraefe-1024x576.jpg\" sizes=\"(max-width: 700px) 100vw, 700px\" srcset=\"https:\/\/aeronet.news\/wp-content\/uploads\/FrankGraefe-1024x576.jpg 1024w, https:\/\/aeronet.news\/wp-content\/uploads\/FrankGraefe-300x169.jpg 300w, https:\/\/aeronet.news\/wp-content\/uploads\/FrankGraefe-768x432.jpg 768w, https:\/\/aeronet.news\/wp-content\/uploads\/FrankGraefe-700x394.jpg 700w, https:\/\/aeronet.news\/wp-content\/uploads\/FrankGraefe-635x357.jpg 635w, https:\/\/aeronet.news\/wp-content\/uploads\/FrankGraefe-859x483.jpg 859w, https:\/\/aeronet.news\/wp-content\/uploads\/FrankGraefe.jpg 1280w\" alt=\"\" width=\"709\" height=\"399\" \/><\/a><figcaption class=\"wp-caption-text\">Brig\u00e1dn\u00ed gener\u00e1l Frank Graefe<\/figcaption><\/figure>\n<p>Jednou v\u011bc\u00ed je skute\u010dnost, \u017ee Rusov\u00e9 um\u00ed odposlouch\u00e1vat n\u011bmeck\u00fd gener\u00e1ln\u00ed \u0161t\u00e1b, a druhou v\u011bc\u00ed je vy\u0161et\u0159en\u00ed toho, jestli to, co zazn\u011blo v nahr\u00e1vce, bylo realizov\u00e1no se souhlasem vl\u00e1dy Olafa Scholze, anebo se jednalo o konzultace \u0161pi\u010dek arm\u00e1dy bez souhlasu Scholzova kabinetu.<\/p>\n<p><strong>Nahr\u00e1vka toti\u017e explicitn\u011b dokazuje, \u017ee n\u011bmeck\u00e1 arm\u00e1da se cht\u011bla p\u0159\u00edmo zapojit do v\u00e1lky proti Rusk\u00e9 arm\u00e1d\u011b, a to p\u0159\u00edmo z n\u011bmeck\u00e9 z\u00e1kladny Luftwaffe v Buchelu, kde je centr\u00e1la kosmick\u00e9ho velen\u00ed Luftwaffe<\/strong>, odkud jsou \u0159\u00edzeny n\u011bmeck\u00e9 vojensk\u00e9 dru\u017eice a rovn\u011b\u017e rakety Taurus. Rusko z\u0159ejm\u011b nahr\u00e1vku zve\u0159ejnilo v dobr\u00e9m \u00famyslu, aby zabr\u00e1nilo III. sv. v\u00e1lce a vta\u017een\u00ed n\u011bmeck\u00e9 arm\u00e1dy do konfliktu na Ukrajin\u011b za z\u00e1dy Olafa Scholze. Rusko tomu chce zabr\u00e1nit a jedinou mo\u017enost\u00ed tak je uve\u0159ejn\u011bn\u00ed nahr\u00e1vek, aby Olaf Scholz si doma ud\u011blal po\u0159\u00e1dek.<\/p>\n<p><a href=\"https:\/\/stranapro.cz\/\"><img decoding=\"async\" loading=\"lazy\" class=\"alignnone wp-image-40285 aligncenter\" src=\"http:\/\/www.infokuryr.cz\/n\/wp-content\/uploads\/2023\/11\/11pro-300x79.png\" alt=\"\" width=\"775\" height=\"204\" srcset=\"https:\/\/www.infokuryr.cz\/n\/wp-content\/uploads\/2023\/11\/11pro-300x79.png 300w, https:\/\/www.infokuryr.cz\/n\/wp-content\/uploads\/2023\/11\/11pro.png 363w\" sizes=\"(max-width: 775px) 100vw, 775px\" \/><\/a><\/p>\n<h6><span style=\"font-size: 18pt;\">Rusko uve\u0159ejn\u011bn\u00edm nahr\u00e1vky z\u0159ejm\u011b zabr\u00e1nilo zata\u017een\u00ed N\u011bmecka do otev\u0159en\u00e9 v\u00e1lky s Ruskem<\/span><\/h6>\n<p>Ot\u00e1zkou te\u010f je, co nastane. Jsou vlastn\u011b jen dv\u011b varianty. Pokud Olaf Scholz o operaci nev\u011bd\u011bl a d\u011blo se to za jeho z\u00e1dy, dojde v gener\u00e1ln\u00edm \u0161t\u00e1bu Bundeswehru k \u010distce. Pokud ale Olaf Scholz pouze medi\u00e1ln\u011b ml\u017eil a p\u0159edst\u00edral navenek, \u017ee je proti dod\u00e1vk\u00e1m raket Taurus Ukrajin\u011b, ale potaj\u00ed v tichosti pov\u011b\u0159il gener\u00e1ly, aby n\u011bco vymysleli, jak rakety Ukrajin\u011b dodat tajn\u011b, aby z toho n\u011bmeck\u00e1 vl\u00e1da nemohla b\u00fdt obvin\u011bna ze strany Rus\u016f, potom k \u017e\u00e1dn\u00fdm \u010distk\u00e1m v Bundeswehru a v Luftwaffe nedojde.<\/p>\n<p>A to bude potvrzen\u00ed t\u00e9 druh\u00e9 varianty. Dojde t\u00edm ale k potvrzen\u00ed, \u017ee N\u011bmecko se tak ob\u00e1v\u00e1 zata\u017een\u00ed do v\u00e1lky s Ruskem, \u017ee Scholz chce za ka\u017edou cenu utajen\u00ed dod\u00e1vek raket, aby se Rusov\u00e9 nedozv\u011bd\u011bli, \u017ee je to dod\u00e1vka n\u011bmeck\u00e9 vl\u00e1dy, a \u017ee rakety proti c\u00edl\u016fm na Krymu a v Rostovsk\u00e9 oblasti jsou \u0159\u00edzeny z hlavn\u00ed leteck\u00e9 z\u00e1kladny Luftwaffe v N\u011bmecku. Berl\u00edn by se tak po 79 letech od konce II. sv. v\u00e1lky znovu dostal do v\u00e1lky s Ruskem a spolu s n\u00edm z\u0159ejm\u011b dal\u0161\u00edch 30 \u010dlensk\u00fdch zem\u00ed NATO!<\/p>\n<figure id=\"attachment_58815\" class=\"wp-caption aligncenter\" style=\"width: 705px;\"><a href=\"https:\/\/aeronet.news\/wp-content\/uploads\/CrimeanBridge.jpg\"><img decoding=\"async\" loading=\"lazy\" class=\"wp-image-58815 \" src=\"https:\/\/aeronet.news\/wp-content\/uploads\/CrimeanBridge-1024x768.jpg\" sizes=\"(max-width: 700px) 100vw, 700px\" srcset=\"https:\/\/aeronet.news\/wp-content\/uploads\/CrimeanBridge-1024x768.jpg 1024w, https:\/\/aeronet.news\/wp-content\/uploads\/CrimeanBridge-300x225.jpg 300w, https:\/\/aeronet.news\/wp-content\/uploads\/CrimeanBridge-768x576.jpg 768w, https:\/\/aeronet.news\/wp-content\/uploads\/CrimeanBridge-700x525.jpg 700w, https:\/\/aeronet.news\/wp-content\/uploads\/CrimeanBridge-476x357.jpg 476w, https:\/\/aeronet.news\/wp-content\/uploads\/CrimeanBridge-644x483.jpg 644w, https:\/\/aeronet.news\/wp-content\/uploads\/CrimeanBridge.jpg 1280w\" alt=\"\" width=\"705\" height=\"529\" \/><\/a><figcaption class=\"wp-caption-text\">Krymsk\u00fd most<\/figcaption><\/figure>\n<p>Uve\u0159ejn\u011bn\u00edm t\u011bchto nahr\u00e1vek bylo zat\u00edm za\u017eehn\u00e1no p\u0159\u00edm\u00e9 zata\u017een\u00ed NATO do v\u00e1lky proti Rusku. Jednou v\u011bc\u00ed jsou \u017eold\u00e1ci ze zem\u00ed NATO na Ukrajin\u011b a r\u016fzn\u00ed poradci, v r\u016fzn\u00e9m stupni kryt\u00ed. Ale druhou v\u011bc\u00ed je situace, kdy\u017e by raketov\u00e9 \u00fadery proti c\u00edl\u016fm a muni\u010dn\u00edm sklad\u016fm v Rostov\u011b na Donu uvnit\u0159 Ruska a proti mostu na Krymu \u0159\u00eddila p\u0159es vojenskou dru\u017eici na ob\u011b\u017en\u00e9 dr\u00e1ze p\u0159\u00edmo n\u011bmeck\u00e1 Luftwaffe ze z\u00e1kladny Buchel.<\/p>\n<p>To by podle mezin\u00e1rodn\u00edho pr\u00e1va bylo vyhl\u00e1\u0161en\u00edm v\u00e1lky proti Rusku.\u00a0<strong>U\u017e by ne\u0161lo o vyzbrojov\u00e1n\u00ed Ukrajiny, ale o p\u0159\u00edm\u00fd \u00fader Luftwaffe proti rusk\u00fdm c\u00edl\u016fm.<\/strong>\u00a0Nahr\u00e1vka zachycuje nejvy\u0161\u0161\u00ed stupe\u0148 \u0161\u00edlenstv\u00ed v n\u011bmeck\u00e9 arm\u00e1d\u011b a je potvrzen\u00edm, \u017ee po\u010d\u00e1tkem b\u0159ezna roku 2024 stoj\u00edme historicky nejbl\u00ed\u017ee vypuknut\u00ed otev\u0159en\u00e9ho konfliktu mezi NATO a Ruskem. A je to Rusko, kter\u00e9 d\u011bl\u00e1 v\u0161e proto, aby tomuto konfliktu zabr\u00e1nilo. Proto\u017ee ten st\u0159et by m\u011bl pouze jeden jedin\u00fd konec, a to jadernou koncovku!<\/p>\n<p><a href=\"https:\/\/aeronet.news\/nemecka-armada-planovala-udery-na-krymsky-most-ruske-zakladny-a-municni-sklady-na-unikle-nahravce-spicky-luftwaffe-planovaly-jak-ridit-pres-nemeckou-armadni-druzici-rakety-taurus-proti-ruskym-cilum\/\">-VK- \u0160\u00e9fredaktor AE News<\/a><\/p>\n<p><img decoding=\"async\" loading=\"lazy\" class=\"wp-image-47634 aligncenter\" src=\"http:\/\/www.infokuryr.cz\/n\/wp-content\/uploads\/2024\/02\/Pozvanka_Praha-_23.3.24-300x229.jpg\" alt=\"\" width=\"827\" height=\"631\" srcset=\"https:\/\/www.infokuryr.cz\/n\/wp-content\/uploads\/2024\/02\/Pozvanka_Praha-_23.3.24-300x229.jpg 300w, https:\/\/www.infokuryr.cz\/n\/wp-content\/uploads\/2024\/02\/Pozvanka_Praha-_23.3.24.jpg 595w\" sizes=\"(max-width: 827px) 100vw, 827px\" \/><\/p>\n","protected":false},"excerpt":{"rendered":"<p>N\u011bmeck\u00e1 arm\u00e1da pl\u00e1novala \u00fadery na Krymsk\u00fd most, rusk\u00e9 z\u00e1kladny a muni\u010dn\u00ed sklady! Na unikl\u00e9 nahr\u00e1vce&#8230;<\/p>\n","protected":false},"author":2,"featured_media":48532,"comment_status":"closed","ping_status":"closed","sticky":false,"template":"","format":"standard","meta":[],"categories":[6],"tags":[1042,80,3147,84,3715,22],"_links":{"self":[{"href":"https:\/\/www.infokuryr.cz\/n\/wp-json\/wp\/v2\/posts\/48531"}],"collection":[{"href":"https:\/\/www.infokuryr.cz\/n\/wp-json\/wp\/v2\/posts"}],"about":[{"href":"https:\/\/www.infokuryr.cz\/n\/wp-json\/wp\/v2\/types\/post"}],"author":[{"embeddable":true,"href":"https:\/\/www.infokuryr.cz\/n\/wp-json\/wp\/v2\/users\/2"}],"replies":[{"embeddable":true,"href":"https:\/\/www.infokuryr.cz\/n\/wp-json\/wp\/v2\/comments?post=48531"}],"version-history":[{"count":1,"href":"https:\/\/www.infokuryr.cz\/n\/wp-json\/wp\/v2\/posts\/48531\/revisions"}],"predecessor-version":[{"id":48534,"href":"https:\/\/www.infokuryr.cz\/n\/wp-json\/wp\/v2\/posts\/48531\/revisions\/48534"}],"wp:featuredmedia":[{"embeddable":true,"href":"https:\/\/www.infokuryr.cz\/n\/wp-json\/wp\/v2\/media\/48532"}],"wp:attachment":[{"href":"https:\/\/www.infokuryr.cz\/n\/wp-json\/wp\/v2\/media?parent=48531"}],"wp:term":[{"taxonomy":"category","embeddable":true,"href":"https:\/\/www.infokuryr.cz\/n\/wp-json\/wp\/v2\/categories?post=48531"},{"taxonomy":"post_tag","embeddable":true,"href":"https:\/\/www.infokuryr.cz\/n\/wp-json\/wp\/v2\/tags?post=48531"}],"curies":[{"name":"wp","href":"https:\/\/api.w.org\/{rel}","templated":true}]}}