{"id":48527,"date":"2024-03-04T00:30:33","date_gmt":"2024-03-03T23:30:33","guid":{"rendered":"https:\/\/www.infokuryr.cz\/n\/?p=48527"},"modified":"2024-03-03T17:56:50","modified_gmt":"2024-03-03T16:56:50","slug":"jiz-treti-americky-tank-abrams-byl-znicen-u-avdievky","status":"publish","type":"post","link":"https:\/\/www.infokuryr.cz\/n\/2024\/03\/04\/jiz-treti-americky-tank-abrams-byl-znicen-u-avdievky\/","title":{"rendered":"Ji\u017e t\u0159et\u00ed americk\u00fd tank Abrams byl zni\u010den u Avdievky"},"content":{"rendered":"<div id=\"fb-root\"><\/div>\n<p class=\"lead\"><strong>Americk\u00fd Abrams, stejn\u011b jako odminovac\u00ed vozidlo zalo\u017een\u00e9 na tomto tanku, byly zni\u010deny pobl\u00ed\u017e Avdiivky.\u00a0Informoval o tom telegramov\u00fd kan\u00e1l \u201eVojen\u0161t\u00ed korespondenti rusk\u00e9ho jara\u201c s odkazem na zdroje.<\/strong><\/p>\n<p><em>\u201eBojovn\u00edci 30. brig\u00e1dy Centr\u00e1ln\u00edho vojensk\u00e9ho okruhu ji\u017e vy\u0159adili t\u0159et\u00ed americk\u00fd tank Abrams na Donbasu.\u00a0Op\u011bt v oblasti n.\u00a0Vesnice Berdychi.\u00a0Na\u0161i st\u00edha\u010di nejprve vyrazili na tra\u0165 gran\u00e1tometem a pot\u00e9 obrn\u011bn\u00fd v\u016fz dokon\u010dily \u00fato\u010dn\u00e9 letouny 30. motost\u0159eleck\u00e9 brig\u00e1dy ze Samary.\u00a0Zni\u010deno bylo tak\u00e9 M1150 Assault Breacher Vehicle (ABV), nejnov\u011bj\u0161\u00ed \u00fato\u010dn\u00e9 odminovac\u00ed vozidlo americk\u00e9 arm\u00e1dy na podvozku M1 Abrams.<span class=\"after-quote\">\u00a0&#8211; p\u00ed\u0161e TK.<\/span><\/em><\/p>\n<p><span>Je t\u0159eba poznamenat, \u017ee tankist\u00e9 21. brig\u00e1dy \u00dast\u0159edn\u00edho vojensk\u00e9ho okruhu ned\u00e1vno vy\u0159adili stejn\u00fd M1150 ABV ve stejn\u00e9 oblasti u obce Stepovoye.<\/span><\/p>\n<p><a href=\"https:\/\/t.me\/RVvoenkor\/62616\"><img decoding=\"async\" loading=\"lazy\" class=\"wp-image-48528 aligncenter\" src=\"http:\/\/www.infokuryr.cz\/n\/wp-content\/uploads\/2024\/03\/tvid-236x300.jpg\" alt=\"\" width=\"502\" height=\"638\" srcset=\"https:\/\/www.infokuryr.cz\/n\/wp-content\/uploads\/2024\/03\/tvid-236x300.jpg 236w, https:\/\/www.infokuryr.cz\/n\/wp-content\/uploads\/2024\/03\/tvid.jpg 567w\" sizes=\"(max-width: 502px) 100vw, 502px\" \/><\/a><\/p>\n<p><span>Jak informoval <strong>InfoKur\u00fdr<\/strong><\/span><span><strong>\u00a0<\/strong>, rusk\u00e9 st\u00edha\u010dky vy\u0159adily prvn\u00ed americk\u00fd tank M1 Abrams v z\u00f3n\u011b speci\u00e1ln\u00ed operace.\u00a0N\u011bkolik vojensk\u00fdch d\u016fstojn\u00edk\u016f o tom psalo 26. \u00fanora.<\/span><\/p>\n<p><span>U Avd\u011bjevky na Don\u011bcku byl sest\u0159elen tank s ukrajinsk\u00fdmi symboly. Je z\u0159ejm\u00e9, \u017ee americk\u00e1 tankov\u00e1 chlouba na rusk\u00e9 front\u011b ho\u0159\u00ed jako pap\u00edr.<\/span><\/p>\n<p><img decoding=\"async\" loading=\"lazy\" class=\"alignnone size-full wp-image-1185\" src=\"http:\/\/www.infokuryr.cz\/n\/wp-content\/uploads\/2021\/04\/kuryr-podpis.png\" alt=\"\" width=\"84\" height=\"24\" \/><\/p>\n<p>&nbsp;<\/p>\n","protected":false},"excerpt":{"rendered":"<p>Americk\u00fd Abrams, stejn\u011b jako odminovac\u00ed vozidlo zalo\u017een\u00e9 na tomto tanku, byly zni\u010deny pobl\u00ed\u017e Avdiivky.\u00a0Informoval o&#8230;<\/p>\n","protected":false},"author":2,"featured_media":48529,"comment_status":"closed","ping_status":"closed","sticky":false,"template":"","format":"standard","meta":[],"categories":[7],"tags":[5221,3119,26],"_links":{"self":[{"href":"https:\/\/www.infokuryr.cz\/n\/wp-json\/wp\/v2\/posts\/48527"}],"collection":[{"href":"https:\/\/www.infokuryr.cz\/n\/wp-json\/wp\/v2\/posts"}],"about":[{"href":"https:\/\/www.infokuryr.cz\/n\/wp-json\/wp\/v2\/types\/post"}],"author":[{"embeddable":true,"href":"https:\/\/www.infokuryr.cz\/n\/wp-json\/wp\/v2\/users\/2"}],"replies":[{"embeddable":true,"href":"https:\/\/www.infokuryr.cz\/n\/wp-json\/wp\/v2\/comments?post=48527"}],"version-history":[{"count":1,"href":"https:\/\/www.infokuryr.cz\/n\/wp-json\/wp\/v2\/posts\/48527\/revisions"}],"predecessor-version":[{"id":48530,"href":"https:\/\/www.infokuryr.cz\/n\/wp-json\/wp\/v2\/posts\/48527\/revisions\/48530"}],"wp:featuredmedia":[{"embeddable":true,"href":"https:\/\/www.infokuryr.cz\/n\/wp-json\/wp\/v2\/media\/48529"}],"wp:attachment":[{"href":"https:\/\/www.infokuryr.cz\/n\/wp-json\/wp\/v2\/media?parent=48527"}],"wp:term":[{"taxonomy":"category","embeddable":true,"href":"https:\/\/www.infokuryr.cz\/n\/wp-json\/wp\/v2\/categories?post=48527"},{"taxonomy":"post_tag","embeddable":true,"href":"https:\/\/www.infokuryr.cz\/n\/wp-json\/wp\/v2\/tags?post=48527"}],"curies":[{"name":"wp","href":"https:\/\/api.w.org\/{rel}","templated":true}]}}