{"id":4847,"date":"2021-09-19T06:33:10","date_gmt":"2021-09-19T04:33:10","guid":{"rendered":"http:\/\/www.infokuryr.cz\/n\/?p=4847"},"modified":"2021-09-19T06:33:10","modified_gmt":"2021-09-19T04:33:10","slug":"anketa-ktera-se-nepovedla","status":"publish","type":"post","link":"https:\/\/www.infokuryr.cz\/n\/2021\/09\/19\/anketa-ktera-se-nepovedla\/","title":{"rendered":"Anketa, kter\u00e1 se nepovedla"},"content":{"rendered":"<div id=\"fb-root\"><\/div>\n<section class=\"perex\">Korpor\u00e1tn\u00ed medi\u00e1ln\u00ed narativ o tom, \u017ee neo\u010dkovan\u00ed lid\u00e9 pln\u00ed nemocnice a um\u00edraj\u00ed na COVID, se rychle rozpad\u00e1, mo\u017en\u00e1 rychleji, ne\u017e v\u016fbec \u010dekali.<\/p>\n<p>Televizn\u00ed kan\u00e1l WXYZ 7 v Detroitu minul\u00fd p\u00e1tek na sv\u00e9\u00a0<a href=\"https:\/\/www.facebook.com\/wxyzdetroit\/photos\/a.461583946134\/10158207966696135\/?type=3\" target=\"_blank\" rel=\"external noopener\">str\u00e1nce na Facebooku<\/a>\u00a0vyzval div\u00e1ky, aby jim napsali, pokud p\u0159i\u0161li o n\u011bkoho bl\u00edzk\u00e9ho proto, \u017ee odm\u00edtl vakc\u00ednu proti COVIDu-19. To jasn\u011b nazna\u010duje, \u017ee za\u010d\u00ednaj\u00ed zoufale hledat tyto p\u0159\u00edb\u011bhy a maj\u00ed probl\u00e9m je naj\u00edt.<\/p>\n<\/section>\n<section class=\"clanek-obsah\">\n<div class=\"karta\">\n<figure><img decoding=\"async\" loading=\"lazy\" src=\"http:\/\/www.zvedavec.org\/images\/21\/anketa-ktera-se-nepovedla-0.jpg\" alt=\"[...]\" width=\"640\" height=\"408\" \/><\/figure>\n<\/div>\n<p>Nev\u00edm, jestli n\u011bjak\u00e9 takov\u00e9 p\u0159\u00edb\u011bhy z\u00edskali mailem, ale v\u00fdzva na jejich str\u00e1nce na Facebooku v dob\u011b psan\u00ed tohoto p\u0159\u00edsp\u011bvku obdr\u017eela v\u00edce ne\u017e 182 tis\u00edc koment\u00e1\u0159\u016f (v sou\u010dasnosti 197 tis\u00edc)) a zd\u00e1 se, \u017ee to jsou v\u0161echno koment\u00e1\u0159e t\u011bch, kte\u0159\u00ed\u00a0<b>po o\u010dkov\u00e1n\u00ed vakc\u00ednou COVID p\u0159i\u0161li o sv\u00e9 bl\u00edzk\u00e9<\/b>, a pak tak\u00e9 dotazy, pro\u010d se televize nezab\u00fdv\u00e1 p\u0159\u00edpady \u00famrt\u00ed po o\u010dkov\u00e1n\u00ed.<\/p>\n<p>Pro\u0161el jsem mnoho des\u00edtek koment\u00e1\u0159\u016f a nevid\u011bl jsem ani jeden, kter\u00fd by uv\u00e1d\u011bl, \u017ee ztratili n\u011bkoho na COVID pot\u00e9, co odm\u00edtl injekci COVID-19.<\/p>\n<p>Lid\u00e9, kte\u0159\u00ed jsou na Facebooku a dal\u0161\u00edch platform\u00e1ch velk\u00fdch technologi\u00ed uml\u010dov\u00e1ni a cenzurov\u00e1ni, vyu\u017eili p\u0159\u00edle\u017eitosti a pod\u011blili se spont\u00e1nn\u011b o sv\u00e9 p\u0159\u00edb\u011bhy. Je \u00fa\u017easn\u00e9, \u017ee je Facebook zat\u00edm nechal zve\u0159ejn\u011bn\u00e9. Mo\u017en\u00e1 je to pro jejich po\u010det, byl by to pravd\u011bpodobn\u011b je\u0161t\u011b v\u011bt\u0161\u00ed pr\u016f\u0161vih, kdyby to te\u010f vymazal.<\/p>\n<p>Jsem zv\u011bdav, co te\u010f stanice WXYZ ud\u011bl\u00e1? Ud\u011blaj\u00ed to, co d\u011bl\u00e1 v\u011bt\u0161ina korpor\u00e1tn\u00edch medi\u00e1ln\u00edch spole\u010dnost\u00ed, poh\u00e1n\u011bn\u00fdch t\u00e9m\u011b\u0159 neomezen\u00fdmi zdroji od sv\u00fdch miliard\u00e1\u0159sk\u00fdch majitel\u016f z Wall Street, kte\u0159\u00ed jsou t\u00e9m\u011b\u0159 v\u0161ichni napojeni na farmaceutick\u00fd pr\u016fmysl, a prost\u011b si m\u00edsto toho p\u016fjdou najmout herce, aby p\u0159\u00edb\u011bh ud\u011blali a vymysleli si je?<\/p>\n<p>Zde je n\u011bkolik sn\u00edmk\u016f obrazovky koment\u00e1\u0159\u016f, kter\u00e9 jsou reprezentativn\u00ed pro to, co lid\u00e9 p\u00ed\u0161\u00ed, pro p\u0159\u00edpad, \u017ee by to st\u00e1hli.<\/p>\n<div class=\"karta\">\n<figure><img decoding=\"async\" loading=\"lazy\" src=\"http:\/\/www.zvedavec.org\/images\/21\/anketa-ktera-se-nepovedla-1.jpg\" alt=\"[...]\" width=\"640\" height=\"613\" \/><br \/>\n<img decoding=\"async\" loading=\"lazy\" src=\"http:\/\/www.zvedavec.org\/images\/21\/anketa-ktera-se-nepovedla-2.jpg\" alt=\"\" width=\"640\" height=\"636\" \/><br \/>\n<img decoding=\"async\" loading=\"lazy\" src=\"http:\/\/www.zvedavec.org\/images\/21\/anketa-ktera-se-nepovedla-3.jpg\" alt=\"\" width=\"640\" height=\"577\" \/><\/figure>\n<\/div>\n<h2>Dal\u0161\u00ed zdroje<\/h2>\n<p><a href=\"https:\/\/healthimpactnews.com\/2021\/teens-50x-more-likely-to-have-heart-disease-after-covid-shots-than-all-other-fda-approved-vaccines-in-2021-combined-cdc-admits-true-but-still-recommends-it\/\" target=\"_blank\" rel=\"external noopener\">Teens 50X More Likely to Have Heart Disease After COVID Shots than All Other FDA Approved Vaccines in 2021 Combined \u2013 CDC Admits True but Still Recommends It<\/a>\u00a0(Pravd\u011bpodobnost onemocn\u011bn\u00ed srdce u dosp\u00edvaj\u00edc\u00edch po o\u010dkov\u00e1n\u00ed COVID je 50\u00d7 vy\u0161\u0161\u00ed ne\u017e u v\u0161ech ostatn\u00edch vakc\u00edn schv\u00e1len\u00fdch FDA v roce 2021 dohromady &#8211; CDC p\u0159izn\u00e1v\u00e1, \u017ee je to pravda, ale p\u0159esto je doporu\u010duje)<\/p>\n<div class=\"karta\">\n<figure><img decoding=\"async\" loading=\"lazy\" src=\"http:\/\/www.zvedavec.org\/images\/21\/anketa-ktera-se-nepovedla-4.jpg\" alt=\"[...]\" width=\"640\" height=\"521\" \/><\/figure>\n<\/div>\n<p><a href=\"https:\/\/healthimpactnews.com\/2021\/besides-fetal-deaths-breastfeeding-babies-are-dying-and-becoming-sick-following-mothers-covid-shots\/\" target=\"_blank\" rel=\"external noopener\">Besides Fetal Deaths, Breastfeeding Babies are Dying and becoming Sick following Mothers\u2019 COVID Shots<\/a>\u00a0(Krom\u011b \u00famrt\u00ed plodu um\u00edraj\u00ed a onemocn\u00ed i kojen\u00e9 d\u011bti po injekc\u00edch COVID od matek)<\/p>\n<p><a href=\"https:\/\/healthimpactnews.com\/2021\/military-members-are-dying-and-suffering-crippling-effects-from-covid-vaccinations\/\" target=\"_blank\" rel=\"external noopener\">Military Members are Dying and Suffering Crippling Effects from COVID Vaccinations<\/a>\u00a0(P\u0159\u00edslu\u0161n\u00edci arm\u00e1dy um\u00edraj\u00ed a trp\u00ed zhoubn\u00fdmi n\u00e1sledky o\u010dkov\u00e1n\u00ed proti COVIDu)<\/p>\n<p><a href=\"https:\/\/healthimpactnews.com\/2021\/cdc-teens-injected-with-covid-shots-have-7-5-x-more-deaths-15-x-more-disabilities-44-x-more-hospitalizations-than-all-fda-approved-vaccines-in-2021\/\" target=\"_blank\" rel=\"external noopener\">CDC: Teens Injected with COVID Shots have 7.5 X More Deaths, 15 X More Disabilities, 44 X More Hospitalizations than All FDA Approved Vaccines in 2021<\/a>\u00a0(CDC: V roce 2021 maj\u00ed dosp\u00edvaj\u00edc\u00ed, kter\u00fdm byly aplikov\u00e1ny injekce COVID, 7,5kr\u00e1t v\u00edce \u00famrt\u00ed, 15kr\u00e1t v\u00edce posti\u017een\u00ed a 44kr\u00e1t v\u00edce hospitalizac\u00ed ne\u017e v\u0161echny vakc\u00edny schv\u00e1len\u00e9 FDA.)<\/p>\n<p><a href=\"https:\/\/healthimpactnews.com\/2021\/local-detroit-tv-asks-for-stories-of-unvaxxed-dying-from-covid-gets-over-180k-responses-of-vaccine-injured-and-dead-instead\/\" target=\"_blank\" rel=\"external noopener\">COVID Shots Are Killing and Crippling Teens in Record Numbers \u2013 Young Children Are Next<\/a>\u00a0(Injekce COVID zab\u00edjej\u00ed a mrza\u010d\u00ed teenagery v rekordn\u00edm po\u010dtu &#8211; na \u0159ad\u011b jsou mal\u00e9 d\u011bti)<\/p>\n<div class=\"podcarou\">\n<p><a href=\"https:\/\/healthimpactnews.com\/2021\/local-detroit-tv-asks-for-stories-of-unvaxxed-dying-from-covid-gets-over-180k-responses-of-vaccine-injured-and-dead-instead\/\" target=\"_blank\" rel=\"external noopener\">Local Detroit TV Asks for Stories of Unvaxxed Dying from COVID \u2013 Gets over 180K Responses of Vaccine Injured and Dead Instead<\/a>\u00a0vy\u0161el 15.9.2021 na healthimpactnews.com.<\/p>\n<p><b>Brian Shilhavy<\/b><\/p>\n<\/div>\n<p><a href=\"http:\/\/www.zvedavec.org\/komentare\/2021\/09\/8853-anketa-ktera-se-nepovedla.htm\">Zvedavec.org<\/a><\/p>\n<\/section>\n<p>&nbsp;<\/p>\n","protected":false},"excerpt":{"rendered":"<p>Korpor\u00e1tn\u00ed medi\u00e1ln\u00ed narativ o tom, \u017ee neo\u010dkovan\u00ed lid\u00e9 pln\u00ed nemocnice a um\u00edraj\u00ed na COVID, se&#8230;<\/p>\n","protected":false},"author":2,"featured_media":3713,"comment_status":"closed","ping_status":"closed","sticky":false,"template":"","format":"standard","meta":[],"categories":[7],"tags":[1219,213,474,651],"_links":{"self":[{"href":"https:\/\/www.infokuryr.cz\/n\/wp-json\/wp\/v2\/posts\/4847"}],"collection":[{"href":"https:\/\/www.infokuryr.cz\/n\/wp-json\/wp\/v2\/posts"}],"about":[{"href":"https:\/\/www.infokuryr.cz\/n\/wp-json\/wp\/v2\/types\/post"}],"author":[{"embeddable":true,"href":"https:\/\/www.infokuryr.cz\/n\/wp-json\/wp\/v2\/users\/2"}],"replies":[{"embeddable":true,"href":"https:\/\/www.infokuryr.cz\/n\/wp-json\/wp\/v2\/comments?post=4847"}],"version-history":[{"count":0,"href":"https:\/\/www.infokuryr.cz\/n\/wp-json\/wp\/v2\/posts\/4847\/revisions"}],"wp:featuredmedia":[{"embeddable":true,"href":"https:\/\/www.infokuryr.cz\/n\/wp-json\/wp\/v2\/media\/3713"}],"wp:attachment":[{"href":"https:\/\/www.infokuryr.cz\/n\/wp-json\/wp\/v2\/media?parent=4847"}],"wp:term":[{"taxonomy":"category","embeddable":true,"href":"https:\/\/www.infokuryr.cz\/n\/wp-json\/wp\/v2\/categories?post=4847"},{"taxonomy":"post_tag","embeddable":true,"href":"https:\/\/www.infokuryr.cz\/n\/wp-json\/wp\/v2\/tags?post=4847"}],"curies":[{"name":"wp","href":"https:\/\/api.w.org\/{rel}","templated":true}]}}