{"id":4841,"date":"2021-09-19T06:14:16","date_gmt":"2021-09-19T04:14:16","guid":{"rendered":"http:\/\/www.infokuryr.cz\/n\/?p=4841"},"modified":"2021-09-19T06:42:26","modified_gmt":"2021-09-19T04:42:26","slug":"polsko-da-eu-jeste-sanci","status":"publish","type":"post","link":"https:\/\/www.infokuryr.cz\/n\/2021\/09\/19\/polsko-da-eu-jeste-sanci\/","title":{"rendered":"Polsko d\u00e1 EU je\u0161t\u011b \u0161anci"},"content":{"rendered":"<div id=\"fb-root\"><\/div>\n<p>Jakkoli destruktivn\u00ed chov\u00e1n\u00ed Bruselu dovedlo EU na hranu Polexitu, Polsko hodl\u00e1 d\u00e1t po\u0161ramocen\u00e9 EU je\u0161t\u011b \u0161anci. A\u010dkoli Polexit se v posledn\u00ed dob\u011b r\u00fdsoval v kontur\u00e1ch daleko konkr\u00e9tn\u011bj\u0161\u00edch, ne\u017e se brusel\u0161t\u00ed potent\u00e1ti nad\u00e1li, Polsko chce kopat za Evropu, a to mo\u017en\u00e1 v\u00edce ne\u017e Brusel. Nicm\u00e9n\u011b vypro\u0161uje si, \u017ee Brusel mus\u00ed okam\u017eit\u011b p\u0159estat se sv\u00fdmi neopr\u00e1vn\u011bn\u00fdmi ingerencemi do vnit\u0159n\u00edch v\u011bc\u00ed Polska. Jedin\u011b tak je mo\u017en\u00e9 krizi Polexitu za\u017eehnat.<\/p>\n<p>&#8222;Chceme do EU nejen p\u0159in\u00e1le\u017eet, ale chceme ji i spoluutv\u00e1\u0159et &#8211; Unii maj\u00edc\u00ed \u00fazk\u00e9 vztahy s USA, Uni otev\u0159enou nov\u00fdm zem\u00ed, a (zejm\u00e9na) Unii, kter\u00e1 ct\u00ed svrchovanost sv\u00fdch zem\u00ed&#8220;, znovuotev\u0159el Evropsk\u00e9 unii dve\u0159e Polska prezident Andrzej Duda.<\/p>\n<p>&#8222;Krize EU ov\u0161em, o kterou se postarali rovn\u011b\u017e n\u011bkte\u0159\u00ed komisa\u0159i (komisa\u0159ky) je v\u00edce ne\u017e viditeln\u00fd. Komise poru\u0161uje smlouvy, osobuje si mimosmluvn\u00ed pravidla a\u00a0 n\u011bkdy i otev\u0159en\u011b \u0159\u00edk\u00e1, \u017ee kon\u00e1 na principech politiky a nikoli pr\u00e1va&#8220;, vyl\u00ed\u010dil EU ve v\u0161\u00ed nahot\u011b polsk\u00fd prezident.<\/p>\n<p>&#8222;Polexit nebude; jednozna\u010dn\u011b spat\u0159ujeme budoucnost Polska uvnit\u0159 EU. Ot\u00e1zky justice v\u0161ak mus\u00ed z\u016fstat v\u00fdlu\u010dnou pravomoc\u00ed \u010dlensk\u00fdch zem\u00ed, nesm\u00ed b\u00fdt p\u0159edm\u011btem vm\u011b\u0161ov\u00e1n\u00ed, jako se to stalo nyn\u00ed!&#8220;, vybojoval \u010dlensk\u00fdm zem\u00edm zp\u011bt svobodu svrchovanosti\u00a0 p\u0159edseda polsk\u00e9 strany Pr\u00e1vo a spravedlnost, Jaroslaw Kaczynski.<\/p>\n<p>&#8222;Princip rovnosti \u010dlensk\u00fdch zem\u00ed je v EU robustn\u011b po\u0161lap\u00e1v\u00e1n a siln\u011bj\u0161\u00ed zem\u011b si instrumentalizuj\u00ed EU&#8220;, pouk\u00e1zal Kaczynki na nep\u0159ijateln\u011b p\u0159\u00edkr\u00fd deficit dodr\u017eov\u00e1n\u00ed \u0159\u00e1du pr\u00e1va v EU.<\/p>\n<p><a href=\"https:\/\/www.lalibre.be\/international\/europe\/2021\/09\/15\/etat-de-droit-malgre-lingerence-de-lue-la-pologne-ne-quittera-pas-lunion-OQSIKPBGQVFCXG2SQP7RTBIH2A\">ZDROJ<\/a><\/p>\n<p>&nbsp;<\/p>\n","protected":false},"excerpt":{"rendered":"<p>Jakkoli destruktivn\u00ed chov\u00e1n\u00ed Bruselu dovedlo EU na hranu Polexitu, Polsko hodl\u00e1 d\u00e1t po\u0161ramocen\u00e9 EU je\u0161t\u011b&#8230;<\/p>\n","protected":false},"author":2,"featured_media":4482,"comment_status":"closed","ping_status":"closed","sticky":false,"template":"","format":"standard","meta":[],"categories":[7],"tags":[41,31],"_links":{"self":[{"href":"https:\/\/www.infokuryr.cz\/n\/wp-json\/wp\/v2\/posts\/4841"}],"collection":[{"href":"https:\/\/www.infokuryr.cz\/n\/wp-json\/wp\/v2\/posts"}],"about":[{"href":"https:\/\/www.infokuryr.cz\/n\/wp-json\/wp\/v2\/types\/post"}],"author":[{"embeddable":true,"href":"https:\/\/www.infokuryr.cz\/n\/wp-json\/wp\/v2\/users\/2"}],"replies":[{"embeddable":true,"href":"https:\/\/www.infokuryr.cz\/n\/wp-json\/wp\/v2\/comments?post=4841"}],"version-history":[{"count":0,"href":"https:\/\/www.infokuryr.cz\/n\/wp-json\/wp\/v2\/posts\/4841\/revisions"}],"wp:featuredmedia":[{"embeddable":true,"href":"https:\/\/www.infokuryr.cz\/n\/wp-json\/wp\/v2\/media\/4482"}],"wp:attachment":[{"href":"https:\/\/www.infokuryr.cz\/n\/wp-json\/wp\/v2\/media?parent=4841"}],"wp:term":[{"taxonomy":"category","embeddable":true,"href":"https:\/\/www.infokuryr.cz\/n\/wp-json\/wp\/v2\/categories?post=4841"},{"taxonomy":"post_tag","embeddable":true,"href":"https:\/\/www.infokuryr.cz\/n\/wp-json\/wp\/v2\/tags?post=4841"}],"curies":[{"name":"wp","href":"https:\/\/api.w.org\/{rel}","templated":true}]}}