{"id":48398,"date":"2024-03-02T05:39:39","date_gmt":"2024-03-02T04:39:39","guid":{"rendered":"https:\/\/www.infokuryr.cz\/n\/?p=48398"},"modified":"2024-03-02T05:39:39","modified_gmt":"2024-03-02T04:39:39","slug":"divadelni-predstaveni-jen-pro-cerne-bez-civejicich-belochu","status":"publish","type":"post","link":"https:\/\/www.infokuryr.cz\/n\/2024\/03\/02\/divadelni-predstaveni-jen-pro-cerne-bez-civejicich-belochu\/","title":{"rendered":"Divadeln\u00ed p\u0159edstaven\u00ed jen pro \u010dern\u00e9, bez \u201eciv\u011bj\u00edc\u00edch b\u011bloch\u016f\u201c"},"content":{"rendered":"<div id=\"fb-root\"><\/div>\n<h2 class=\"entry-title\">Anti-b\u011blo\u0161sk\u00fd rasismus zachv\u00e1til Lond\u00fdn. Um\u011blci jsou nad\u0161eni<\/h2>\n<p>V lond\u00fdnsk\u00e9 divadeln\u00ed \u010dtvrti West End b<strong>udou m\u00edt\u00a0<a href=\"https:\/\/www.independent.co.uk\/arts-entertainment\/theatre-dance\/news\/slave-play-kit-harrington-black-out-night-b2504074.html\">dvakr\u00e1t za m\u011bs\u00edc p\u0159edstaven\u00ed pouze pro \u010dern\u00e9 n\u00e1v\u0161t\u011bvn\u00edky.\u00a0<\/a>C\u00edlem pr\u00fd je nab\u00eddnout \u010dern\u00fdm divadeln\u00edm div\u00e1k\u016fm um\u011bleck\u00fd z\u00e1\u017eitek bez b\u011blo\u0161sk\u00e9ho civ\u011bn\u00ed (white gaze).<\/strong> Bude se jednat o divadeln\u00ed hry o otroctv\u00ed Slave Play od americk\u00e9ho autora J. O Harrise. Hra bude m\u00edt hv\u011bzdn\u00e9 obsazen\u00ed a mezi herci se objev\u00ed t\u0159eba K. Harrington (Hra o tr\u016fny).<\/p>\n<p>Podle autora hry se bude jednat o d\u00edlo o antirasov\u00fdch vztaz\u00edch, sexu a moci.<\/p>\n<p><strong>B\u011blo\u0161i nebudou na p\u0159edstaven\u00ed v\u00edt\u00e1ni. By\u0165 ur\u010ditou nad\u011bji na vstup maj\u00ed. Ofici\u00e1ln\u011b je toti\u017e p\u0159edstaven\u00ed ur\u010deno pro n\u00e1v\u0161t\u011bvn\u00edky, kte\u0159\u00ed se \u201eidentifikuj\u00ed jako \u010dern\u00ed\u201c<\/strong>. Sou\u010dasn\u00e9 konstruktivistick\u00e9 teorie by n\u011bco takov\u00e9ho m\u011bly teoreticky umo\u017e\u0148ovat, ale pochopiteln\u011b b\u011bloch\u016fm b\u00fdv\u00e1 v podobn\u00fdch p\u0159\u00edpadech m\u011b\u0159eno jin\u00fdm metrem.<\/p>\n<p>\u201e<strong>P\u0159ekvapiv\u011b\u201c nikoho zjevn\u00fd rasismus proti b\u011bloch\u016fm v Lond\u00fdn\u011b nep\u0159ekvapuje ani nepohor\u0161uje. B\u00edl\u00e1 Brit\u00e1nie je na odpis, tak se rovnopr\u00e1vnost vykl\u00e1d\u00e1 pouze jednosm\u011brn\u011b. \u010ce\u0161i na tom bohu\u017eel nejsou l\u00e9pe. Je \u010das to vz\u00edt na v\u011bdom\u00ed a za\u010d\u00edt to m\u011bnit!<\/strong><\/p>\n<p><a href=\"https:\/\/ceskavec.com\/2024\/03\/divadelni-predstaveni-jen-pro-cerne-bez-civejicich-belochu-anti-belossky-rasismus-zachvatil-londyn-umelci-jsou-nadseni\">\u010cesk\u00e1 v\u011bc<\/a><\/p>\n<p>&nbsp;<\/p>\n<p>&nbsp;<\/p>\n","protected":false},"excerpt":{"rendered":"<p>Anti-b\u011blo\u0161sk\u00fd rasismus zachv\u00e1til Lond\u00fdn. Um\u011blci jsou nad\u0161eni V lond\u00fdnsk\u00e9 divadeln\u00ed \u010dtvrti West End budou m\u00edt\u00a0dvakr\u00e1t&#8230;<\/p>\n","protected":false},"author":2,"featured_media":48399,"comment_status":"closed","ping_status":"closed","sticky":false,"template":"","format":"standard","meta":[],"categories":[7],"tags":[641,306,4985],"_links":{"self":[{"href":"https:\/\/www.infokuryr.cz\/n\/wp-json\/wp\/v2\/posts\/48398"}],"collection":[{"href":"https:\/\/www.infokuryr.cz\/n\/wp-json\/wp\/v2\/posts"}],"about":[{"href":"https:\/\/www.infokuryr.cz\/n\/wp-json\/wp\/v2\/types\/post"}],"author":[{"embeddable":true,"href":"https:\/\/www.infokuryr.cz\/n\/wp-json\/wp\/v2\/users\/2"}],"replies":[{"embeddable":true,"href":"https:\/\/www.infokuryr.cz\/n\/wp-json\/wp\/v2\/comments?post=48398"}],"version-history":[{"count":0,"href":"https:\/\/www.infokuryr.cz\/n\/wp-json\/wp\/v2\/posts\/48398\/revisions"}],"wp:featuredmedia":[{"embeddable":true,"href":"https:\/\/www.infokuryr.cz\/n\/wp-json\/wp\/v2\/media\/48399"}],"wp:attachment":[{"href":"https:\/\/www.infokuryr.cz\/n\/wp-json\/wp\/v2\/media?parent=48398"}],"wp:term":[{"taxonomy":"category","embeddable":true,"href":"https:\/\/www.infokuryr.cz\/n\/wp-json\/wp\/v2\/categories?post=48398"},{"taxonomy":"post_tag","embeddable":true,"href":"https:\/\/www.infokuryr.cz\/n\/wp-json\/wp\/v2\/tags?post=48398"}],"curies":[{"name":"wp","href":"https:\/\/api.w.org\/{rel}","templated":true}]}}