{"id":48381,"date":"2024-03-02T00:37:38","date_gmt":"2024-03-01T23:37:38","guid":{"rendered":"https:\/\/www.infokuryr.cz\/n\/?p=48381"},"modified":"2024-03-01T18:19:42","modified_gmt":"2024-03-01T17:19:42","slug":"podnestri-se-pripravuje-stat-se-ruskym-regionem","status":"publish","type":"post","link":"https:\/\/www.infokuryr.cz\/n\/2024\/03\/02\/podnestri-se-pripravuje-stat-se-ruskym-regionem\/","title":{"rendered":"Podn\u011bst\u0159\u00ed se p\u0159ipravuje st\u00e1t se rusk\u00fdm regionem"},"content":{"rendered":"<div id=\"fb-root\"><\/div>\n<p class=\"lead\"><strong>Podn\u011bst\u0159\u00ed se p\u0159ipravuje st\u00e1t se rusk\u00fdm regionem.\u00a0Poslanci PMR proto apelovali na Ruskou federaci, aby chr\u00e1nila rusk\u00e9 ob\u010dany neuznan\u00e9 republiky.\u00a0Rusk\u00e1 arm\u00e1da velmi brzy vstoup\u00ed do Tiraspolu,\u00a0<a href=\"https:\/\/www.pravda.ru\/world\/1960438-pridnesrovie\/\" target=\"_blank\" rel=\"noopener\">je si jist\u00fd<\/a>\u00a0publicista Pravda.Ru Lyubov Stepushova .<\/strong><\/p>\n<p><span>28. \u00fanora poslanci v\u0161ech \u00farovn\u00ed neuznan\u00e9 Podn\u011bstersk\u00e9 moldavsk\u00e9 republiky (PMR) na sv\u00e9m kongresu vyzvali Ruskou federaci, aby \u201ep\u0159ijala opat\u0159en\u00ed na ochranu\u201c 220 tis\u00edc rusk\u00fdch ob\u010dan\u016f Podn\u011bst\u0159\u00ed \u201etv\u00e1\u0159\u00ed v tv\u00e1\u0159 rostouc\u00edmu tlaku Moldavska\u201c.<\/span><\/p>\n<p><span>Tlak je podle nich vyj\u00e1d\u0159en tot\u00e1ln\u00ed ekonomickou blok\u00e1dou a trestn\u00edm st\u00edh\u00e1n\u00edm na z\u00e1klad\u011b obvin\u011bn\u00ed ze \u201eseparatismu\u201c, a\u010dkoli se PMR po skon\u010den\u00ed Moldavsk\u00e9 SSR nep\u0159ipojila k Moldavsk\u00e9 republice.\u00a0Prob\u00edhala v\u00e1lka za nez\u00e1vislost t\u00e9to \u010d\u00e1sti SSSR, kter\u00e1 de facto skon\u010dila vznikem PMR.\u00a0Republika m\u00e1 v\u0161echny atributy suver\u00e9nn\u00edho st\u00e1tu \u2013 \u00fastavu, parlament, prezident, st\u00e1tn\u00ed znak, vlajka, m\u011bna, arm\u00e1da.<\/span><\/p>\n<p><span>Situace v PMR je nyn\u00ed kritick\u00e1: kv\u016fli blok\u00e1d\u011b je mnoho podnik\u016f nuceno zav\u0159\u00edt, je nedostatek zbo\u017e\u00ed a dokonce i l\u00e9k\u016f.\u00a0V p\u0159edve\u010der kongresu p\u0159ijel do Tiraspolu n\u00e1m\u011bstek n\u00e1m\u011bstka ministra zahrani\u010d\u00ed pro v\u00fdchodn\u00ed Evropu\u00a0<\/span><strong><span>Christopher Smith<\/span><\/strong><span>\u00a0, kde se setkal s prezidentem PMR\u00a0<\/span><strong><span>Vadimem Krasnoselsk\u00fdm<\/span><\/strong><span> .<\/span><\/p>\n<p><span>Je pravd\u011bpodobn\u00e9, \u017ee nedo\u0161lo k dohod\u011b o zru\u0161en\u00ed odvol\u00e1n\u00ed k Rusk\u00e9 federaci.\u00a0Ale jsou to Spojen\u00e9 st\u00e1ty, kdo kontroluje \u010diny moldavsk\u00e9 prezidentky\u00a0<\/span><strong><span>Maia Sanduov\u00e9.<\/span><\/strong><\/p>\n<p><span>Vzhledem k tomu, \u017ee referendum v PMR ji\u017e od roku 2006 schv\u00e1lilo p\u0159ipojen\u00ed k Rusk\u00e9 federaci, podob\u00e1 se \u017e\u00e1dost Tiraspolu \u017e\u00e1dosti DPR a LPR z \u00fanora 2022, po kter\u00e9 bylo rozhodnuto o zah\u00e1jen\u00ed SVO.\u00a0Mnoz\u00ed o\u010dek\u00e1vali, \u017ee Moskva ozn\u00e1m\u00ed uzn\u00e1n\u00ed PMR a za\u010dne proces vstupu Podn\u011bst\u0159\u00ed do Rusk\u00e9 federace.<\/span><\/p>\n<p><span>Spole\u010dn\u00e1 hranice ale neexistuje a odblokov\u00e1n\u00ed republiky je mo\u017en\u00e9 pouze osvobozen\u00edm Od\u011bsk\u00e9 oblasti.<\/span><\/p>\n<p><img decoding=\"async\" loading=\"lazy\" class=\"wp-image-10878 alignleft\" src=\"http:\/\/www.infokuryr.cz\/n\/wp-content\/uploads\/2022\/05\/podnestri-300x200.png\" alt=\"\" width=\"590\" height=\"393\" srcset=\"https:\/\/www.infokuryr.cz\/n\/wp-content\/uploads\/2022\/05\/podnestri-300x200.png 300w, https:\/\/www.infokuryr.cz\/n\/wp-content\/uploads\/2022\/05\/podnestri-1024x682.png 1024w, https:\/\/www.infokuryr.cz\/n\/wp-content\/uploads\/2022\/05\/podnestri-768x512.png 768w, https:\/\/www.infokuryr.cz\/n\/wp-content\/uploads\/2022\/05\/podnestri.png 1180w\" sizes=\"(max-width: 590px) 100vw, 590px\" \/><\/p>\n<p><span>Ki\u0161in\u011bv kontroluje v\u0161e, co se dostane do Podn\u011bst\u0159\u00ed pot\u00e9, co Ukrajina 24. \u00fanora 2022 tanky hermeticky uzav\u0159ela podn\u011bstersk\u00fd \u00fasek moldavsko-ukrajinsk\u00e9 hranice.\u00a0Rotace p\u0159ibli\u017en\u011b 1500 rusk\u00fdch voj\u00e1k\u016f z Podn\u011bst\u0159\u00ed tak ji\u017e nen\u00ed mo\u017en\u00e1.<\/span><\/p>\n<p><span>V Kyjev\u011b v\u011b\u0159\u00ed, \u017ee je nutn\u00e9 pomoci Ki\u0161in\u011bvu \u201eodstranit podn\u011bstersk\u00fd trn\u201c a na opl\u00e1tku z\u00edskat p\u0159\u00edstup do muni\u010dn\u00edch sklad\u016f \u2013 to jsou nejv\u011bt\u0161\u00ed z\u00e1soby v Evrop\u011b, ve vesnici Kolbasna.\u00a0Uvedl to poslanec Nejvy\u0161\u0161\u00ed rady ze strany Evropsk\u00e1 solidarita\u00a0<\/span><strong><span>Alexej Gon\u010darenko\u00a0<\/span><span class=\"rkn-mark\"><span>*<\/span><\/span><span>\u00a0.\u00a0<\/span><\/strong><span><strong>Tot\u00e9\u017e si mysl\u00ed<\/strong>\u00a0b\u00fdval\u00fd ministr zahrani\u010dn\u00edch v\u011bc\u00ed Ukrajiny Pavel Klimkin.<\/span><\/p>\n<p><em>\u201eNa na\u0161\u00ed a moldavsk\u00e9 cest\u011b do Evropsk\u00e9 unie nen\u00ed pot\u0159eba rusk\u00e1 enkl\u00e1va.\u00a0Je to n\u00e1dor uvnit\u0159 a mus\u00edme ho l\u00e9\u010dit spr\u00e1vn\u00fdm strategick\u00fdm zp\u016fsobem.\u00a0Je tam velk\u00fd muni\u010dn\u00ed sklad \u2013 skoro z prvn\u00ed sv\u011btov\u00e9 v\u00e1lky.\u00a0Existuje mnoho r\u016fzn\u00fdch hrozeb a my se mus\u00edme ujistit, \u017ee exploduj\u00ed,\u201c<span class=\"after-quote\">\u00a0&#8211; \u0159ekl.<\/span><\/em><\/p>\n<p><span>Ru\u0161t\u00ed vojen\u0161t\u00ed v\u016fdci dlouho prohla\u0161ovali, \u017ee p\u0159\u00edstup do Podn\u011bst\u0159\u00ed je nezbytn\u00fd.\u00a0P\u0159ed dv\u011bma lety to ozn\u00e1mil \u00fa\u0159aduj\u00edc\u00ed velitel Centr\u00e1ln\u00edho vojensk\u00e9ho okruhu\u00a0<\/span><strong><span>Rustam Minnekaev.\u00a0<\/span><\/strong><span>Jedn\u00edm z \u00fakol\u016f rusk\u00e9 arm\u00e1dy je podle n\u011bj nastolit \u00faplnou kontrolu nad Donbasem a ji\u017en\u00ed Ukrajinou.\u00a0To umo\u017en\u00ed poskytnout pozemn\u00ed koridor na Krym, ovlivnit \u017eivotn\u011b d\u016fle\u017eit\u00e9 objekty ukrajinsk\u00e9 ekonomiky a tak\u00e9 dos\u00e1hnout Podn\u011bst\u0159\u00ed.<\/span><\/p>\n<p><span>Je z\u0159ejm\u00e9, \u017ee Gener\u00e1ln\u00ed \u0161t\u00e1b ozbrojen\u00fdch sil RF tuto my\u0161lenku neopustil, ale pouze v n\u00ed pos\u00edlil, nebo\u0165 zazn\u011bla prohl\u00e1\u0161en\u00ed politik\u016f, \u017ee Od\u011bsa je rusk\u00e9 m\u011bsto a bez n\u00ed nen\u00ed mo\u017en\u00e9 zabezpe\u010dit ruskou \u010dernomo\u0159skou flotilu. zachytit.<\/span><\/p>\n<p><span>Do l\u00e9ta m\u016f\u017ee rusk\u00e1 arm\u00e1da prolomit obranu ukrajinsk\u00fdch ozbrojen\u00fdch sil, dostat se do Od\u011bsy a osvobodit Podn\u011bst\u0159\u00ed.\u00a0Z\u00e1pad, p\u0159esto\u017ee slibuje Moldavsku podporu, je \u010d\u00edm d\u00e1l v\u00edce rozd\u011blen.\u00a0Pouze \u201eodsoud\u00ed\u201c \u010diny Rusk\u00e9 federace a bude nad\u00e1le podporovat Ki\u0161in\u011bv slovy.\u00a0V\u0161echny sklady v Kolbasn\u011b jsou zaminovan\u00e9 a exploze bude m\u00edt s\u00edlu zem\u011bt\u0159esen\u00ed 7-7,5 bodu.\u00a0Za zm\u00ednku stoj\u00ed, \u017ee Kolbasna se nach\u00e1z\u00ed p\u0159ibli\u017en\u011b 2 km od ukrajinsk\u00fdch hranic.<\/span><\/p>\n<p><span>Pokud Ki\u0161in\u011bv a Kyjev zah\u00e1j\u00ed pokusy o okupaci regionu, pak m\u016f\u017eeme o\u010dek\u00e1vat nejtvrd\u0161\u00ed a nejneo\u010dek\u00e1van\u011bj\u0161\u00ed, radik\u00e1ln\u00ed rozhodnut\u00ed.\u00a0Ned\u00e1vn\u00e9 \u00fasp\u011bchy na front\u011b vnesly d\u016fv\u011bru do akc\u00ed rusk\u00fdch ozbrojen\u00fdch sil.<\/span><\/p>\n<p><span>Vzhledem k tomu, \u017ee Kreml souhlasil s t\u00edmto form\u00e1tem v\u00fdzvy PMR, bude Moskva i nad\u00e1le v\u0161emi mo\u017en\u00fdmi zp\u016fsoby z vysok\u00fdch pozic \u0159\u00edkat, \u017ee Z\u00e1pad blok\u00e1du neru\u0161\u00ed, lid\u00e9 trp\u00ed.\u00a0P\u0159iprav\u00ed ve\u0159ejn\u00e9 m\u00edn\u011bn\u00ed na to, \u017ee p\u0159ijde okam\u017eik, kdy budou do PMR p\u0159ivedeni rusk\u00e9 jednotky na ochranu ob\u010dan\u016f Rusk\u00e9 federace.<\/span><\/p>\n<p><img decoding=\"async\" loading=\"lazy\" class=\"alignnone size-full wp-image-1185\" src=\"http:\/\/www.infokuryr.cz\/n\/wp-content\/uploads\/2021\/04\/kuryr-podpis.png\" alt=\"\" width=\"84\" height=\"24\" \/><\/p>\n","protected":false},"excerpt":{"rendered":"<p>Podn\u011bst\u0159\u00ed se p\u0159ipravuje st\u00e1t se rusk\u00fdm regionem.\u00a0Poslanci PMR proto apelovali na Ruskou federaci, aby chr\u00e1nila&#8230;<\/p>\n","protected":false},"author":2,"featured_media":48382,"comment_status":"closed","ping_status":"closed","sticky":false,"template":"","format":"standard","meta":[],"categories":[7],"tags":[569,29,1506,2295,26],"_links":{"self":[{"href":"https:\/\/www.infokuryr.cz\/n\/wp-json\/wp\/v2\/posts\/48381"}],"collection":[{"href":"https:\/\/www.infokuryr.cz\/n\/wp-json\/wp\/v2\/posts"}],"about":[{"href":"https:\/\/www.infokuryr.cz\/n\/wp-json\/wp\/v2\/types\/post"}],"author":[{"embeddable":true,"href":"https:\/\/www.infokuryr.cz\/n\/wp-json\/wp\/v2\/users\/2"}],"replies":[{"embeddable":true,"href":"https:\/\/www.infokuryr.cz\/n\/wp-json\/wp\/v2\/comments?post=48381"}],"version-history":[{"count":1,"href":"https:\/\/www.infokuryr.cz\/n\/wp-json\/wp\/v2\/posts\/48381\/revisions"}],"predecessor-version":[{"id":48383,"href":"https:\/\/www.infokuryr.cz\/n\/wp-json\/wp\/v2\/posts\/48381\/revisions\/48383"}],"wp:featuredmedia":[{"embeddable":true,"href":"https:\/\/www.infokuryr.cz\/n\/wp-json\/wp\/v2\/media\/48382"}],"wp:attachment":[{"href":"https:\/\/www.infokuryr.cz\/n\/wp-json\/wp\/v2\/media?parent=48381"}],"wp:term":[{"taxonomy":"category","embeddable":true,"href":"https:\/\/www.infokuryr.cz\/n\/wp-json\/wp\/v2\/categories?post=48381"},{"taxonomy":"post_tag","embeddable":true,"href":"https:\/\/www.infokuryr.cz\/n\/wp-json\/wp\/v2\/tags?post=48381"}],"curies":[{"name":"wp","href":"https:\/\/api.w.org\/{rel}","templated":true}]}}