{"id":48373,"date":"2024-03-02T00:34:00","date_gmt":"2024-03-01T23:34:00","guid":{"rendered":"https:\/\/www.infokuryr.cz\/n\/?p=48373"},"modified":"2024-03-01T17:59:56","modified_gmt":"2024-03-01T16:59:56","slug":"jeden-pruser-za-druhym-uz-to-leze-ven-kdo-rozpoutal-valku-a-svet-se-probouzi","status":"publish","type":"post","link":"https:\/\/www.infokuryr.cz\/n\/2024\/03\/02\/jeden-pruser-za-druhym-uz-to-leze-ven-kdo-rozpoutal-valku-a-svet-se-probouzi\/","title":{"rendered":"Jeden pr\u016fser za druh\u00fdm: u\u017e to leze ven, kdo rozpoutal v\u00e1lku a sv\u011bt se probouz\u00ed!"},"content":{"rendered":"<div id=\"fb-root\"><\/div>\n<div class=\"introtext\">\n<p><span style=\"font-size: 14pt;\"><strong>Hysterick\u00fd rozkol na Z\u00e1pad\u011b. Scholz prop\u00e1lil, \u017ee voj\u00e1ci NATO u\u017e na Ukrajin\u011b jsou. Z\u00e1padn\u00ed p\u0159edlu\u017een\u00e1 \u017eebrota \u0161\u00edl\u00ed a d\u011bl\u00e1 si z\u00e1lusk na rusk\u00e9 nerostn\u00e9 bohatstv\u00ed. A Scholz to zase napr\u00e1skal. N\u011bmecko je v kle\u0161t\u00edch a my s n\u00edm!<\/strong><\/span><\/p>\n<\/div>\n<div class=\"fulltext\">\n<div class=\"leadBlock_LeadBlock__NE_Uy\">\n<p>Scholz \u0159ekl, \u017ee N\u011bmecko nepo\u0161le Kyjevu rakety Taurus, berl\u00ednskou verzi rakety dlouh\u00e9ho doletu Storm Shadow, a pouk\u00e1zal na riziko, \u017ee se jeho zem\u011b p\u0159\u00edmo zaplete do v\u00e1lky, s odkazem na pomoc Spojen\u00e9ho kr\u00e1lovstv\u00ed a Francie Ukrajin\u011b.<\/p>\n<p>Tobias Martin Ellwood, poslanec britsk\u00e9 Konzervativn\u00ed strany a voj\u00e1k, kter\u00fd je od roku 2005 poslancem parlamentu za obvod Bournemouth East a v letech 2020\u20132023 p\u0159edsedal v\u00fdboru pro obranu, poslal do Berl\u00edna ostr\u00fd vzkaz.<\/p>\n<div class=\"info_box cela_sirka jpalert\">\n<div class=\"explanationContent\">\u201eToto je flagrantn\u00ed zneu\u017eit\u00ed zpravodajsk\u00fdch informac\u00ed z\u00e1m\u011brn\u011b pou\u017eit\u00e9 k odveden\u00ed pozornosti od n\u011bmeck\u00e9 neochoty vyzbrojit Ukrajinu vlastn\u00edm raketov\u00fdm syst\u00e9mem dlouh\u00e9ho doletu,\u201c \u0159ekl. Posl\u00e9ze dodal, \u017ee v\u00fdrok Olafa Scholze rusk\u00e1 strana vyu\u017eije k \u201edal\u0161\u00ed eskalaci nap\u011bt\u00ed\u201c.<\/div>\n<\/div>\n<div><a href=\"https:\/\/stranapro.cz\/\"><img decoding=\"async\" loading=\"lazy\" class=\"alignnone wp-image-40285 aligncenter\" src=\"http:\/\/www.infokuryr.cz\/n\/wp-content\/uploads\/2023\/11\/11pro-300x79.png\" alt=\"\" width=\"722\" height=\"190\" srcset=\"https:\/\/www.infokuryr.cz\/n\/wp-content\/uploads\/2023\/11\/11pro-300x79.png 300w, https:\/\/www.infokuryr.cz\/n\/wp-content\/uploads\/2023\/11\/11pro.png 363w\" sizes=\"(max-width: 722px) 100vw, 722px\" \/><\/a><\/div>\n<p><span style=\"font-size: 18pt;\"><strong>Na jeho slova upozornil\u00a0<a href=\"https:\/\/www.independent.co.uk\/news\/world\/europe\/british-soldiers-in-ukraine-germany-b2504462.html?fbclid=IwAR1kA0ihsX91SRBcW3L3bYSh3DtBTI8K2pUT5Yhb54zVQRHBkNDHCMevY1w\" target=\"_blank\" rel=\"nofollow noopener\">britsk\u00fd server The Independent<\/a>.<\/strong><\/span><\/p>\n<p>Pod tlakem je Scholz i na dom\u00e1c\u00ed sc\u00e9n\u011b. Za to, \u017ee Ukrajin\u011b odm\u00edt\u00e1 dodat to, co opravdu pot\u0159ebuje k\u00a0obran\u011b p\u0159ed ruskou agres\u00ed, kter\u00e1 trv\u00e1 u\u017e dva roky. N\u00e1vrh vypracovan\u00fd vl\u00e1dn\u00edmi stranami nal\u00e9hal na vl\u00e1du, aby pokra\u010dovala ve vojensk\u00e9 podpo\u0159e, a uvedl, \u017ee \u201eto zahrnuje dod\u00e1vku dal\u0161\u00edch nezbytn\u00fdch zbra\u0148ov\u00fdch syst\u00e9m\u016f a munice dlouh\u00e9ho doletu\u201c, kter\u00e9 umo\u017en\u00ed \u00fatoky na \u201estrategicky d\u016fle\u017eit\u00e9 c\u00edle daleko v t\u00fdlu rusk\u00e9ho agresora\u201c.<\/p>\n<p><span style=\"font-size: 14pt;\"><strong>A poslanci CDU\/CU b\u011bsn\u00ed!<\/strong><\/span><\/p>\n<p>\u201eProhl\u00e1\u0161en\u00ed kancl\u00e9\u0159e o \u00fadajn\u00e9m zapojen\u00ed Francie a Brit\u00e1nie do provozu raket dlouh\u00e9ho doletu pou\u017e\u00edvan\u00fdch na Ukrajin\u011b je zcela nezodpov\u011bdn\u00e9,\u201c prohl\u00e1sil b\u00fdval\u00fd ministr \u017eivotn\u00edho prost\u0159ed\u00ed ve vl\u00e1d\u011b Angely Merkelov\u00e9 Norbert R\u00f6ttgen.<\/p>\n<h2><strong>Do toho\u00a0 Rusko pos\u00edl\u00e1 N\u011bmecku dal\u0161\u00ed n\u00f3tu: pravda leze ven!<\/strong><\/h2>\n<p><strong>N\u011bmecko cht\u011blo bombardovat Ker\u010dsk\u00fd most v Rusku?<\/strong><\/p>\n<p class=\"Typography-module_text__cCovH Typography-module_size__16__qVKzv Typography-module_none__sHAr8 Typography-module_primary__wORvV Typography-module_normal__1YTK3\">N\u011bmecko by m\u011blo vysv\u011btlit Rusku kv\u016fli zvuku vojensk\u00e9ho rozhovoru o \u00fatoku na Krymsk\u00fd most. St\u00e1tn\u00ed duma za\u0159ad\u00ed toto t\u00e9ma na program jedn\u00e1n\u00ed, \u0159ekl p\u0159edseda doln\u00ed komory parlamentu Vja\u010deslav Volodin na kan\u00e1lu\u00a0<a class=\"Lexical-module_link__2xfOd\" href=\"https:\/\/t.me\/vv_volodin\/773\" target=\"_blank\" rel=\"noopener noreferrer\">Telegram<\/a>\u00a0.<\/p>\n<p><img decoding=\"async\" loading=\"lazy\" class=\"wp-image-47634 aligncenter\" src=\"http:\/\/www.infokuryr.cz\/n\/wp-content\/uploads\/2024\/02\/Pozvanka_Praha-_23.3.24-300x229.jpg\" alt=\"\" width=\"711\" height=\"543\" srcset=\"https:\/\/www.infokuryr.cz\/n\/wp-content\/uploads\/2024\/02\/Pozvanka_Praha-_23.3.24-300x229.jpg 300w, https:\/\/www.infokuryr.cz\/n\/wp-content\/uploads\/2024\/02\/Pozvanka_Praha-_23.3.24.jpg 595w\" sizes=\"(max-width: 711px) 100vw, 711px\" \/><\/p>\n<\/div>\n<table>\n<tbody>\n<tr>\n<td>Skand\u00e1l kolem n\u011bmeck\u00fdch d\u016fstojn\u00edk\u016f se bude ve St\u00e1tn\u00ed dum\u011b projedn\u00e1vat po 11. b\u0159eznu, kdy se poslanci vr\u00e1t\u00ed z region\u016f. Volodin zd\u016fraznil, \u017ee Rusko za\u0161le do N\u011bmecka \u017e\u00e1dost po\u017eaduj\u00edc\u00ed objasn\u011bn\u00ed situace. \u201eTak\u00e9 si mysl\u00edm, \u017ee je spr\u00e1vn\u00e9 poslat Bundestagu \u017e\u00e1dost, aby provedl vy\u0161et\u0159ov\u00e1n\u00ed. <strong>Skute\u010dnost, \u017ee rozhovor byl nahr\u00e1n, zavazuje n\u011bmeck\u00e9 veden\u00ed k pod\u00e1n\u00ed vysv\u011btlen\u00ed,\u201c poznamenal.<\/strong><\/td>\n<\/tr>\n<\/tbody>\n<\/table>\n<p class=\"Typography-module_text__cCovH Typography-module_size__16__qVKzv Typography-module_none__sHAr8 Typography-module_primary__wORvV Typography-module_normal__1YTK3\">P\u0159edseda St\u00e1tn\u00ed dumy se zeptal, co motivovalo n\u011bmeckou arm\u00e1du, zda budou potrest\u00e1ni a zda n\u011bme\u010dt\u00ed poslanci v\u011bd\u00ed o rozhovoru d\u016fstojn\u00edk\u016f. Volodin se zeptal, zda si n\u011bmeck\u00fd kancl\u00e9\u0159 Olaf Scholz uv\u011bdomil d\u016fsledky \u00fader\u016f na Rusko.<\/p>\n<p class=\"Typography-module_text__cCovH Typography-module_size__16__qVKzv Typography-module_none__sHAr8 Typography-module_primary__wORvV Typography-module_normal__1YTK3\">Existenci nahr\u00e1vky, na kter\u00e9\u00a0<a class=\"Lexical-module_link__2xfOd\" href=\"https:\/\/360tv.ru\/news\/mir\/simonjan-uznala-ob-obsuzhdenii-ofitserami-bundesvera-udarov-po-krymskomu-mostu\/\" target=\"_blank\" rel=\"noopener noreferrer\">n\u011bme\u010dt\u00ed d\u016fstojn\u00edci<\/a>\u00a0diskutovali o \u00fatoc\u00edch na krymsk\u00e9m most\u011b, informovala Margarita Simonyanov\u00e1. Z\u00e1stupkyn\u011b rusk\u00e9ho ministerstva zahrani\u010d\u00ed Maria Zacharovov\u00e1 vyzvala\u00a0<a class=\"Lexical-module_link__2xfOd\" href=\"https:\/\/360tv.ru\/news\/mir\/povod-dokazat-svoju-nezavisimost-zaharova-obratilas-k-nemetskim-smi\/\" target=\"_blank\" rel=\"noopener noreferrer\">n\u011bmeck\u00e9 \u00fa\u0159ady,<\/a>\u00a0aby se k tomu, co se stalo, vyj\u00e1d\u0159ily.<\/p>\n<p><strong>Od roku 2014 z\u00e1pad napaden\u00ed Ruska tajil. Zat\u00edmco jednali, jak Rusko rozporcovat, ob\u010dan\u016fm Evropy a USA hl\u00e1sal Pentagon a NATO, \u017ee to Rusko ohro\u017euje z\u00e1pad. Dokonce Fiala vyhro\u017eoval ka\u017ed\u00e9mu, kdo psal pravdu. Nyn\u00ed v\u0161e leze ven a naivn\u00ed ovce nesta\u010d\u00ed z\u00edrat, co se s nimi v\u010detn\u011b fajzru prov\u00e1d\u011blo. A to je teprve za\u010d\u00e1tek.<\/strong><\/p>\n<p><a href=\"https:\/\/www.skrytapravda.cz\/ze-zahranici\/1762-jeden-pruser-za-druhym-uz-to-leze-ven-kdo-rozpoutal-valku-a-svet-se-probouzi\">Petr Pokorn\u00fd<\/a><\/p>\n<p>&nbsp;<\/p>\n<\/div>\n","protected":false},"excerpt":{"rendered":"<p>Hysterick\u00fd rozkol na Z\u00e1pad\u011b. Scholz prop\u00e1lil, \u017ee voj\u00e1ci NATO u\u017e na Ukrajin\u011b jsou. Z\u00e1padn\u00ed p\u0159edlu\u017een\u00e1&#8230;<\/p>\n","protected":false},"author":2,"featured_media":48374,"comment_status":"closed","ping_status":"closed","sticky":false,"template":"","format":"standard","meta":[],"categories":[6],"tags":[29,6882,429,35,22,40],"_links":{"self":[{"href":"https:\/\/www.infokuryr.cz\/n\/wp-json\/wp\/v2\/posts\/48373"}],"collection":[{"href":"https:\/\/www.infokuryr.cz\/n\/wp-json\/wp\/v2\/posts"}],"about":[{"href":"https:\/\/www.infokuryr.cz\/n\/wp-json\/wp\/v2\/types\/post"}],"author":[{"embeddable":true,"href":"https:\/\/www.infokuryr.cz\/n\/wp-json\/wp\/v2\/users\/2"}],"replies":[{"embeddable":true,"href":"https:\/\/www.infokuryr.cz\/n\/wp-json\/wp\/v2\/comments?post=48373"}],"version-history":[{"count":1,"href":"https:\/\/www.infokuryr.cz\/n\/wp-json\/wp\/v2\/posts\/48373\/revisions"}],"predecessor-version":[{"id":48375,"href":"https:\/\/www.infokuryr.cz\/n\/wp-json\/wp\/v2\/posts\/48373\/revisions\/48375"}],"wp:featuredmedia":[{"embeddable":true,"href":"https:\/\/www.infokuryr.cz\/n\/wp-json\/wp\/v2\/media\/48374"}],"wp:attachment":[{"href":"https:\/\/www.infokuryr.cz\/n\/wp-json\/wp\/v2\/media?parent=48373"}],"wp:term":[{"taxonomy":"category","embeddable":true,"href":"https:\/\/www.infokuryr.cz\/n\/wp-json\/wp\/v2\/categories?post=48373"},{"taxonomy":"post_tag","embeddable":true,"href":"https:\/\/www.infokuryr.cz\/n\/wp-json\/wp\/v2\/tags?post=48373"}],"curies":[{"name":"wp","href":"https:\/\/api.w.org\/{rel}","templated":true}]}}