{"id":48369,"date":"2024-03-02T00:51:40","date_gmt":"2024-03-01T23:51:40","guid":{"rendered":"https:\/\/www.infokuryr.cz\/n\/?p=48369"},"modified":"2024-03-02T05:31:47","modified_gmt":"2024-03-02T04:31:47","slug":"nevidany-nemecky-skandal-nemci-naplanovali-utok-na-krymsky-most","status":"publish","type":"post","link":"https:\/\/www.infokuryr.cz\/n\/2024\/03\/02\/nevidany-nemecky-skandal-nemci-naplanovali-utok-na-krymsky-most\/","title":{"rendered":"Nev\u00eddan\u00fd n\u011bmeck\u00fd skand\u00e1l! N\u011bmci napl\u00e1novali \u00fatok na Krymsk\u00fd most"},"content":{"rendered":"<div id=\"fb-root\"><\/div>\n<p><span style=\"font-size: 18pt;\"><strong>Text v ru\u0161tin\u011b zve\u0159ejnila \u0161\u00e9fredaktorka RT Margarita Simonyanov\u00e1 n\u011bkolik hodin pot\u00e9, co ohl\u00e1sila p\u0159\u00edjem nahr\u00e1vky<\/strong><\/span><\/p>\n<p>\u00dapln\u00e9 zn\u011bn\u00ed toho, co je pova\u017eov\u00e1no za diskusi vysok\u00fdch n\u011bmeck\u00fdch vojensk\u00fdch d\u016fstojn\u00edk\u016f o tom, jak za\u00fato\u010dit na Krymsk\u00fd most v Rusku, zve\u0159ejnila v p\u00e1tek \u0161\u00e9fredaktorka RT Margarita Simonyanov\u00e1.\u00a0Ozn\u00e1mila, \u017ee ru\u0161t\u00ed bezpe\u010dnostn\u00ed \u00fa\u0159edn\u00edci zve\u0159ejnili z\u00e1znam o n\u011bkolik hodin d\u0159\u00edve a zav\u00e1zala se, \u017ee brzy zve\u0159ejn\u00ed p\u016fvodn\u00ed zvuk.<\/p>\n<p>Simonyan identifikoval d\u016fstojn\u00edky jako gener\u00e1la Ingo Gerhartze, velitele n\u011bmeck\u00e9ho letectva a vedouc\u00edch p\u0159edstavitel\u016f odpov\u011bdn\u00fdch za pl\u00e1nov\u00e1n\u00ed mise.\u00a0\u00dadajn\u00fd rozhovor se podle zdroje \u00faniku odehr\u00e1l 19. \u00fanora.<\/p>\n<p>P\u0159epis odhaluje, \u017ee \u00fa\u0159edn\u00edci diskutovali o \u00fa\u010dinnosti francouzsko-britsk\u00e9 \u0159\u00edzen\u00e9 st\u0159ely zvan\u00e9 Storm Shadow ve Velk\u00e9 Brit\u00e1nii a SCALP ve Francii.\u00a0Oba n\u00e1rody darovaly \u010d\u00e1st sv\u00fdch z\u00e1sob Ukrajin\u011b.<\/p>\n<p>Kyjev vyzval N\u011bmecko, aby poskytlo n\u011bkter\u00e9 ze sv\u00fdch raket Taurus.\u00a0D\u016fstojn\u00edci na unikl\u00e9 nahr\u00e1vce debatuj\u00ed o tom, zda zbra\u0148ov\u00fd syst\u00e9m byl dostate\u010dn\u00fd pro z\u00e1sah na Krymsk\u00fd most v Rusku, kter\u00fd spojuje v\u00fdchodn\u00ed Krym s Krasnodarsk\u00fdm krajem p\u0159es Ker\u010dsk\u00fd pr\u016fliv.<\/p>\n<p>Podle p\u0159episu d\u016fstojn\u00edci diskutovali o tom, jak by \u00fasp\u011b\u0161n\u00fd \u00fatok na kl\u00ed\u010dovou \u010d\u00e1st rusk\u00e9 infrastruktury vy\u017eadoval dal\u0161\u00ed satelitn\u00ed data, p\u0159\u00edpadn\u00e9 rozm\u00edst\u011bn\u00ed raket z francouzsk\u00fdch st\u00edha\u010dek Dassault Rafale a minim\u00e1ln\u011b m\u011bs\u00edc p\u0159\u00edprav.<\/p>\n<p>Jeden \u00fa\u010dastn\u00edk poznamenal, \u017ee kv\u016fli velikosti mostu, kter\u00fd je nejdel\u0161\u00ed v Evrop\u011b, nemus\u00ed ani 20 st\u0159el sta\u010dit k tomu, aby zp\u016fsobily zna\u010dn\u00e9 \u0161kody.\u00a0V tomto ohledu je srovnateln\u00e1 s ranvej\u00ed, poznamenal.<\/p>\n<p>&#8220;\u00a0<em>Cht\u011bj\u00ed zni\u010dit most&#8230; proto\u017ee m\u00e1 nejen vojenskou strategickou d\u016fle\u017eitost, ale tak\u00e9 politick\u00fd v\u00fdznam,<\/em>\u00a0&#8220; \u0159ekl Gerhartz, o\u010dividn\u011b s odkazem na \u00fa\u0159edn\u00edky v Kyjev\u011b.\u00a0<em>&#8222;Bylo by znepokojiv\u00e9, kdybychom m\u011bli p\u0159\u00edm\u00e9 spojen\u00ed s ukrajinsk\u00fdmi ozbrojen\u00fdmi silami.&#8220;<\/em><\/p>\n<p>D\u016fstojn\u00edci d\u00e1le diskutovali o tom, jak bl\u00edzko by n\u011bmeck\u00e1 arm\u00e1da m\u011bla pracovat na navrhovan\u00e9 operaci, aby nep\u0159ekro\u010dila \u201e\u010dervenou linii\u201c p\u0159\u00edm\u00e9ho zapojen\u00ed.\u00a0Tajn\u00fd v\u00fdcvik Ukrajinc\u016f v pou\u017e\u00edv\u00e1n\u00ed n\u011bmeck\u00fdch zbran\u00ed a pomoc p\u0159i pl\u00e1nov\u00e1n\u00ed operace byly pova\u017eov\u00e1ny za p\u0159ijateln\u00e9.\u00a0Objevily se tak\u00e9 obavy z toho, \u017ee se o takov\u00e9 spolupr\u00e1ci dozv\u00ed tisk, prozrazuje p\u0159epis.<\/p>\n<p>Vysoc\u00ed p\u0159edstavitel\u00e9 v Berl\u00edn\u011b opakovan\u011b ve\u0159ejn\u00e1 prohl\u00e1\u0161en\u00ed vysv\u011btlovali sv\u00e9 v\u00fdhrady k vysl\u00e1n\u00ed raket Taurus na Ukrajinu.\u00a0Kancl\u00e9\u0159 Olaf Scholz tento t\u00fdden\u00a0<a href=\"https:\/\/swentr.site\/news\/593358-german-scholz-criticized-uk-ukraine-presence\/\" target=\"_blank\" rel=\"noopener noreferrer\">\u0159ekl<\/a>\u00a0, \u017ee n\u011bmeck\u00e1 arm\u00e1da nem\u016f\u017ee ud\u011blat pro Ukrajinu to, co\u00a0<em>\u201eud\u011blali Britov\u00e9 a Francouzi, pokud jde o kontrolu c\u00edle a pomoc p\u0159i kontrole c\u00edl\u016f\u201c.\u00a0<\/em>Tato pozn\u00e1mka byla pok\u00e1r\u00e1na Lond\u00fdnem a Pa\u0159\u00ed\u017e\u00ed, proto\u017ee \u00fadajn\u011b odv\u00e1d\u011bla pozornost ve\u0159ejnosti od n\u011bmeck\u00e9 neochoty darovat zbran\u011b Kyjevu.<\/p>\n<p>Podle zve\u0159ejn\u011bn\u00e9ho textu se velk\u00e1 \u010d\u00e1st rozhovoru t\u00fdkala praktick\u00fdch aspekt\u016f p\u0159\u00edpravy kyjevsk\u00fdch sil na rozm\u00edst\u011bn\u00ed raket Taurus, od v\u00fdcviku vojensk\u00e9ho person\u00e1lu, p\u0159es p\u0159izp\u016fsoben\u00ed pevn\u00fdch bod\u016f ukrajinsk\u00fdch vojensk\u00fdch trysk\u00e1\u010d\u016f pro berl\u00ednsk\u00e9 zbran\u011b a\u017e po poskytov\u00e1n\u00ed technick\u00e9 podpory na d\u00e1lku prost\u0159ednictv\u00edm trezoru. odkaz.\u00a0<em>D\u016fstojn\u00edci se ob\u00e1vali, \u017ee urychlen\u00ed navrhovan\u00e9ho p\u0159ed\u00e1n\u00ed m\u016f\u017ee m\u00edt za n\u00e1sledek \u201eznovu\u201c<\/em>\u00a0zabit\u00ed civilist\u016f\u00a0p\u0159i ne\u0161t\u011bst\u00ed se zbran\u011bmi.<\/p>\n<p>P\u0159i posuzov\u00e1n\u00ed\u00a0zpravodajsk\u00fdch informac\u00ed nezbytn\u00fdch pro zac\u00edlen\u00ed raket Gerhartz \u00fadajn\u011b uva\u017eoval, \u017ee pro poskytnut\u00ed takov\u00fdch informac\u00ed je v Kyjev\u011b\u00a0<a href=\"https:\/\/swentr.site\/news\/593155-cia-spy-network-ukraine-russia\/\" target=\"_blank\" rel=\"noopener noreferrer\">spousta\u00a0<\/a><em>\u201elid\u00ed v civilu s americk\u00fdm p\u0159\u00edzvukem\u201c<\/em>\u00a0, kte\u0159\u00ed by N\u011bmce kryli.<\/p>\n<p><img decoding=\"async\" loading=\"lazy\" class=\"alignnone size-full wp-image-1185\" src=\"http:\/\/www.infokuryr.cz\/n\/wp-content\/uploads\/2021\/04\/kuryr-podpis.png\" alt=\"\" width=\"84\" height=\"24\" \/><\/p>\n<p>&nbsp;<\/p>\n","protected":false},"excerpt":{"rendered":"<p>Text v ru\u0161tin\u011b zve\u0159ejnila \u0161\u00e9fredaktorka RT Margarita Simonyanov\u00e1 n\u011bkolik hodin pot\u00e9, co ohl\u00e1sila p\u0159\u00edjem nahr\u00e1vky&#8230;<\/p>\n","protected":false},"author":2,"featured_media":28707,"comment_status":"closed","ping_status":"closed","sticky":false,"template":"","format":"standard","meta":[],"categories":[7],"tags":[3147,429,723],"_links":{"self":[{"href":"https:\/\/www.infokuryr.cz\/n\/wp-json\/wp\/v2\/posts\/48369"}],"collection":[{"href":"https:\/\/www.infokuryr.cz\/n\/wp-json\/wp\/v2\/posts"}],"about":[{"href":"https:\/\/www.infokuryr.cz\/n\/wp-json\/wp\/v2\/types\/post"}],"author":[{"embeddable":true,"href":"https:\/\/www.infokuryr.cz\/n\/wp-json\/wp\/v2\/users\/2"}],"replies":[{"embeddable":true,"href":"https:\/\/www.infokuryr.cz\/n\/wp-json\/wp\/v2\/comments?post=48369"}],"version-history":[{"count":0,"href":"https:\/\/www.infokuryr.cz\/n\/wp-json\/wp\/v2\/posts\/48369\/revisions"}],"wp:featuredmedia":[{"embeddable":true,"href":"https:\/\/www.infokuryr.cz\/n\/wp-json\/wp\/v2\/media\/28707"}],"wp:attachment":[{"href":"https:\/\/www.infokuryr.cz\/n\/wp-json\/wp\/v2\/media?parent=48369"}],"wp:term":[{"taxonomy":"category","embeddable":true,"href":"https:\/\/www.infokuryr.cz\/n\/wp-json\/wp\/v2\/categories?post=48369"},{"taxonomy":"post_tag","embeddable":true,"href":"https:\/\/www.infokuryr.cz\/n\/wp-json\/wp\/v2\/tags?post=48369"}],"curies":[{"name":"wp","href":"https:\/\/api.w.org\/{rel}","templated":true}]}}