{"id":48346,"date":"2024-03-02T00:41:33","date_gmt":"2024-03-01T23:41:33","guid":{"rendered":"https:\/\/www.infokuryr.cz\/n\/?p=48346"},"modified":"2024-03-01T17:02:51","modified_gmt":"2024-03-01T16:02:51","slug":"ruske-nalety-zasahly-vycvikove-tabory-ozbrojencu-v-severni-syrii","status":"publish","type":"post","link":"https:\/\/www.infokuryr.cz\/n\/2024\/03\/02\/ruske-nalety-zasahly-vycvikove-tabory-ozbrojencu-v-severni-syrii\/","title":{"rendered":"Rusk\u00e9 n\u00e1lety zas\u00e1hly v\u00fdcvikov\u00e9 t\u00e1bory ozbrojenc\u016f v severn\u00ed S\u00fdrii"},"content":{"rendered":"<div id=\"fb-root\"><\/div>\n<p><strong><span>29. \u00fanora zas\u00e1hly dv\u011b vlny rusk\u00fdch n\u00e1let\u016f v\u00fdcvikov\u00e9 t\u00e1bory a dal\u0161\u00ed pozice Hay&#8217;at Tahrir al-Sham (HTS) napojen\u00e9ho na al-K\u00e1idu a jednoho z jej\u00edch nejbli\u017e\u0161\u00edch spojenc\u016f v severn\u00ed S\u00fdrii.<\/span><\/strong><\/p>\n<p><span>Prvn\u00ed vlna n\u00e1let\u016f r\u00e1no zas\u00e1hla z\u00e1padn\u00ed okraj m\u011bsta Idlib, srdce takzvan\u00e9 oblasti Greater Idlib, kterou p\u0159\u00edmo ovl\u00e1d\u00e1 HTS.<\/span><\/p>\n<p><span>Syrsk\u00e1 opozi\u010dn\u00ed m\u00e9dia tvrdila, \u017ee n\u00e1lety byly zam\u011b\u0159eny na n\u00e1bytk\u00e1\u0159skou d\u00edlnu.\u00a0Videoz\u00e1znamy zve\u0159ejn\u011bn\u00e9 pozd\u011bji provl\u00e1dn\u00edmi m\u00e9dii v\u0161ak potvrdily, \u017ee c\u00edlem byl v\u00fdcvikov\u00fd t\u00e1bor, kde byli shrom\u00e1\u017ed\u011bni ozbrojenci teroristick\u00e9 skupiny.\u00a0V d\u016fsledku n\u00e1let\u016f byl zabit jeden ozbrojenec a nejm\u00e9n\u011b \u010dty\u0159i dal\u0161\u00ed byli zran\u011bni.<\/span><\/p>\n<p><iframe loading=\"lazy\" src=\"https:\/\/s2.cdnstatic.space\/wp-content\/uploads\/2024\/03\/twitsave.com_g4jjFfHprvGPvHw5.mp4\" width=\"600\" height=\"338\" data-mce-fragment=\"1\"><\/iframe><\/p>\n<p><iframe loading=\"lazy\" src=\"https:\/\/s2.cdnstatic.space\/wp-content\/uploads\/2024\/03\/twitsave.com_oVldxZ8kaG99Q7Dj.mp4\" width=\"600\" height=\"338\" data-mce-fragment=\"1\"><\/iframe><\/p>\n<p><span>Pozd\u011bji odpoledne zam\u00ed\u0159ila dal\u0161\u00ed vlna n\u00e1let\u016f na v\u00fdcvikov\u00fd t\u00e1bor a dal\u0161\u00ed pozice takzvan\u00e9ho v\u00fdchodn\u00edho sektoru, zlot\u0159il\u00e9 formace Hnut\u00ed Ahrar al-Sham, kter\u00e9 je \u00fazce spojeno s HTS, na okraji m\u011bsta al- Bab stejn\u011b jako v nedalek\u00fdch m\u011bstech D\u017eabal al-Dayr a Qabasin v turecky okupovan\u00e9 \u010d\u00e1sti severn\u00edho Aleppa.<\/span><\/p>\n<p><span>P\u0159esn\u00e9 n\u00e1lety si vy\u017e\u00e1daly \u017eivot poln\u00edho velitele v\u00fdchodn\u00edho sektoru a zranily nejm\u00e9n\u011b \u010dty\u0159i dal\u0161\u00ed militanty.<\/span><\/p>\n<p><iframe loading=\"lazy\" src=\"https:\/\/s2.cdnstatic.space\/wp-content\/uploads\/2024\/03\/twitsave.com_jMb2-iAhdKlboiFt.mp4\" width=\"600\" height=\"338\" data-mce-fragment=\"1\"><\/iframe><\/p>\n<p><span>Rusk\u00e9 vzdu\u0161n\u00e9 s\u00edly pravideln\u011b c\u00edl\u00ed na pozice HTS v Greater Idlib, ale jen z\u0159\u00eddka zahajuj\u00ed n\u00e1lety na oblasti v severn\u00ed S\u00fdrii okupovan\u00e9 Tureckem.\u00a0Bylo to letos poprv\u00e9, kdy oba regiony zas\u00e1hly rusk\u00e9 n\u00e1lety.<\/span><\/p>\n<p><span>Posledn\u00ed n\u00e1lety p\u0159i\u0161ly v dob\u011b, kdy HTS \u010del\u00ed povst\u00e1n\u00ed v Greater Idlib kv\u016fli s\u00e9rii zneu\u017e\u00edv\u00e1n\u00ed a zlo\u010din\u016f ze strany jej\u00edch bezpe\u010dnostn\u00edch sil.\u00a0Turecko tak\u00e9 vyv\u00edj\u00ed n\u00e1tlak na teroristickou skupinu, aby st\u00e1hla sv\u00e9 spojence, jmenovit\u011b v\u00fdchodn\u00ed sektor, z turecky okupovan\u00fdch oblast\u00ed na venkov\u011b severn\u00edho Aleppa.<\/span><\/p>\n<p><span>Stoj\u00ed za zm\u00ednku, \u017ee HTS a jej\u00ed spojenci v posledn\u00edch m\u011bs\u00edc\u00edch zintenzivnili \u00fatoky z Velk\u00e9ho Idlibu na nedalek\u00e9 vl\u00e1dou ovl\u00e1dan\u00e9 oblasti v rozporu s dohodou o p\u0159\u00edm\u011b\u0159\u00ed zprost\u0159edkovanou Ruskem a Tureckem p\u0159ed v\u00edce ne\u017e t\u0159emi lety.<\/span><\/p>\n<p><span>Turecko udr\u017euje velkou vojenskou p\u0159\u00edtomnost v Greater Idlib, \u00fadajn\u011b proto, aby prosadilo dohodu o p\u0159\u00edm\u011b\u0159\u00ed.\u00a0Pro dosa\u017een\u00ed tohoto c\u00edle v\u0161ak zat\u00edm nic neud\u011blala.<\/span><\/p>\n<p><img decoding=\"async\" loading=\"lazy\" class=\"alignnone size-full wp-image-1185\" src=\"http:\/\/www.infokuryr.cz\/n\/wp-content\/uploads\/2021\/04\/kuryr-podpis.png\" alt=\"\" width=\"84\" height=\"24\" \/><\/p>\n<p>&nbsp;<\/p>\n","protected":false},"excerpt":{"rendered":"<p>29. \u00fanora zas\u00e1hly dv\u011b vlny rusk\u00fdch n\u00e1let\u016f v\u00fdcvikov\u00e9 t\u00e1bory a dal\u0161\u00ed pozice Hay&#8217;at Tahrir al-Sham&#8230;<\/p>\n","protected":false},"author":2,"featured_media":48347,"comment_status":"closed","ping_status":"closed","sticky":false,"template":"","format":"standard","meta":[],"categories":[7],"tags":[3535,805,147],"_links":{"self":[{"href":"https:\/\/www.infokuryr.cz\/n\/wp-json\/wp\/v2\/posts\/48346"}],"collection":[{"href":"https:\/\/www.infokuryr.cz\/n\/wp-json\/wp\/v2\/posts"}],"about":[{"href":"https:\/\/www.infokuryr.cz\/n\/wp-json\/wp\/v2\/types\/post"}],"author":[{"embeddable":true,"href":"https:\/\/www.infokuryr.cz\/n\/wp-json\/wp\/v2\/users\/2"}],"replies":[{"embeddable":true,"href":"https:\/\/www.infokuryr.cz\/n\/wp-json\/wp\/v2\/comments?post=48346"}],"version-history":[{"count":0,"href":"https:\/\/www.infokuryr.cz\/n\/wp-json\/wp\/v2\/posts\/48346\/revisions"}],"wp:featuredmedia":[{"embeddable":true,"href":"https:\/\/www.infokuryr.cz\/n\/wp-json\/wp\/v2\/media\/48347"}],"wp:attachment":[{"href":"https:\/\/www.infokuryr.cz\/n\/wp-json\/wp\/v2\/media?parent=48346"}],"wp:term":[{"taxonomy":"category","embeddable":true,"href":"https:\/\/www.infokuryr.cz\/n\/wp-json\/wp\/v2\/categories?post=48346"},{"taxonomy":"post_tag","embeddable":true,"href":"https:\/\/www.infokuryr.cz\/n\/wp-json\/wp\/v2\/tags?post=48346"}],"curies":[{"name":"wp","href":"https:\/\/api.w.org\/{rel}","templated":true}]}}