{"id":48336,"date":"2024-03-02T00:37:15","date_gmt":"2024-03-01T23:37:15","guid":{"rendered":"https:\/\/www.infokuryr.cz\/n\/?p=48336"},"modified":"2024-03-01T16:26:41","modified_gmt":"2024-03-01T15:26:41","slug":"exkluzivne-zena-zijici-pobliz-mobilni-veze-s-diagnozou-51-mrtvic","status":"publish","type":"post","link":"https:\/\/www.infokuryr.cz\/n\/2024\/03\/02\/exkluzivne-zena-zijici-pobliz-mobilni-veze-s-diagnozou-51-mrtvic\/","title":{"rendered":"Exkluzivn\u011b: \u017dena \u017eij\u00edc\u00ed pobl\u00ed\u017e mobiln\u00ed v\u011b\u017ee s diagn\u00f3zou 51 mrtvic"},"content":{"rendered":"<div id=\"fb-root\"><\/div>\n<div class=\"elementor-element elementor-element-1fb4c2c elementor-widget elementor-widget-theme-post-content\" data-id=\"1fb4c2c\" data-element_type=\"widget\" data-widget_type=\"theme-post-content.default\">\n<div class=\"elementor-widget-container\">\n<p><strong><em>V rozhovoru pro The Defender Marcia Haller popsala, jak se jej\u00ed \u017eivot dramaticky zm\u011bnil, kdy\u017e byla \u201eupgradov\u00e1na\u201c mobiln\u00ed v\u011b\u017e 900 stop od jej\u00edho domova.\u00a0Haller ozn\u00e1mila telekomunika\u010dn\u00edm spole\u010dnostem, kter\u00e9 provozuj\u00ed v\u011b\u017e, \u017ee hodl\u00e1 \u017ealovat podle z\u00e1kona o Ameri\u010danech s posti\u017een\u00edm.<\/em><\/strong><\/p>\n<p>V roce 2007 si Marcia a Jason Hallerovi \u2013 st\u0159edo\u0161kol\u00e1ci, kte\u0159\u00ed se potkali v Duluth v Minnesot\u011b \u2013 koupili vysn\u011bnou nemovitost severn\u011b od Duluthu, aby \u017eili v klidu a pohod\u011b, v bl\u00edzkosti p\u0159\u00edrody a Marciiny rodiny.<\/p>\n<p>Netu\u0161ili, \u017ee American Towers, AT&amp;T a T-Mobile postav\u00ed mobiln\u00ed v\u011b\u017e jen 900 stop od jejich domova \u2013 v\u011b\u017e, kter\u00e1 pozd\u011bji nav\u017edy zm\u011bn\u00ed Marciin \u017eivot, jak ho znala.<\/p>\n<p>T\u00e9m\u011b\u0159 okam\u017eit\u011b po \u201eupgradu\u201c mobiln\u00ed v\u011b\u017ee v roce 2019 byla Marcia brzd\u011bna intenzivn\u00edm radiofrekven\u010dn\u00edm z\u00e1\u0159en\u00edm vych\u00e1zej\u00edc\u00edm z v\u011b\u017ee.<\/p>\n<p>Od t\u00e9 doby prod\u011blala 51 mozkov\u00fdch p\u0159\u00edhod, ztr\u00e1tu zraku a sluchu, bolesti hlavy, probl\u00e9my se sp\u00e1nkem, chronickou \u00fanavu a kognitivn\u00ed poruchy.\u00a0Nad\u00e1le m\u00e1 probl\u00e9my s rovnov\u00e1hou, orientac\u00ed a pohyblivost\u00ed.<\/p>\n<p>S podporou pr\u00e1vn\u00edho t\u00fdmu elektromagnetick\u00e9ho z\u00e1\u0159en\u00ed (EMR) a bezdr\u00e1tov\u00e9ho programu Children&#8217;s Health Defense (CHD) pl\u00e1nuje Marcia \u017ealovat spole\u010dnosti, kter\u00e9 provozuj\u00ed v\u011b\u017e, podle z\u00e1kona o Ameri\u010danech s posti\u017een\u00edm.<\/p>\n<p>Marcia tvrd\u00ed, \u017ee spole\u010dnosti j\u00ed mus\u00ed poskytnout \u201ep\u0159im\u011b\u0159en\u00e9 \u00fapravy\u201c a\/nebo \u201ezm\u011bnit sv\u00e9 z\u00e1sady, praktiky nebo postupy\u201c, aby vyhov\u011bly feder\u00e1ln\u00edm z\u00e1kon\u016fm o zdravotn\u00edm posti\u017een\u00ed.<\/p>\n<p>Jde o druh\u00fd p\u0159\u00edpad ze strategick\u00e9 s\u00e9rie CHD, kter\u00e1 testuje nov\u00e9 pr\u00e1vn\u00ed mo\u017enosti pro osoby vystaven\u00e9 radiaci.<\/p>\n<p>P\u0159\u00edpady tak\u00e9 upozor\u0148uj\u00ed na pot\u0159ebu lep\u0161\u00ed feder\u00e1ln\u00ed regulace RF z\u00e1\u0159en\u00ed a nasti\u0148uj\u00ed v\u011bdeck\u00e9 d\u016fkazy, kter\u00e9 vyvracej\u00ed p\u0159\u00edb\u011bh \u201eRF z\u00e1\u0159en\u00ed je bezpe\u010dn\u00e9\u201c.<\/p>\n<p>W. Scott McCollough, hlavn\u00ed pr\u00e1vn\u00ed z\u00e1stupce t\u011bchto p\u0159\u00edpad\u016f, \u0159ekl The Defender, \u017ee Marciin pr\u00e1vn\u00ed t\u00fdm zaslal v lednu telekomunika\u010dn\u00edm spole\u010dnostem \u017e\u00e1dost a pl\u00e1nuje podat prvn\u00ed \u017ealobu koncem tohoto m\u011bs\u00edce.<\/p>\n<p>Marcia a Jay \u2013 kte\u0159\u00ed maj\u00ed tak\u00e9 18let\u00e9ho syna, jeho\u017e zdrav\u00ed podle nich ohrozilo z\u00e1\u0159en\u00ed z mobiln\u00ed v\u011b\u017ee \u2013 hovo\u0159ili s The Defender o Marciin\u011b nemoci a d\u016fle\u017eitosti jejich pr\u00e1vn\u00ed bitvy s c\u00edlem zv\u00fd\u0161it pov\u011bdom\u00ed o \u0161kodlivosti radiofrekven\u010dn\u00edho z\u00e1\u0159en\u00ed. m\u016f\u017ee zp\u016fsobit zdrav\u00ed m\u016f\u017ee po\u0161kodit lidi.<\/p>\n<p class=\"has-medium-font-size\"><span style=\"font-size: 18pt;\"><strong>&#8218;N\u011bco je v m\u00e9 hlav\u011b \u0161patn\u011b&#8216;<\/strong><\/span><\/p>\n<p>Koncem z\u00e1\u0159\u00ed 2019 si Marcia a Jay v\u0161imli, \u017ee d\u011bln\u00edci prov\u00e1d\u011bj\u00ed \u201evelkou modernizaci\u201c 300 stop vysok\u00e9 cely na sousedn\u00edm pozemku.<\/p>\n<p>Marcia, kter\u00e1 byla v t\u00e9 dob\u011b ve t\u0159et\u00edm ro\u010dn\u00edku zdravotnick\u00e9 \u0161koly a pracovala jako o\u0161et\u0159ovatelka v nemocnici, uvedla, \u017ee pr\u00e1ce trvala asi 10 dn\u00ed.<\/p>\n<p>&#8222;Postavili velk\u00fd je\u0159\u00e1b,&#8220; \u0159ekl Jay, kter\u00fd provozuje p\u0159epravn\u00ed spole\u010dnost.\u00a0&#8222;N\u011bkolikr\u00e1t jsme je vid\u011bli, jak tam jeli bez je\u0159\u00e1bu, ale tohle bylo poprv\u00e9, kdy to byla gener\u00e1ln\u00ed oprava.&#8220;<\/p>\n<p>Co p\u0159esn\u011b d\u011bln\u00edci d\u011blali?<\/p>\n<p>&#8222;M\u00e1me podez\u0159en\u00ed, \u017ee upgradovali v\u011b\u017e tak, aby pou\u017e\u00edvala 5G,&#8220; \u0159ekla Marcia.\u00a0&#8222;Oni [spole\u010dnosti] necht\u011bj\u00ed p\u0159iznat, co ud\u011blali.\u00a0\u0158\u00edkaj\u00ed, \u017ee n\u00e1m to nemus\u00ed \u0159\u00edkat.&#8220;<\/p>\n<p>V\u00edkend pot\u00e9, co d\u011bln\u00edci dokon\u010dili modernizaci, byla Marcia doma, to\u010dila se j\u00ed hlava a jako by n\u011bco nebylo v po\u0159\u00e1dku.&#8220;<\/p>\n<p>Zavolala Jayovi a \u0159ekla mu: \u201eN\u011bco je v m\u00e9 hlav\u011b \u0161patn\u011b&#8230; Nev\u00edm, jak to vysv\u011btlit.\u00a0P\u0159ipad\u00e1m si jako bl\u00e1zen.&#8220;<\/p>\n<p>Pot\u0159ebovala, aby se dostal dom\u016f?\u00a0Ne, \u0159ekla mu.\u00a0&#8222;Vych\u00e1z\u00edm.&#8220;<\/p>\n<p>Fyzick\u00fd pocit byl \u201estra\u0161n\u00fd,\u201c \u0159ekla Marcia.\u00a0Krom\u011b z\u00e1vrat\u00ed m\u011bla bolesti hlavy a nevolnost.\u00a0\u201eNemohl jsem zvednout hlavu z pol\u0161t\u00e1\u0159e, ani\u017e by se m\u00edstnost neto\u010dila, a ud\u011blalo se mi velmi \u0161patn\u011b.<\/p>\n<p class=\"has-medium-font-size\"><span style=\"font-size: 18pt;\"><strong>&#8222;Mysl\u00edme si, \u017ee m\u00e1\u0161 mrtvici.&#8220;<\/strong><\/span><\/p>\n<p>P\u0159\u00edznaky p\u0159etrv\u00e1valy.\u00a0V pond\u011bl\u00ed \u0161la na pohotovost a byla j\u00ed diagnostikov\u00e1na z\u00e1vra\u0165.<\/p>\n<p>Vr\u00e1tila se dom\u016f.\u00a0O n\u011bkolik dn\u00ed pozd\u011bji zaznamenala slep\u00e1 m\u00edsta ve vid\u011bn\u00ed a pocit brn\u011bn\u00ed v ruce, kter\u00fd byl \u201et\u00e9m\u011b\u0159 jako necitlivost\u201c.<\/p>\n<p>Marcia zavolala sestru na pohotovost.\u00a0Tam j\u00ed \u0159ekli: \u201eMus\u00edte p\u0159ij\u00edt na pohotovost.\u00a0Mysl\u00edme si, \u017ee m\u00e1\u0161 mrtvici.&#8220;<\/p>\n<p>MRI sken mozku Marcii uk\u00e1zal \u010detn\u00e9 oblasti po\u0161kozen\u00ed, naz\u00fdvan\u00e9 l\u00e9ze.\u00a0Do nemocnice byla p\u0159ijata 10. \u0159\u00edjna 2019 a byla j\u00ed diagnostikov\u00e1na mrtvice, probl\u00e9my se zrakem a probl\u00e9my s rovnov\u00e1hou.<\/p>\n<p>Po t\u0159ech dnech v nemocnici mrtvice ustaly, co\u017e znamen\u00e1, \u017ee sn\u00edmky z magnetick\u00e9 rezonance jej\u00edho mozku ji\u017e neukazovaly \u017e\u00e1dn\u00e9 l\u00e9ze a Marcia se mohla vr\u00e1tit dom\u016f.<\/p>\n<p>Ale p\u0159ed koncem m\u011bs\u00edce za\u010dala Marcia \u201eznovu c\u00edtit to sam\u00e9\u201c a znovu \u0161la na pohotovost.<\/p>\n<p>Jay si vzpomn\u011bl: \u201eByli jsme doma \u2013 d\u00edt\u011b a j\u00e1 \u2013 a ona va\u0159ila ve\u010de\u0159i&#8230; Oto\u010dila se a obli\u010dej m\u011bla ve skute\u010dnosti sklopen\u00fd.\u00a0Bylo to jako &#8218;uh-oh&#8216;.&#8220;<\/p>\n<p>Marcia se vr\u00e1tila do nemocnice, kde bylo diagnostikov\u00e1no v\u00edce mozkov\u00fdch l\u00e9z\u00ed.\u00a0Neurolog \u0159ekl Marcii, \u017ee MRI sken jej\u00edho mozku vypadal jako &#8222;hv\u011bzdn\u00e1 noc&#8220; kv\u016fli mnoha b\u00edl\u00fdm skvrn\u00e1m nebo l\u00e9z\u00edm.<\/p>\n<p>L\u00e9ka\u0159i podle n\u00ed st\u00e1le nev\u011bd\u011bli, co to zp\u016fsobilo.<\/p>\n<p class=\"has-medium-font-size\"><span style=\"font-size: 18pt;\"><strong>Marcia jde na kliniku Mayo<\/strong><\/span><\/p>\n<p>B\u011bhem n\u011bkolika p\u0159\u00ed\u0161t\u00edch t\u00fddn\u016f Marcia \u201en\u011bkolikr\u00e1t\u201c pendlovala tam a zp\u011bt mezi sv\u00fdm domovem a m\u00edstn\u00ed nemocnic\u00ed.<\/p>\n<p>Po noci nebo dvou v nemocnici se za\u010dala c\u00edtit l\u00e9pe.\u00a0Po n\u00e1vratu dom\u016f se ale p\u0159\u00edznaky opakovaly a byla znovu hospitalizov\u00e1na.\u00a0&#8222;Poka\u017ed\u00e9 v\u00edc \u00fader\u016f,&#8220; \u0159ekla.<\/p>\n<p>Jay \u0159ekl: \u201eO t\u00fdden nebo 10 dn\u00ed pozd\u011bji bylo sedm nebo 10 nov\u00fdch [l\u00e9z\u00ed na sn\u00edmc\u00edch MRI].\u00a0Takto to pokra\u010dovalo asi m\u011bs\u00edc.\u00a0Mysl\u00edm, \u017ee jsme dostali asi 51 kompletn\u00edch \u00fader\u016f.<\/p>\n<p>Pro\u010d se tak stalo, v\u0161ak l\u00e9ka\u0159i v m\u00edstn\u00ed nemocnici nedok\u00e1zali vysv\u011btlit.<\/p>\n<p>Za\u010d\u00e1tkem listopadu 2019 byla Marcia posl\u00e1na na kliniku Mayo, kde l\u00e9ka\u0159i zjistili, \u017ee jej\u00ed p\u0159\u00edznaky jsou v souladu se Susac syndromem, vz\u00e1cnou autoimunitn\u00ed chorobou.<\/p>\n<p>Na Mayo Clinic z\u016fstala do 22. listopadu 2019.\u00a0Podstoupila plazmafer\u00e9zu, aby se j\u00ed do krve dostala nov\u00e1 plazma, a tak\u00e9 steroidy a l\u00e9k CellCept.<\/p>\n<p class=\"has-medium-font-size\"><span style=\"font-size: 18pt;\"><strong>L\u00e9\u010dba prost\u011b nezabrala<\/strong><\/span><\/p>\n<p>L\u00e9\u010dba nezabrala, a kdy\u017e se Marcia vr\u00e1tila dom\u016f, m\u011bla dal\u0161\u00ed mrtvice.\u00a0Vr\u00e1tila se tedy na kliniku Mayo na druhou dvout\u00fddenn\u00ed l\u00e9\u010dbu.<\/p>\n<p>Ale po druh\u00e9m kole l\u00e9\u010dby m\u011bla Marcia v\u00edce mrtvic &#8211; v\u010detn\u011b t\u00e9, kter\u00e1 do\u010dasn\u011b ovlivnila jej\u00ed sluch &#8211; a nad\u00e1le trp\u011bla extr\u00e9mn\u00ed \u00fanavou.<\/p>\n<p>Marcia i Jay se na tyto m\u011bs\u00edce Marciiny nemoci d\u00edvali jako na obdob\u00ed emo\u010dn\u00edho stresu a bolesti.<\/p>\n<p>Jay musel st\u00e1hnout Marcii ze \u0161koly a p\u0159esv\u011bd\u010dit jej\u00edho zam\u011bstnavatele, \u017ee kv\u016fli sv\u00e9mu zdrav\u00ed pot\u0159ebuje volno na dobu neur\u010ditou.<\/p>\n<p>Vzhledem k tomu, \u017ee jedn\u00edm z Marciin\u00fdch p\u0159\u00edznak\u016f byla kognitivn\u00ed porucha, myslela si, \u017ee je \u201ev po\u0159\u00e1dku\u201c a zlobila se kv\u016fli tomu na Jaye.<\/p>\n<p>Marcia byla tak\u00e9 dobrovoln\u00fdm hasi\u010dem a zdravotn\u00edkem.\u00a0&#8222;Byla jsem tak na\u0161tvan\u00e1 na sv\u00e9ho man\u017eela, proto\u017ee \u0159ekl hasi\u010d\u016fm &#8211; za m\u00fdmi z\u00e1dy&#8230;&#8220;U\u017e ji nem\u016f\u017eete poslat do stran, proto\u017ee chce j\u00edt na tyto mise, ale nem\u016f\u017ee na tyto mise. .'&#8220;<\/p>\n<p class=\"has-medium-font-size\"><span style=\"font-size: 18pt;\"><strong>\u010cas \u017e\u00edt n\u011bkde jinde<\/strong><\/span><\/p>\n<p>B\u011bhem jednoho z Marciin\u00fdch pobyt\u016f na Mayo Clinic se Jay \u201epr\u00e1v\u011b probudil\u201c a m\u011bl siln\u00fd pocit, \u017ee p\u0159\u00ed\u010dinou Marciin\u00fdch p\u0159\u00edznak\u016f je z\u00e1\u0159en\u00ed z bun\u011b\u010dn\u00fdch v\u011b\u017e\u00ed.\u00a0&#8222;Pak za\u010dal zkoumat a tehdy jsme dali v\u011bci dohromady,&#8220; vysv\u011btlila Marcia.<\/p>\n<p>Kv\u016fli objev\u016fm, kter\u00e9 Jay ud\u011blal, se on a Marcia rozhodli \u017e\u00edt jinde.<\/p>\n<p>3. b\u0159ezna 2020 se se sv\u00fdm synem p\u0159est\u011bhovali do domu Marciin\u00fdch rodi\u010d\u016f, kter\u00fd byl kilometr od v\u011b\u017ee.\u00a0Marcia si &#8222;vedla mnohem l\u00e9pe,&#8220; \u0159ekla.\u00a0Tahy ustaly.<\/p>\n<p>V \u010dervnu mluvila o n\u00e1vratu do \u0161koly, \u0159ekl Jay.\u00a0&#8222;Ka\u017ed\u00fd ve\u010der jsme chodili na ryby a ona m\u011bla mnohem v\u00edce energie.&#8220;<\/p>\n<p>P\u0159ibli\u017en\u011b ve stejnou dobu dali l\u00e9ka\u0159i Marcii na klinice Mayo Marcii chemoterapeutick\u00e9 pilulky.\u00a0&#8222;Popl\u00e1c\u00e1\u0161 se po z\u00e1dech kv\u016fli chemoterapii,&#8220; \u0159ekl Jay, &#8222;mysl\u00edm, \u017ee to bylo cvi\u010den\u00ed, kv\u016fli kter\u00e9mu to p\u0159estalo.&#8220;<\/p>\n<p>Ale v \u0159\u00edjnu 2020 se Marciini rodi\u010de vr\u00e1tili, a tak se Jay, Marcia a jejich syn p\u0159est\u011bhovali zp\u011bt do sv\u00e9ho domova pobl\u00ed\u017e v\u011b\u017ee.<\/p>\n<p>Po pouh\u00e9m t\u00fddnu Marcia znovu za\u017eila stejn\u00e9 p\u0159\u00edznaky.<\/p>\n<p class=\"has-medium-font-size\"><span style=\"font-size: 18pt;\"><strong>Konstrukce \u201etrest boxu\u201c<\/strong><\/span><\/p>\n<p>Jay a Marcia byli st\u00e1le v\u00edce p\u0159esv\u011bd\u010deni, \u017ee radiofrekven\u010dn\u00ed z\u00e1\u0159en\u00ed z mobiln\u00ed v\u011b\u017ee zp\u016fsobuje Marcii nemoc.<\/p>\n<p>16. \u0159\u00edjna 2020 najali Franka DiCristina \u2013 certifikovan\u00e9ho stavebn\u00edho biologa a certifikovan\u00e9ho specialistu na EMR \u2013, aby zm\u011b\u0159il \u00farovn\u011b bezdr\u00e1tov\u00e9ho z\u00e1\u0159en\u00ed v cel\u00e9m jejich dom\u011b.<\/p>\n<p>DiCristina zpr\u00e1va uk\u00e1zala \u0161pi\u010dkov\u00e9 hodnoty a\u017e 18 mikrowatt\u016f na \u010dtvere\u010dn\u00ed centimetr (mW\/cm2) \u2013 18kr\u00e1t vy\u0161\u0161\u00ed, ne\u017e jak\u00e9 standardy stavebn\u00ed biologie pova\u017euje za extr\u00e9mn\u00ed hodnotu, uvedl DiCristina ve sv\u00e9 zpr\u00e1v\u011b.<\/p>\n<p>Marcia a Jay milovali um\u00edst\u011bn\u00ed sv\u00e9ho domova a necht\u011bli se st\u011bhovat.\u00a0A tak se pustili do toho, aby byl jejich majetek pro Marcii p\u0159\u00edjemn\u011bj\u0161\u00ed.<\/p>\n<p>Koncem \u0159\u00edjna 2020 Jay postavil Faradayovu klec \u2013 kryt s kovov\u00fdm pl\u00e1\u0161t\u011bm, kter\u00fd blokuje ve\u0161ker\u00e9 radiofrekven\u010dn\u00ed z\u00e1\u0159en\u00ed \u2013 aby poskytl Marcii m\u00edsto, kde se p\u0159ed radiac\u00ed ochr\u00e1n\u00ed.<\/p>\n<p><strong>Pokoj bez radiace pomohl Marcii c\u00edtit se pohodln\u011b.<\/strong><\/p>\n<p><img decoding=\"async\" loading=\"lazy\" class=\"alignleft\" src=\"https:\/\/i0.wp.com\/childrenshealthdefense.org\/wp-content\/uploads\/2-faraday-cage-768x1024.jpg?resize=768%2C1024&amp;ssl=1\" alt=\"\" width=\"435\" height=\"580\" data-recalc-dims=\"1\" \/><\/p>\n<p>\u0158\u00edk\u00e1, \u017ee c\u00edt\u00ed, jak se jej\u00ed hlava uvol\u0148uje, kdy\u017e je ve Faradayov\u011b kleci.\u00a0Ale v\u0161ude jinde v dom\u011b nebo na zahrad\u011b se jej\u00ed hlava c\u00edt\u00ed \u201enahlas\u201c a \u201epln\u00e1\u2026 jako kdy\u017e b\u011b\u017e\u00ed motor\u201c.<\/p>\n<p>Navzdory \u00falev\u011b, kterou j\u00ed klec poskytuje, d\u00e1v\u00e1 Marcia jasn\u011b najevo, \u017ee j\u00edt do mal\u00e9ho uzav\u0159en\u00e9ho prostoru, aby se c\u00edtila pohodln\u011b, nen\u00ed \u017e\u00e1dn\u00e1 legrace.<\/p>\n<p>Ona a Jay naz\u00fdvaj\u00ed Faradayovu klec \u201etrest box\u201c.\u00a0\u201eJe to malink\u00fd pokoj bez elekt\u0159iny a bez oken \u2013 jen \u00fapln\u00e1 \u010dern\u00e1 sk\u0159\u00ed\u0148ka se dv\u011bma postelemi,\u201c \u0159\u00edk\u00e1 Marcia.<\/p>\n<p>Ona a Jay tam sp\u00ed.\u00a0\u201eB\u00e1la bych se sp\u00e1t ve sv\u00e9m dom\u011b, proto\u017ee nechci znovu onemocn\u011bt,\u201c \u0159\u00edk\u00e1 Marcia.<\/p>\n<p>Span\u00ed venku v\u0161ak nen\u00ed zrovna pohodln\u00e9.\u00a0&#8222;V gar\u00e1\u017ei nen\u00ed z\u00e1chod,&#8220; \u0159\u00edk\u00e1.\u00a0&#8222;Tak\u017ee kdy\u017e vstanu uprost\u0159ed noci a jdu na z\u00e1chod, mus\u00edm opustit gar\u00e1\u017e, vyj\u00edt ven a vr\u00e1tit se do domu.&#8220;<\/p>\n<p>Marcia nyn\u00ed tak\u00e9 nos\u00ed baseballovou \u010depici s kovovou pod\u0161\u00edvkou, kdy\u017e je doma, aby pomohla zvl\u00e1dnout jej\u00ed p\u0159\u00edznaky.<\/p>\n<p>D\u00edky t\u011bmto opat\u0159en\u00edm mohla postupn\u011b dokon\u010dit o\u0161et\u0159ovatelsk\u00fd program a vr\u00e1tit se do pr\u00e1ce.<\/p>\n<p class=\"has-medium-font-size\"><span style=\"font-size: 18pt;\"><strong>&#8218;Nejsme bl\u00e1zni&#8216;<\/strong><\/span><\/p>\n<p>Marcia douf\u00e1, \u017ee jej\u00ed \u017ealoba donut\u00ed telekomunika\u010dn\u00ed spole\u010dnosti p\u0159em\u00edstit jejich mobiln\u00ed v\u011b\u017e, aby se mohla voln\u011b pohybovat po jejich pozemku, ani\u017e by ohrozila sv\u00e9 zdrav\u00ed.<\/p>\n<p>Sv\u00fdm p\u0159\u00edpadem chce tak\u00e9 zv\u00fd\u0161it pov\u011bdom\u00ed ve\u0159ejnosti o tom, \u017ee lid\u00e9 poci\u0165uj\u00ed fyzick\u00e9 p\u0159\u00edznaky z radiofrekven\u010dn\u00edho z\u00e1\u0159en\u00ed.\u00a0&#8222;Nejsme bl\u00e1zni,&#8220; \u0159ekla.\u00a0&#8222;Tohle se opravdu d\u011bje.&#8220;<\/p>\n<p>Nap\u0159\u00edklad ona a Jay v\u011b\u0159\u00ed, \u017ee \u017eivot v bl\u00edzkosti v\u011b\u017ee mohl b\u00fdt faktorem Jayovy revmatoidn\u00ed artritidy.<\/p>\n<p>Jej\u00ed syn tak\u00e9 za\u017eil negativn\u00ed \u00fa\u010dinky na zdrav\u00ed \u2013 v\u010detn\u011b velk\u00e9 krevn\u00ed sra\u017eeniny v lev\u00e9 pa\u017ei \u2013 o kter\u00e9 se Marcia a Jay domn\u00edvaj\u00ed, \u017ee souvis\u00ed s radiac\u00ed.\u00a0V roce 2022 jej\u00ed tehdy 16let\u00fd syn Clay zavolal Marcii z pr\u00e1ce a zeptal se: &#8222;Je norm\u00e1ln\u00ed, \u017ee m\u00e1m modrou a napnutou ruku?&#8220;<\/p>\n<p>Ti dva m\u011bli kr\u00e1tk\u00fd videohovor.\u00a0&#8222;Ne, to nen\u00ed norm\u00e1ln\u00ed,&#8220; \u0159ekla Marcia, kdy\u017e uvid\u011bla Clayovu pa\u017ei.\u00a0Okam\u017eit\u011b ho zvedla a odvezla do nemocnice.<\/p>\n<p>CT skeny uk\u00e1zaly, \u017ee Clay m\u011bl krevn\u00ed sra\u017eeninu, kter\u00e1 za\u010dala v jeho lokti a roz\u0161\u00ed\u0159ila se do krku, stejn\u011b jako dv\u011b dal\u0161\u00ed sra\u017eeniny v plic\u00edch.<\/p>\n<div class=\"wp-block-image\">\n<figure class=\"aligncenter size-large\"><img decoding=\"async\" loading=\"lazy\" class=\"aligncenter\" src=\"https:\/\/i0.wp.com\/childrenshealthdefense.org\/wp-content\/uploads\/3-clayton-blood-clot-661x1024.jpg?resize=661%2C1024&amp;ssl=1\" alt=\"\" width=\"455\" height=\"705\" data-recalc-dims=\"1\" \/><\/figure>\n<\/div>\n<p>Clay\u016fv krevn\u00ed test odhalil, \u017ee i kdy\u017e m\u011bl negativn\u00ed test na COVID-19, m\u011bl v ur\u010dit\u00e9m okam\u017eiku v minulosti asymptomatick\u00fd p\u0159\u00edpad COVID-19 \u2013 kter\u00fd podle l\u00e9ka\u0159\u016f mohl zp\u016fsobit krevn\u00ed sra\u017eeniny.<\/p>\n<p>Marcia v\u0161ak toto vysv\u011btlen\u00ed pova\u017eovala za nepravd\u011bpodobn\u00e9 a nechala l\u00e9ka\u0159e integruj\u00edc\u00ed medic\u00edny, kter\u00fd m\u00e1 znalosti o mo\u017en\u00fdch zdravotn\u00edch \u00fa\u010dinc\u00edch bezdr\u00e1tov\u00e9ho z\u00e1\u0159en\u00ed, potvrdit, \u017ee krevn\u00ed sra\u017eeniny mohly b\u00fdt zp\u016fsobeny Clayov\u00fdm neust\u00e1l\u00fdm vystaven\u00edm RF z\u00e1\u0159en\u00ed.<\/p>\n<p>Marcia a Jay tak\u00e9 \u0159ekli, \u017ee pozorovali zv\u00ed\u0159ata, kter\u00e1 byla po\u0161kozena radiac\u00ed v\u011b\u017ee.\u00a0Jejich psovi Daisy se po cel\u00e9m t\u011ble vytvo\u0159ily tukov\u00e9 n\u00e1dory, kter\u00e9 omezily jej\u00ed pohyblivost a kvalitu \u017eivota natolik, \u017ee ji Marcia a Jay museli usadit.<\/p>\n<div class=\"wp-block-image\">\n<figure class=\"aligncenter size-large\"><img decoding=\"async\" loading=\"lazy\" class=\"aligncenter\" src=\"https:\/\/i0.wp.com\/childrenshealthdefense.org\/wp-content\/uploads\/4-dog-fatty-tumors.jpg?w=800&amp;ssl=1\" alt=\"\" width=\"647\" height=\"485\" data-recalc-dims=\"1\" \/><\/figure>\n<\/div>\n<p>&#8222;Jelen m\u00e1 ur\u010dit\u011b ty n\u00e1dory jako pes,&#8220; \u0159ekl Jay.\u00a0&#8222;Ne v\u0161ichni jeleni, ale n\u011bkte\u0159\u00ed jeleni.&#8220;<\/p>\n<p>Kdy\u017e Marcia a Jay vypr\u00e1v\u011bj\u00ed ostatn\u00edm o sv\u00fdch zku\u0161enostech, lid\u00e9 maj\u00ed tendenci &#8222;jen to opr\u00e1\u0161it&#8220; a \u0159\u00edci: &#8222;Mn\u011b ani nikomu, koho zn\u00e1m, krom\u011b tebe se to nestane.&#8220;<\/p>\n<p>Ale \u201enejsme jedin\u00ed, komu se to stane,\u201c \u0159\u00edk\u00e1 Marcia.<\/p>\n<p>A\u010dkoli se odhady li\u0161\u00ed, anal\u00fdza z roku 2019 odhaduje, \u017ee 1,5 % populace poci\u0165uje v\u00e1\u017en\u00e9 p\u0159\u00edznaky v d\u016fsledku vystaven\u00ed RF z\u00e1\u0159en\u00ed, 5 % m\u00e1 st\u0159edn\u011b t\u011b\u017ek\u00e9 p\u0159\u00edznaky a 30 % m\u00edrn\u00e9 p\u0159\u00edznaky.<\/p>\n<p>To znamen\u00e1, \u017ee je pravd\u011bpodobn\u011b posti\u017eeno asi 2,16 milionu a\u017e 99,7 milionu Ameri\u010dan\u016f.<\/p>\n<p>Marcia a Jay ned\u00e1vno sd\u00edleli sv\u016fj p\u0159\u00edb\u011bh na CHD.TV.<\/p>\n<p><a href=\"https:\/\/live.childrenshealthdefense.org\/chd-tv\/shows\/good-morning-chd\/radiation-horrors--captured-agencies\/?_ga=2.58376298.1301073005.1708998756-415817078.1706940327\" data-type=\"link\" data-id=\"https:\/\/live.childrenshealthdefense.org\/chd-tv\/shows\/good-morning-chd\/radiation-horrors--captured-agencies\/?_ga=2.58376298.1301073005.1708998756-415817078.1706940327\">Pod\u00edvejte se na epizodu CHD.TV zde<\/a><\/p>\n<p><em>Autor Suzanne Burdick, Ph.D.<\/em><\/p>\n<\/div>\n<\/div>\n<div class=\"elementor-element elementor-element-8c57238 quelle dc-has-condition dc-condition-empty elementor-widget elementor-widget-heading\" data-id=\"8c57238\" data-element_type=\"widget\" data-widget_type=\"heading.default\">\n<div class=\"elementor-widget-container\">\n<h3 class=\"elementor-heading-title elementor-size-default\"><span style=\"font-size: 10pt;\"><a href=\"https:\/\/childrenshealthdefense.org\/defender\/marcia-haller-cell-tower-rf-radiation-sickness\/\" target=\"_blank\" rel=\"nofollow noopener\">ZDROJ<\/a><\/span><\/h3>\n<p>&nbsp;<\/p>\n<\/div>\n<\/div>\n","protected":false},"excerpt":{"rendered":"<p>V rozhovoru pro The Defender Marcia Haller popsala, jak se jej\u00ed \u017eivot dramaticky zm\u011bnil, kdy\u017e&#8230;<\/p>\n","protected":false},"author":2,"featured_media":48337,"comment_status":"closed","ping_status":"closed","sticky":false,"template":"","format":"standard","meta":[],"categories":[7],"tags":[2789,1805,21],"_links":{"self":[{"href":"https:\/\/www.infokuryr.cz\/n\/wp-json\/wp\/v2\/posts\/48336"}],"collection":[{"href":"https:\/\/www.infokuryr.cz\/n\/wp-json\/wp\/v2\/posts"}],"about":[{"href":"https:\/\/www.infokuryr.cz\/n\/wp-json\/wp\/v2\/types\/post"}],"author":[{"embeddable":true,"href":"https:\/\/www.infokuryr.cz\/n\/wp-json\/wp\/v2\/users\/2"}],"replies":[{"embeddable":true,"href":"https:\/\/www.infokuryr.cz\/n\/wp-json\/wp\/v2\/comments?post=48336"}],"version-history":[{"count":1,"href":"https:\/\/www.infokuryr.cz\/n\/wp-json\/wp\/v2\/posts\/48336\/revisions"}],"predecessor-version":[{"id":48338,"href":"https:\/\/www.infokuryr.cz\/n\/wp-json\/wp\/v2\/posts\/48336\/revisions\/48338"}],"wp:featuredmedia":[{"embeddable":true,"href":"https:\/\/www.infokuryr.cz\/n\/wp-json\/wp\/v2\/media\/48337"}],"wp:attachment":[{"href":"https:\/\/www.infokuryr.cz\/n\/wp-json\/wp\/v2\/media?parent=48336"}],"wp:term":[{"taxonomy":"category","embeddable":true,"href":"https:\/\/www.infokuryr.cz\/n\/wp-json\/wp\/v2\/categories?post=48336"},{"taxonomy":"post_tag","embeddable":true,"href":"https:\/\/www.infokuryr.cz\/n\/wp-json\/wp\/v2\/tags?post=48336"}],"curies":[{"name":"wp","href":"https:\/\/api.w.org\/{rel}","templated":true}]}}