{"id":48333,"date":"2024-03-02T00:36:38","date_gmt":"2024-03-01T23:36:38","guid":{"rendered":"https:\/\/www.infokuryr.cz\/n\/?p=48333"},"modified":"2024-03-01T16:21:18","modified_gmt":"2024-03-01T15:21:18","slug":"hodne-vs-nehodne-obeti-studie-odhaluje-selektivni-medialni-pokryti-navalneho-a-liry","status":"publish","type":"post","link":"https:\/\/www.infokuryr.cz\/n\/2024\/03\/02\/hodne-vs-nehodne-obeti-studie-odhaluje-selektivni-medialni-pokryti-navalneho-a-liry\/","title":{"rendered":"Hodn\u00e9 vs. nehodn\u00e9 ob\u011bti: Studie odhaluje selektivn\u00ed medi\u00e1ln\u00ed pokryt\u00ed Navaln\u00e9ho a Liry"},"content":{"rendered":"<div id=\"fb-root\"><\/div>\n<div class=\"elementor-element elementor-element-1fb4c2c elementor-widget elementor-widget-theme-post-content\" data-id=\"1fb4c2c\" data-element_type=\"widget\" data-widget_type=\"theme-post-content.default\">\n<div class=\"elementor-widget-container\">\n<p><span>Nov\u00e1 studie MintPress News o medi\u00e1ln\u00edm pokryt\u00ed smrti americk\u00e9ho novin\u00e1\u0159e a koment\u00e1tora Gonzala Liry a rusk\u00e9ho politick\u00e9ho v\u016fdce Alexeje Navaln\u00e9ho zjistila, \u017ee americk\u00fd mainstreamov\u00fd tisk v drtiv\u00e9 v\u011bt\u0161in\u011b ignoroval to prvn\u00ed a soust\u0159edil se na to druh\u00e9.\u00a0The New York Times, Washington Post, ABC News, Fox News a CNN dohromady zve\u0159ejnily 731 p\u0159\u00edb\u011bh\u016f o Navaln\u00e9m mezi 16. a 22. \u00fanorem, zat\u00edmco o Li\u0159e se objevil pouze jeden p\u0159\u00edb\u011bh od jeho smrti 12. ledna.\u00a0M\u016f\u017ee to b\u00fdt proto, \u017ee jeden byl Z\u00e1padem podporovan\u00e1 postava, kter\u00e1 zem\u0159ela rukou ofici\u00e1ln\u00edho nep\u0159\u00e1telsk\u00e9ho st\u00e1tu, zat\u00edmco druh\u00fd byl prorusk\u00fdm hlasem, kter\u00fd dos\u00e1hl sv\u00e9ho konce v rukou nalezen\u00e9 ukrajinsk\u00e9 vl\u00e1dy.<\/span><\/p>\n<p class=\"has-medium-font-size\"><span style=\"font-size: 18pt;\"><strong>24\/7 zpravodajstv\u00ed vs. r\u00e1diov\u00e9 ticho<\/strong><\/span><\/p>\n<p><span>MintPress provedla kvantitativn\u00ed anal\u00fdzu medi\u00e1ln\u00edho pokryt\u00ed dvou politick\u00fdch osobnost\u00ed, kter\u00e9 ned\u00e1vno zem\u0159ely ve v\u011bzen\u00ed: Alexeje Navaln\u00e9ho a Gonzala Liry.\u00a0Oba byli kontroverzn\u00edmi postavami a kritiky vl\u00e1d, kter\u00e9 je uv\u011bznily.\u00a0Oba zem\u0159eli za podez\u0159el\u00fdch okolnost\u00ed (jejich rodiny oba tvrd\u00ed, \u017ee byli skute\u010dn\u011b zavra\u017ed\u011bni).\u00a0A oba zem\u0159eli v posledn\u00edch \u0161esti t\u00fddnech, Navalnyj v \u00fanoru a Lira v lednu.\u00a0Kl\u00ed\u010dov\u00fd rozd\u00edl v jejich p\u0159\u00edb\u011bz\u00edch je v\u0161ak v tom, \u017ee Navalnyj zem\u0159el v arktick\u00e9 trestaneck\u00e9 kolonii pot\u00e9, co byl zat\u010den v Rusku (nep\u0159\u00e1telsk\u00fd st\u00e1t), zat\u00edmco Li\u0159in \u017eivot skon\u010dil v ukrajinsk\u00e9m v\u011bzen\u00ed \u0159\u00edzen\u00e9m prokyjevskou vl\u00e1dou ve Washingtonu, DC. .<\/span><\/p>\n<p><span>Studie porovn\u00e1vala zpravodajstv\u00ed o smrti Navaln\u00e9ho a Liry v p\u011bti p\u0159edn\u00edch m\u00e9di\u00edch: New York Times, Washington Post, ABC News, Fox News a CNN.\u00a0Tato m\u00e9dia byla vybr\u00e1na pro sv\u016fj dosah a vliv, tak\u017ee lze o\u010dek\u00e1vat, \u017ee budou reprezentovat cel\u00e9 spektrum korpor\u00e1tn\u00edch m\u00e9di\u00ed.\u00a0\u00dadaje byly sestaveny pomoc\u00ed zpravodajsk\u00e9 datab\u00e1ze Dow Jones Factiva a v\u00fdzkumu na webov\u00fdch str\u00e1nk\u00e1ch zpravodajsk\u00fdch organizac\u00ed.\u00a0Tato studie nezauj\u00edm\u00e1 stanovisko k ot\u00e1zce Navaln\u00e9ho, \u200b\u200bLiry nebo v\u00e1lky mezi Ruskem a Ukrajinou.<\/span><\/p>\n<div class=\"wp-block-image\">\n<figure class=\"aligncenter size-large\"><img decoding=\"async\" class=\"aligncenter\" src=\"https:\/\/i0.wp.com\/www.mintpressnews.com\/wp-content\/uploads\/2024\/02\/Navaly-Lira-study_edited-768x459.jpg?resize=768%2C459&amp;ssl=1\" alt=\"\" data-recalc-dims=\"1\" \/><\/figure>\n<\/div>\n<p><span>Celkem p\u011bt s\u00edt\u00ed zve\u0159ejnilo 731 \u010dl\u00e1nk\u016f nebo p\u0159\u00edb\u011bh\u016f pojedn\u00e1vaj\u00edc\u00edch nebo zmi\u0148uj\u00edc\u00edch Navaln\u00e9ho smrt, v\u010detn\u011b 151 z Times, 75 z Post, 177 z ABC, 215 z Fox a 113 ze CNN.\u00a0To znamen\u00e1, \u017ee ka\u017ed\u00e1 zkouman\u00e1 organizace publikovala v\u00edce ne\u017e jeden p\u0159\u00edsp\u011bvek za hodinu.<\/span><\/p>\n<p><span>Tento medi\u00e1ln\u00ed n\u00e1por je v ostr\u00e9m kontrastu s p\u0159\u00edpadem Lira, kde se ve\u0161ker\u00e9 medi\u00e1ln\u00ed pokryt\u00ed jeho smrti\u00a0omezilo na jedin\u00fd\u00a0<\/span><a href=\"https:\/\/www.foxnews.com\/world\/american-filmmaker-arrested-jailed-spreading-pro-russia-propaganda-dies-ukrainian-prison\" target=\"_blank\" rel=\"noreferrer noopener\" data-type=\"link\" data-id=\"https:\/\/www.foxnews.com\/world\/american-filmmaker-arrested-jailed-spreading-pro-russia-propaganda-dies-ukrainian-prison\"><span>\u010dl\u00e1nek Fox News.\u00a0<\/span><\/a><span>Krom\u011b toho ho doty\u010dn\u00fd \u010dl\u00e1nek ve sv\u00e9m titulku popsal jako \u201e\u0161\u00ed\u0159\u00edc\u00ed proruskou propagandu\u201c, neinformoval \u010dten\u00e1\u0159e, \u017ee na jeho smrti bylo n\u011bco podez\u0159el\u00e9ho, a zd\u00e1lo se, \u017ee d\u011bl\u00e1 v\u0161e, co je v jeho sil\u00e1ch, aby ospravedlnil jeho zach\u00e1zen\u00ed v textu \u010dl\u00e1nku.\u00a0Krom\u011b toho bylo rozhlasov\u00e9 ticho.<\/span><\/p>\n<p><span>Je snad pochopiteln\u00e9, \u017ee o Navaln\u00e9ho smrti se psalo mnohem obs\u00e1hleji ne\u017e o Li\u0159in\u011b.\u00a0Navalnyj byl politick\u00fd v\u016fdce zn\u00e1m\u00fd po cel\u00e9m Rusku a ve sv\u011bt\u011b, kter\u00fd zem\u0159el jen n\u011bkolik t\u00fddn\u016f p\u0159ed prezidentsk\u00fdmi volbami v zemi.<\/span><\/p>\n<p><span>Ale Lira byla v\u0161echno, jen ne nezn\u00e1m\u00e1.\u00a0Moder\u00e1tor zpr\u00e1v Tucker Carlson nap\u0159\u00edklad v\u011bnoval celou\u00a0<\/span><a href=\"https:\/\/twitter.com\/TuckerCarlson\/status\/1733581286256607619\" target=\"_blank\" rel=\"noreferrer noopener\" data-type=\"link\" data-id=\"https:\/\/twitter.com\/TuckerCarlson\/status\/1733581286256607619\"><span>show<\/span><\/a><span>\u00a0sv\u00e9mu uv\u011bzn\u011bn\u00ed a zast\u00e1valy se ho\u00a0zn\u00e1m\u00e9 osobnosti jako majitel Twitteru\u00a0<\/span><a href=\"https:\/\/twitter.com\/elonmusk\/status\/1733624169668231531\" target=\"_blank\" rel=\"noreferrer noopener\" data-type=\"link\" data-id=\"https:\/\/twitter.com\/elonmusk\/status\/1733624169668231531\"><span>Elon Musk .\u00a0<\/span><\/a><span>Mluv\u010d\u00ed ministerstva zahrani\u010d\u00ed Matthew Miller byl\u00a0<\/span><a href=\"https:\/\/www.state.gov\/briefings\/department-press-briefing-august-1-2023\/\" target=\"_blank\" rel=\"noreferrer noopener\" data-type=\"link\" data-id=\"https:\/\/www.state.gov\/briefings\/department-press-briefing-august-1-2023\/\"><span>opakovan\u011b<\/span><\/a><span>\u00a0t\u00e1z\u00e1n na p\u0159\u00edpad Liry a\u00a0<\/span><a href=\"https:\/\/www.youtube.com\/watch?v=xV307Z7WADM\" target=\"_blank\" rel=\"noreferrer noopener\" data-type=\"link\" data-id=\"https:\/\/www.youtube.com\/watch?v=xV307Z7WADM\"><span>nebyl<\/span><\/a><span>\u00a0schopen poskytnout konkr\u00e9tn\u00ed odpov\u011bdi.\u00a0Jako Ameri\u010dan \u017eij\u00edc\u00ed na Ukrajin\u011b a zaujat\u00fd prorusk\u00fdm postojem k invazi nashrom\u00e1\u017edil Lira na sv\u00fdch platform\u00e1ch soci\u00e1ln\u00edch m\u00e9di\u00ed stovky tis\u00edc lid\u00ed.<\/span><\/p>\n<p><span>Jako americk\u00fd ob\u010dan, kter\u00fd zem\u0159el ve vazb\u011b vl\u00e1dy podporovan\u00e9 Spojen\u00fdmi st\u00e1ty des\u00edtkami miliard dolar\u016f, by se dalo tvrdit, \u017ee p\u0159\u00edpad Liry je zvl\u00e1\u0161t\u011b pozoruhodn\u00fd pro americk\u00e9 publikum a m\u011bl by mu b\u00fdt v\u011bnov\u00e1na zvl\u00e1\u0161tn\u00ed pozornost.\u00a0Krom\u011b toho Lira zem\u0159ela v\u00edce ne\u017e m\u011bs\u00edc p\u0159ed Navaln\u00fdm, co\u017e znamen\u00e1, \u017ee studie srovn\u00e1v\u00e1 v\u00edce ne\u017e 40 dn\u00ed zpravodajstv\u00ed o Li\u0159e s pouh\u00fdmi \u0161esti dny zpravodajstv\u00ed o Navaln\u00e9ho smrti, co\u017e \u010din\u00ed tento rozpor je\u0161t\u011b v\u00edce do o\u010d\u00ed bij\u00edc\u00ed.<\/span><\/p>\n<p class=\"has-medium-font-size\"><span style=\"font-size: 18pt;\"><strong>P\u0159\u00edb\u011bh dvou \u00famrt\u00ed<\/strong><\/span><\/p>\n<p><span>Alexej Navalnyj byl pr\u00e1vn\u00edk, aktivista a v\u016fdce opozi\u010dn\u00ed strany Rusko budoucnosti.\u00a0Ostr\u00fd kritik prezidenta Vladimira Putina se stal pro mnoh\u00e9, zejm\u00e9na na Z\u00e1pad\u011b, symbolem boje za lidsk\u00e1 pr\u00e1va a demokracii v Rusku.\u00a0V roce 2021 zve\u0159ejnil dokument, ve kter\u00e9m tvrdil, \u017ee Putin pro sebe stav\u00ed obrovsk\u00fd pal\u00e1c v hodnot\u011b 1 miliardy dolar\u016f u \u010cern\u00e9ho mo\u0159e.<\/span><\/p>\n<p><span>Navalnyj si ud\u011blal mnoho nep\u0159\u00e1tel a v roce 2020 byl \u00fadajn\u011b otr\u00e1ven.\u00a0A\u010dkoli v\u011bt\u0161ina na Z\u00e1pad\u011b v\u011b\u0159\u00ed, \u017ee za incidentem st\u00e1l Kreml,\u00a0<\/span><a href=\"https:\/\/globalaffairs.org\/research\/public-opinion-survey\/russia-navalny-inspires-respect-some-indifference-most\" target=\"_blank\" rel=\"noreferrer noopener\" data-type=\"link\" data-id=\"https:\/\/globalaffairs.org\/research\/public-opinion-survey\/russia-navalny-inspires-respect-some-indifference-most\"><span>v<\/span><\/a><span>\u00a0Rusku to nen\u00ed b\u011b\u017en\u00fd n\u00e1zor .\u00a0Po n\u00e1vratu z N\u011bmecka na l\u00e9ka\u0159sk\u00e9 o\u0161et\u0159en\u00ed v lednu 2021 byl zadr\u017een.\u00a0Na.\u00a016. \u00fanora 2024 zem\u0159el v nechvaln\u011b zn\u00e1m\u00e9m trestn\u00edm t\u00e1bo\u0159e Polarwolf na dalek\u00e9m severu Ruska.<\/span><\/p>\n<p><span>&#8222;Vladimir Putin zabil m\u00e9ho man\u017eela,&#8220; uvedla v prohl\u00e1\u0161en\u00ed Navaln\u00e9ho man\u017eelka Julia a dodala: &#8222;Nejd\u016fle\u017eit\u011bj\u0161\u00ed v\u011bc, kterou m\u016f\u017eeme pro Alexeje a pro sebe ud\u011blat, je bojovat je\u0161t\u011b zoufaleji a urputn\u011bji ne\u017e d\u0159\u00edve.&#8220;<\/span><\/p>\n<p><span>Z\u00e1padn\u00ed l\u00edd\u0159i jsou z velk\u00e9 \u010d\u00e1sti stejn\u00e9ho n\u00e1zoru.\u00a0Americk\u00fd prezident Joe Biden\u00a0<\/span><a href=\"https:\/\/apnews.com\/article\/russia-alexei-navalny-death-opposition-leader-37da0915157576372d6493be7ad04b5c\" target=\"_blank\" rel=\"noreferrer noopener\" data-type=\"link\" data-id=\"https:\/\/apnews.com\/article\/russia-alexei-navalny-death-opposition-leader-37da0915157576372d6493be7ad04b5c\"><span>\u0159ekl<\/span><\/a><span>\u00a0, \u017ee zat\u00edmco podrobnosti jsou st\u00e1le nejasn\u00e9, \u201enen\u00ed pochyb o tom, \u017ee Navaln\u00e9ho smrt byla v\u00fdsledkem n\u011b\u010deho, co ud\u011blal Putin a jeho nohsledi.\u201c Loty\u0161sk\u00fd prezident Edgars Rink\u0113vi\u010ds\u00a0<\/span><a href=\"https:\/\/twitter.com\/edgarsrinkevics\/status\/1758456656730423305?lang=en\" target=\"_blank\" rel=\"noreferrer noopener\" data-type=\"link\" data-id=\"https:\/\/twitter.com\/edgarsrinkevics\/status\/1758456656730423305?lang=en\"><span>\u0159ekl<\/span><\/a><span>\u00a0, \u017ee byl \u201ebrut\u00e1ln\u011b zavra\u017ed\u011bn Kremlem\u201c.\u00a0To je fakt a toto je n\u011bco, co by se m\u011blo v\u011bd\u011bt o skute\u010dn\u00e9 povaze sou\u010dasn\u00e9ho rusk\u00e9ho re\u017eimu,\u201c dodal.<\/span><\/p>\n<p><span>Ostatn\u00ed politici se vyj\u00e1d\u0159ili opatrn\u011bji.\u00a0&#8222;Pro\u010d ten sp\u011bch n\u011bkoho obvinit?&#8220; zeptal se brazilsk\u00fd prezident Luiz In\u00e1cio Lula da Silva (Lula).\u00a0&#8222;Pokud existuje podez\u0159en\u00ed na smrt, mus\u00edme nejprve prov\u00e9st vy\u0161et\u0159ov\u00e1n\u00ed, abychom zjistili, pro\u010d tato osoba zem\u0159ela,&#8220; \u0159ekl.<\/span><\/p>\n<p><span>P\u0159es Lulovo varov\u00e1n\u00ed ji\u017e z\u00e1padn\u00ed zem\u011b p\u0159ij\u00edmaj\u00ed opat\u0159en\u00ed proti Rusku.\u00a0Jak USA, tak Velk\u00e1 Brit\u00e1nie ozn\u00e1mily nov\u00e1 kola \u201e\u00a0<\/span><a href=\"https:\/\/www.aljazeera.com\/news\/2024\/2\/21\/us-to-impose-major-sanctions-on-russia-over-navalny-death-ukraine-war\" target=\"_blank\" rel=\"noreferrer noopener\" data-type=\"link\" data-id=\"https:\/\/www.aljazeera.com\/news\/2024\/2\/21\/us-to-impose-major-sanctions-on-russia-over-navalny-death-ukraine-war\"><span>v\u00fdznamn\u00fdch sankc\u00ed<\/span><\/a><span>\u00a0\u201c proti Moskv\u011b, i kdy\u017e nen\u00ed zdaleka jasn\u00e9, do jak\u00e9 m\u00edry p\u0159edchoz\u00ed sankce Rusko skute\u010dn\u011b po\u0161kozuj\u00ed.<\/span><\/p>\n<p><span>P\u0159esto\u017ee se na Z\u00e1pad\u011b t\u011b\u0161il dobr\u00e9 pov\u011bsti, byl Navalnyj ve sv\u00e9 rodn\u00e9 zemi kontroverzn\u00ed postavou.\u00a0Na za\u010d\u00e1tku sv\u00e9 politick\u00e9 kari\u00e9ry byl prominentn\u00edm\u00a0<\/span><a href=\"https:\/\/www.workers.org\/2024\/02\/77031\/\" target=\"_blank\" rel=\"noreferrer noopener\" data-type=\"link\" data-id=\"https:\/\/www.workers.org\/2024\/02\/77031\/\"><span>v\u016fdcem<\/span><\/a><span>\u00a0xenofobn\u00edch, krajn\u011b pravicov\u00fdch shrom\u00e1\u017ed\u011bn\u00ed.\u00a0Objevil se tak\u00e9 v politick\u00e9m videu, ve kter\u00e9m ozna\u010dil muslimsk\u00e9 obyvatelstvo severn\u00edho Kavkazu za \u201emor \u0161v\u00e1b\u016f\u201c.\u00a0Zat\u00edmco hav\u011b\u0165 se d\u00e1 zab\u00edt pantoflem, v p\u0159\u00edpad\u011b napaden\u00ed \u010dlov\u011bka doporu\u010duji pistoli,\u201c \u0159ekl, ne\u017e napodobil v\u00fdst\u0159el.\u00a0Podle pr\u016fzkumu z roku 2023 o n\u011bm m\u00e1 pozitivn\u00ed n\u00e1zor pouze 9 % Rus\u016f, zat\u00edmco 57 % s jeho aktivitami nesouhlas\u00ed.<\/span><\/p>\n<div class=\"wp-block-image\">\n<figure class=\"aligncenter size-large\"><img decoding=\"async\" loading=\"lazy\" class=\"aligncenter\" src=\"https:\/\/i0.wp.com\/www.mintpressnews.com\/wp-content\/uploads\/2024\/02\/AP24054621004034_edited.jpg?w=800&amp;ssl=1\" alt=\"\" width=\"578\" height=\"578\" data-recalc-dims=\"1\" \/><figcaption class=\"wp-element-caption\"><span>P\u0159ihl\u00ed\u017eej\u00edc\u00ed proch\u00e1zej\u00ed kolem provizorn\u00ed pocty Navaln\u00e9mu ozdoben\u00e9 ob\u00e1lkou americk\u00e9ho \u010dasopisu s n\u00e1pisem \u201eMu\u017e Putin se boj\u00ed\u201c v Barcelon\u011b 23. \u00fanora 2024.\u00a0Foto |\u00a0Europa Press prost\u0159ednictv\u00edm AP<\/span><\/figcaption><\/figure>\n<\/div>\n<p><span>Lira na\u0161la \u00fasp\u011bch jako autorka a filma\u0159ka v mlad\u00e9m v\u011bku.\u00a0Mezin\u00e1rodn\u00ed v\u011bhlas v\u0161ak z\u00edskal d\u00edky rusk\u00e9 invazi v roce 2022. Jako Ameri\u010dan \u017eij\u00edc\u00ed v t\u00e9 dob\u011b na Ukrajin\u011b byly jeho my\u0161lenky a pohledy \u0161iroce roz\u0161\u00ed\u0159en\u00e9.\u00a0Daleko od toho, aby byl plachou fialkou, \u010dasto zauj\u00edmal k v\u00e1lce siln\u011b prorusk\u00fd postoj, ukrajinsk\u00e9ho prezidenta Volodymyra Zelensk\u00e9ho ozna\u010dil za \u201ekokehead\u201c a Putinovy \u200b\u200b\u010diny chv\u00e1lil jako \u201ejednu z nejbrilantn\u011bj\u0161\u00edch invaz\u00ed ve vojensk\u00e9 historii\u201c.<\/span><\/p>\n<p><span>Tento typ obsahu rozl\u00edtil jak ukrajinskou vl\u00e1du, tak mnoh\u00e9 ve Spojen\u00fdch st\u00e1tech.\u00a0Nap\u0159\u00edklad Daily Beast na n\u011bj za\u00fato\u010dil a\u00a0<\/span><a href=\"https:\/\/www.thedailybeast.com\/gonzalo-lira-is-a-pro-putin-shill-in-ukraine-and-a-sleazy-manosphere-dating-coach\" target=\"_blank\" rel=\"noreferrer noopener\" data-type=\"link\" data-id=\"https:\/\/www.thedailybeast.com\/gonzalo-lira-is-a-pro-putin-shill-in-ukraine-and-a-sleazy-manosphere-dating-coach\"><span>nazval<\/span><\/a><span>\u00a0ho \u201eproputinovsk\u00fdm stoupencem\u201c a dokonce za\u0161el tak daleko, \u017ee kontaktoval ukrajinskou vl\u00e1du, aby je upozornila na pr\u00e1ci Liry.\u00a0Lira potvrdil, \u017ee byl zat\u010den ukrajinskou tajnou polici\u00ed po \u010dl\u00e1nku Daily Beast.<\/span><\/p>\n<p><span>V kv\u011btnu 2023 byl znovu zat\u010den a svobodu u\u017e nikdy neuvid\u00ed.\u00a0Stejn\u011b jako Navalnyj i Li\u0159ini p\u0159\u00edbuzn\u00ed tvrd\u00ed, \u017ee byl ve v\u011bzen\u00ed t\u011b\u017ece zneu\u017e\u00edv\u00e1n a z jeho smrti vin\u00ed vl\u00e1du.\u00a0&#8222;Nemohu p\u0159ijmout zp\u016fsob, jak\u00fdm m\u016fj syn zem\u0159el.&#8220;\u00a0Byl mu\u010den, vyd\u00edr\u00e1n, dr\u017een na samotce 8 m\u011bs\u00edc\u016f a 11 dn\u00ed a americk\u00e1 ambas\u00e1da neud\u011blala nic, aby m\u00e9mu synovi pomohla,\u201c napsal Li\u0159in otec.\u00a0\u201eOdpov\u011bdnost za tuto trag\u00e9dii nese dikt\u00e1tor Zelenskij [a] se souhlasem seniln\u00edho americk\u00e9ho prezidenta Joe Bidena&#8230; Moje bolest je nesnesiteln\u00e1.\u00a0Sv\u011bt mus\u00ed v\u011bd\u011bt, co se d\u011bje na Ukrajin\u011b s t\u00edmto nelidsk\u00fdm dikt\u00e1torem Zelensk\u00fdm,\u201c dodal.<\/span><\/p>\n<p><span>Zat\u00edmco Lira byla nepochybn\u011b daleko od neutr\u00e1lnosti, nebyl ani z\u00e1padn\u00ed tisk, kter\u00fd do zna\u010dn\u00e9 m\u00edry zaujal proukrajinsk\u00fd, protirusk\u00fd postoj.\u00a0Stejn\u011b jako Navalnyj m\u011bla i Lira kontroverzn\u00ed minulost.\u00a0Pod n\u00e1zvem \u201eCoach Red Pill\u201c nat\u00e1\u010del videa pro seznamov\u00e1n\u00ed a rady ohledn\u011b vztah\u016f pro misogynn\u00ed komunitu Manosphere, ve kter\u00fdch \u00fadajn\u011b d\u00e1val sexistick\u00e9 rady mu\u017e\u016fm, jako nap\u0159\u00edklad:\u00a0B. &#8222;Nikdy nechodte se \u017eenou ve v\u011bku 30 let.&#8220;<\/span><\/p>\n<p class=\"has-medium-font-size\"><span style=\"font-size: 18pt;\"><strong>Ne\u00fanavn\u00fd vizion\u00e1\u0159 versus lidsk\u00e1 spodina<\/strong><\/span><\/p>\n<p><span>Zpravodajstv\u00ed o Navaln\u00e9ho smrti bylo nejen rozs\u00e1hl\u00e9, ale tak\u00e9 vykreslilo zesnul\u00e9ho politick\u00e9ho aktivistu v mimo\u0159\u00e1dn\u011b pozitivn\u00edm sv\u011btle a poskytlo dostatek prostoru postav\u00e1m, kter\u00e9 tvrdily, \u017ee byl skute\u010dn\u011b zavra\u017ed\u011bn ruskou vl\u00e1dou.<\/span><\/p>\n<p><span>Nap\u0159\u00edklad The New York Times publikovaly\u00a0<\/span><a href=\"https:\/\/www.nytimes.com\/2024\/02\/20\/opinion\/navalny-death-putin.html\" target=\"_blank\" rel=\"noreferrer noopener\" data-type=\"link\" data-id=\"https:\/\/www.nytimes.com\/2024\/02\/20\/opinion\/navalny-death-putin.html\"><span>p\u0159\u00edsp\u011bvek<\/span><\/a><span>\u00a0Nady Tolokonnikovov\u00e9 z antiputinovsk\u00e9 punkov\u00e9 kapely Pussy Riot, ve kter\u00e9m \u0159ekla, \u017ee Navalnyj dal \u201enad\u011bji a inspiraci lidem na cel\u00e9m sv\u011bt\u011b\u201c.\u00a0&#8222;Pro mnoh\u00e9 z n\u00e1s v Rusku byl Alexey jako star\u0161\u00ed bratr nebo otcovsk\u00e1 postava,&#8220; \u0159ekla a dodala:<\/span><\/p>\n<p><em><span>\u201ePomohl mn\u011b a milion\u016fm Rus\u016f uv\u011bdomit si, \u017ee na\u0161e zem\u011b nemus\u00ed pat\u0159it agent\u016fm KGB a nohsled\u016fm Kremlu.\u00a0Dal n\u00e1m tak\u00e9 n\u011bco jin\u00e9ho: vizi, kterou nazval \u201ekr\u00e1sn\u00fdm Ruskem budoucnosti\u201c.\u00a0Tato vize je nesmrteln\u00e1, na rozd\u00edl od n\u00e1s lid\u00ed.\u00a0Prezident Vladimir Putin mo\u017en\u00e1 uml\u010del Alexeje, kter\u00fd zem\u0159el minul\u00fd t\u00fdden.\u00a0Ale bez ohledu na to, jak moc se bude sna\u017eit, pan Putin nebude schopen zni\u010dit Aleksej\u016fv kr\u00e1sn\u00fd sen.\u201c<\/span><\/em><\/p>\n<p><span>Naproti tomu skrovn\u00e9 pokryt\u00ed Li\u0159iny smrti v jak\u00fdchkoli m\u00e9di\u00edch p\u0159ipom\u00ednaj\u00edc\u00edch mainstream bylo v drtiv\u00e9 v\u011bt\u0161in\u011b negativn\u00ed.\u00a0Nap\u0159\u00edklad The Daily Beast\u00a0<\/span><a href=\"https:\/\/www.thedailybeast.com\/american-dating-coach-turned-blogger-gonzalo-lira-dies-in-ukraine\" data-type=\"link\" data-id=\"https:\/\/www.thedailybeast.com\/american-dating-coach-turned-blogger-gonzalo-lira-dies-in-ukraine\"><span>s titulkem<\/span><\/a><span>\u00a0\u201eUSA kone\u010dn\u011b potvrzuj\u00ed, \u017ee na Ukrajin\u011b zem\u0159el americk\u00fd seznamovac\u00ed kou\u010d-Turned-Kremlin Shill.\u201c \u201c.\u00a0Podnadpis zn\u011bl: \u201eGonzalo Lira, blogger, kter\u00fd \u0161\u00ed\u0159il kremelskou propagandu na Ukrajin\u011b, zem\u0159el pot\u00e9, co z\u0159ejm\u011b onemocn\u011bl z\u00e1palem plic\u201c, co\u017e znamen\u00e1, \u017ee jeho zat\u010den\u00ed nebo uv\u011bzn\u011bn\u00ed nebylo uvedeno v n\u00e1zvu ani podtitulu.<\/span><\/p>\n<p><span>V\u011bt\u0161ina konzument\u016f m\u00e9di\u00ed (kte\u0159\u00ed ned\u011blaj\u00ed nic v\u00edc, ne\u017e \u017ee \u010dtou titulky) by z tohoto popisu p\u0159edpokl\u00e1dala, \u017ee stra\u0161liv\u00fd \u010dlov\u011bk zem\u0159el p\u0159irozenou smrt\u00ed.\u00a0\u010cl\u00e1nek d\u00e1le roztrhal jeho pov\u011b\u0159ovac\u00ed listiny jako novin\u00e1\u0159e (kter\u00e9 Daily Beast pou\u017eil pouze v \u201euvozovk\u00e1ch\u201c, kdy\u017e o n\u011bm mluvil) a obvinil ho z \u201ehysterick\u00fdch\u201c prohl\u00e1\u0161en\u00ed o ukrajinsk\u00e9 vl\u00e1d\u011b, kter\u00e1 po n\u011bm jde \u2013 i kdy\u017e pr\u00e1v\u011b zem\u0159el v ukrajinsk\u00e9m v\u011bzen\u00ed.<\/span><\/p>\n<p><span>Tento r\u00e1mec \u201edobr\u00e1 v\u011bc, \u017ee \u200b\u200bjsme se toho svinstva zbavili\u201c se dostal k j\u00e1dru toho, jak m\u00e1lo korpor\u00e1tn\u00ed tisk informoval o Li\u0159in\u011b smrti.<\/span><\/p>\n<p class=\"has-medium-font-size\"><span style=\"font-size: 18pt;\"><strong>Hodn\u00e9 a nehodn\u00e9 ob\u011bti<\/strong><\/span><\/p>\n<p><span>Jak m\u016f\u017eeme vysv\u011btlit tak ohromuj\u00edc\u00ed rozpor v hl\u00e1\u0161en\u00ed?\u00a0Skute\u010dnost, \u017ee americk\u00e1 m\u00e9dia tak tvrdo\u0161\u00edjn\u011b ignoruj\u00ed smrt Gonzala Liry \u2013 americk\u00e9ho ob\u010dana \u2013 nelze p\u0159i\u010d\u00edtat jej\u00ed nedostate\u010dn\u00e9 zpravodajsk\u00e9 hodnot\u011b.\u00a0Lira je sp\u00ed\u0161e ob\u011bt\u00ed fenom\u00e9nu, kter\u00fd medi\u00e1ln\u00ed v\u011bdci popisuj\u00ed jako ob\u011bti hodn\u00e9 a nehodn\u00e9.<\/span><\/p>\n<p><span>V roce 1988 v\u011bdci Edward Herman a Noam Chomsky ve sv\u00e9 knize \u201eManufacturing Consent\u201c rozvinuli teorii hodn\u00fdch a nehodn\u00fdch ob\u011bt\u00ed.\u00a0Spole\u010dn\u011b porovnali medi\u00e1ln\u00ed pokryt\u00ed r\u016fzn\u00fdch n\u00e1siln\u00fdch \u010din\u016f po cel\u00e9m sv\u011bt\u011b, aby zjistili, pro\u010d jsou ur\u010dit\u00e1 zv\u011brstva ignorov\u00e1na a pro\u010d se na tituln\u00ed str\u00e1nky dost\u00e1vaj\u00ed jin\u00e1.\u00a0Pro Hermana a Chomsk\u00e9ho z\u00e1vis\u00ed z\u00e1jem m\u00e9di\u00ed o n\u00e1siln\u00fd \u010din v podstat\u011b na dvou faktorech: kdo je pachatel a kdo ob\u011b\u0165?<\/span><\/p>\n<p><span>Pokud je pachatelem nep\u0159\u00e1telsk\u00fd st\u00e1t nebo nep\u0159\u00e1telsk\u00fd akt\u00e9r, pak je medi\u00e1ln\u00ed z\u00e1jem exponenci\u00e1ln\u011b vy\u0161\u0161\u00ed.\u00a0Pokud jsou v\u0161ak na vin\u011b Spojen\u00e9 st\u00e1ty nebo jejich spojenci, m\u00e9dia budou pravd\u011bpodobn\u011b tento p\u0159\u00edb\u011bh ignorovat.\u00a0Pokud jsou ob\u011b\u0165mi Spojen\u00e9 st\u00e1ty nebo spojenci, je jim tak\u00e9 v\u011bnov\u00e1na zna\u010dn\u00e1 pozornost.\u00a0M\u00e9dia v\u0161ak maj\u00ed mal\u00fd z\u00e1jem o zobrazov\u00e1n\u00ed nep\u0159\u00e1telsk\u00fdch herc\u016f nebo st\u00e1t\u016f jako ob\u011bt\u00ed, tak\u017ee tyto p\u0159\u00edpady jsou p\u0159ehl\u00ed\u017eeny.<\/span><\/p>\n<p><span>To je d\u016fvod, pro\u010d nap\u0159\u00edklad Herman a Chomsky zjistili, \u017ee zpravodajstv\u00ed o jedin\u00e9m zavra\u017ed\u011bn\u00e9m kn\u011bzi v nep\u0159\u00e1telsk\u00e9 zemi (komunistick\u00e9 Polsko) zabralo v\u00edce vys\u00edlac\u00edho \u010dasu a v\u00edce \u010dasu v rubrice ne\u017e vra\u017eda v\u00edce ne\u017e 100 c\u00edrkevn\u00edk\u016f p\u0159i masakrech ze strany Spojen\u00fdch st\u00e1t\u016f podporovan\u00fdch skupin v Latinsk\u00e1 Amerika.\u00a0Stru\u010dn\u011b \u0159e\u010deno, va\u0161e smrt bude \u0161iroce hl\u00e1\u0161ena pouze tehdy, pokud z n\u00ed lze z\u00edskat politick\u00fd kapit\u00e1l &#8211; pokud incident umo\u017en\u00ed m\u00e9di\u00edm vykreslit nep\u0159\u00e1telsk\u00e9 strany jako barbarsk\u00e9 a USA nebo sp\u0159\u00e1telen\u00e9 strany jako ctnostn\u00e9 nebo sympatizuj\u00edc\u00ed.<\/span><\/p>\n<p><span>Navalnyj byl politikem podporovan\u00fdm Z\u00e1padem, kter\u00fd se sna\u017eil svrhnout Putina od moci.\u00a0Jeho smrt tedy splnila ob\u011b krit\u00e9ria hodnotn\u00e9ho kontroln\u00edho seznamu ob\u011bt\u00ed, a proto se o n\u011bm tisk nep\u0159etr\u017eit\u011b zab\u00fdval.\u00a0Lira, na druh\u00e9 stran\u011b, byla prorusk\u00e1 novin\u00e1\u0159ka a koment\u00e1torka, kter\u00e1 ne\u00fanavn\u011b kritizovala a \u00fato\u010dila na ukrajinskou vl\u00e1du.\u00a0V o\u010d\u00edch korpor\u00e1tn\u00edch m\u00e9di\u00ed nen\u00ed sympatickou postavou a ani ned\u00e1v\u00e1 politick\u00fd smysl obvi\u0148ovat Zelensk\u00e9ho vl\u00e1du (kter\u00e1 je vytrvale podporov\u00e1na USA) z vra\u017edy americk\u00e9ho ob\u010dana.\u00a0Proto je jeho p\u0159\u00edb\u011bh vynech\u00e1n a neprojde filtry, aby se dostal na na\u0161e obrazovky a do ve\u0159ejn\u00e9ho pov\u011bdom\u00ed.<\/span><\/p>\n<p><span>Tato studie nem\u00e1 v \u017e\u00e1dn\u00e9m p\u0159\u00edpad\u011b za c\u00edl nazna\u010dovat, \u017ee Navaln\u00e9ho smrt nen\u00ed ud\u00e1lost\u00ed, kter\u00e1 stoj\u00ed za zpr\u00e1vy, nebo \u017ee si Lira zaslou\u017e\u00ed stejn\u00e9 nebo v\u011bt\u0161\u00ed pokryt\u00ed.\u00a0Nezauj\u00edm\u00e1 ani stanovisko k Navaln\u00e9mu \u010di Li\u0159e jako jednotlivc\u016fm nebo ke geopolitick\u00fdm spor\u016fm mezi Spojen\u00fdmi st\u00e1ty, Ruskem a Ukrajinou v \u0161ir\u0161\u00edm m\u011b\u0159\u00edtku.\u00a0Jednodu\u0161e pou\u017e\u00edv\u00e1 tyto p\u0159\u00edb\u011bhy jako p\u0159\u00edpadov\u00e9 studie, aby uk\u00e1zal, \u017ee to, co se v mainstreamov\u00fdch m\u00e9di\u00edch objevuje jako \u201ezpr\u00e1vy\u201c, nen\u00ed n\u00e1hodn\u00e9, ale je v\u00fdsledkem vysoce zpolitizovan\u00e9ho procesu.\u00a0Jin\u00fdmi slovy, pokud jde o \u00famrt\u00ed, vra\u017edy nebo atent\u00e1ty, m\u00e9dia o nich pravd\u011bpodobn\u011b informuj\u00ed pouze tehdy, pokud z toho lze n\u011bco z\u00edskat.<\/span><\/p>\n<p><em><span>Autor: Alan Macleod<\/span><\/em><\/p>\n<\/div>\n<\/div>\n<div class=\"elementor-element elementor-element-8c57238 quelle dc-has-condition dc-condition-empty elementor-widget elementor-widget-heading\" data-id=\"8c57238\" data-element_type=\"widget\" data-widget_type=\"heading.default\">\n<div class=\"elementor-widget-container\">\n<h3 class=\"elementor-heading-title elementor-size-default\"><span style=\"font-size: 10pt;\"><a href=\"https:\/\/www.mintpressnews.com\/worthy-vs-unworthy-victims-study-reveals-media-selective-coverage-navalny-lira\/286911\/\" target=\"_blank\" rel=\"nofollow noopener\">ZDROJ<\/a><\/span><\/h3>\n<p>&nbsp;<\/p>\n<\/div>\n<\/div>\n","protected":false},"excerpt":{"rendered":"<p>Nov\u00e1 studie MintPress News o medi\u00e1ln\u00edm pokryt\u00ed smrti americk\u00e9ho novin\u00e1\u0159e a koment\u00e1tora Gonzala Liry a&#8230;<\/p>\n","protected":false},"author":2,"featured_media":48334,"comment_status":"closed","ping_status":"closed","sticky":false,"template":"","format":"standard","meta":[],"categories":[7],"tags":[1042,6462,158,301],"_links":{"self":[{"href":"https:\/\/www.infokuryr.cz\/n\/wp-json\/wp\/v2\/posts\/48333"}],"collection":[{"href":"https:\/\/www.infokuryr.cz\/n\/wp-json\/wp\/v2\/posts"}],"about":[{"href":"https:\/\/www.infokuryr.cz\/n\/wp-json\/wp\/v2\/types\/post"}],"author":[{"embeddable":true,"href":"https:\/\/www.infokuryr.cz\/n\/wp-json\/wp\/v2\/users\/2"}],"replies":[{"embeddable":true,"href":"https:\/\/www.infokuryr.cz\/n\/wp-json\/wp\/v2\/comments?post=48333"}],"version-history":[{"count":1,"href":"https:\/\/www.infokuryr.cz\/n\/wp-json\/wp\/v2\/posts\/48333\/revisions"}],"predecessor-version":[{"id":48335,"href":"https:\/\/www.infokuryr.cz\/n\/wp-json\/wp\/v2\/posts\/48333\/revisions\/48335"}],"wp:featuredmedia":[{"embeddable":true,"href":"https:\/\/www.infokuryr.cz\/n\/wp-json\/wp\/v2\/media\/48334"}],"wp:attachment":[{"href":"https:\/\/www.infokuryr.cz\/n\/wp-json\/wp\/v2\/media?parent=48333"}],"wp:term":[{"taxonomy":"category","embeddable":true,"href":"https:\/\/www.infokuryr.cz\/n\/wp-json\/wp\/v2\/categories?post=48333"},{"taxonomy":"post_tag","embeddable":true,"href":"https:\/\/www.infokuryr.cz\/n\/wp-json\/wp\/v2\/tags?post=48333"}],"curies":[{"name":"wp","href":"https:\/\/api.w.org\/{rel}","templated":true}]}}