{"id":4831,"date":"2021-09-18T06:14:33","date_gmt":"2021-09-18T04:14:33","guid":{"rendered":"http:\/\/www.infokuryr.cz\/n\/?p=4831"},"modified":"2021-09-20T04:03:26","modified_gmt":"2021-09-20T02:03:26","slug":"47-lete-zene-z-minnesoty-amputovali-po-vakcine-pfizer-obe-ruce-i-nohy","status":"publish","type":"post","link":"https:\/\/www.infokuryr.cz\/n\/2021\/09\/18\/47-lete-zene-z-minnesoty-amputovali-po-vakcine-pfizer-obe-ruce-i-nohy\/","title":{"rendered":"47-let\u00e9 \u017een\u011b z Minnesoty amputovali po vakc\u00edn\u011b Pfizer ob\u011b ruce i nohy"},"content":{"rendered":"<div id=\"fb-root\"><\/div>\n<p>47-let\u00e1 k\u0159es\u0165ansk\u00e1 mision\u00e1\u0159ka a nigerijsk\u00e1 imigrantka je po o\u010dkov\u00e1n\u00ed vakc\u00ednou od Pfizeru proti onemocn\u011bn\u00ed Covid-19 trvale handicapovan\u00e1 a od zdravotnick\u00e9ho establi\u0161mentu dost\u00e1v\u00e1 sam\u00e1 l\u017eiv\u00e1 vysv\u011btlen\u00ed.<\/p>\n<p>Svou druhou d\u00e1vku mRNA vakc\u00edny dostala pan\u00ed Jummai Nacheov\u00e1 podle informac\u00ed uveden\u00fdch na str\u00e1nce GoFundMe (kter\u00e1 pom\u00e1h\u00e1 se soukrom\u00fdmi sb\u00edrkami), 1. \u00fanora 2021.<\/p>\n<p>Vr\u00e1tila se do pr\u00e1ce a okam\u017eit\u011b poci\u0165ovala bolesti v hrudi.\u00a0Nep\u0159\u00edjemn\u00e9 pocity a bolest trvaly a\u017e do 6. \u00fanora, kdy ji jej\u00ed man\u017eel, pan Phillip Nacht, odvezl na pohotovost.<\/p>\n<p>L\u00e9ka\u0159i j\u00ed ud\u011blali elektrokardiogram (EKG), no a \u0159ekli, \u017ee s jej\u00edm srdcem nic nen\u00ed. P\u0159esto\u017ee pan\u00ed Nacheov\u00e1 byla &#8222;pln\u011b o\u010dkovan\u00e1&#8220;, l\u00e9ka\u0159i j\u00ed diagnostikovali onemocn\u011bn\u00ed COVID-19.<\/p>\n<p>Pan Nacht nazval diagn\u00f3zu &#8222;\u0161okuj\u00edc\u00ed&#8220;, proto\u017ee jeho man\u017eelka p\u0159ed pod\u00e1n\u00edm druh\u00e9 d\u00e1vky experiment\u00e1ln\u00ed <a href=\"https:\/\/www.badatel.net\/sam-vynalezca-mrna-vakcin-ich-spochybnil-teraz-mu-hrozi-vrazda\/\">mRNA vakc\u00edny<\/a>\u00a0nejevila \u017e\u00e1dn\u00e9 p\u0159\u00edznaky.\u00a0Nemocnice pan\u00ed Nacheov\u00fa propustila s p\u0159\u00edkazem \u0159\u00eddit se sm\u011brnicemi CDC pro onemocn\u011bn\u00ed COVID-19.<\/p>\n<p>13. \u00fanora, kdy se jej\u00ed stav zhor\u0161il, se pan\u00ed Nacheov\u00e1 na pohotovost vr\u00e1tila.\u00a0Na dal\u0161\u00ed pozorov\u00e1n\u00ed ji p\u0159elo\u017eili do Zdravotn\u00edho centra Minnesotsk\u00e9 univerzity.<\/p>\n<p>Po zji\u0161t\u011bn\u00ed, \u017ee m\u00e1 katastrof\u00e1ln\u00ed n\u00edzk\u00e9 hladiny kysl\u00edku a krevn\u00ed tlak, ji l\u00e9ka\u0159i napojili na um\u011blou plicn\u00ed ventilaci.\u00a0&#8222;Zhor\u0161ovalo&#8220; se i jej\u00ed srdce.<\/p>\n<h2>Dal\u0161\u00ed diagn\u00f3zy a amputace<\/h2>\n<p>L\u00e9ka\u0159i panu Nacheovi \u0159ekli, \u017ee jeho man\u017eelka m\u016f\u017ee ka\u017edou chv\u00edli zem\u0159\u00edt.\u00a0Pr\u00e1v\u011b bojovala s arteri\u00e1ln\u00ed krevn\u00edmi sra\u017eeninami, isch\u00e9mi\u00ed a kardiomyopati\u00ed.<\/p>\n<p>L\u00e9ka\u0159i odpojili um\u011blou plicn\u00ed ventilaci ve spr\u00e1vn\u00e9m \u010dase.<\/p>\n<p>Pan\u00ed Nacheov\u00e1 v\u0161ak pot\u0159ebovala bilater\u00e1ln\u00ed transtibi\u00e1lnu amputaci &#8211; chirurgick\u00e9 odstran\u011bn\u00ed obou nohou pod koleny.\u00a0Siln\u011b po\u0161kozen\u00e9 m\u00e1 i ruce, kter\u00e9 je po dol\u00e9\u010den\u00ed operovan\u00fdch nohou t\u0159eba \u010d\u00e1ste\u010dn\u011b \u010di \u00fapln\u011b amputovat.<\/p>\n<p>Toto bohu\u017eel nen\u00ed prvn\u00ed p\u0159\u00edpad, kdy jsme psali o amputac\u00edch po o\u010dkov\u00e1n\u00ed.<\/p>\n<p><a href=\"https:\/\/thecovidblog.com\/2021\/05\/09\/dave-mears-58-year-old-british-man-has-leg-amputated-after-bloody-infection-following-astrazeneca-shot\/\" target=\"_blank\" rel=\"noopener\">Dr.\u00a0David Mears<\/a>\u00a0dostal experiment\u00e1ln\u00ed virovou vektorovou DNA vakc\u00ednu AstraZeneca.\u00a0N\u011bkolik t\u00fddn\u016f nato mu museli pod kolenem amputovat levou nohu.<\/p>\n<p>Podobn\u011b jako u pana Mears, iu pan\u00ed Nacheovej se po o\u010dkov\u00e1n\u00ed z\u0159ejm\u011b vytvo\u0159ily sra\u017eeniny, kter\u00e9 vedly k hlubok\u00e9 \u017eiln\u00ed tromb\u00f3ze nebo ke kritick\u00e9 kon\u010detinov\u00e9 isch\u00e9mii.\u00a0L\u00e9ka\u0159i, a\u0165 u\u017e z\u00e1m\u011brn\u011b nebo ne, pan\u00ed nachov\u00e1 po prvn\u00ed n\u00e1v\u0161t\u011bv\u011b na pohotovosti o ven\u00f3zn\u00ed tromboembolii (krevn\u00edch sra\u017eenin) nic ne\u0159ekli.<\/p>\n<p><a href=\"https:\/\/www.ncbi.nlm.nih.gov\/pmc\/articles\/PMC2883205\/\" target=\"_blank\" rel=\"noopener\">Studie z roku 2010<\/a>\u00a0, publikovan\u00e1 v \u010dasopise An\u00e1ly hrudn\u00ed medic\u00edny, zjistila, \u017ee l\u00e9ka\u0159i u asymptomatick\u00fdch pacient\u016f \u010dasto zapom\u00ednaj\u00ed prov\u00e9st systematick\u00fd screening na ven\u00f3zn\u00ed tromboembolii.<\/p>\n<p>V tomto p\u0159\u00edpad\u011b je v\u0161ak probl\u00e9mem to, \u017ee EKG u\u010din\u011bno bylo, no a oni \u0159ekli, \u017ee nic nena\u0161li. L\u00e9ka\u0159i z Minnesotsk\u00e9 univerzity cht\u011bj\u00ed, aby Nacheovci v\u011b\u0159ili, \u017ee toto v\u0161e bylo zp\u016fsobeno &#8222;onemocn\u011bn\u00edm COVID-19&#8220; a ne vakc\u00ednou.<\/p>\n<h2>L\u00e9ka\u0159sk\u00e1 gymnastika<\/h2>\n<p>Podle pana Nacht v laborato\u0159i st\u00e1le existuje p\u016fvodn\u00ed krevn\u00ed vzorek jeho man\u017eelky.\u00a0\u017d\u00e1dali o druh\u00fd a dokonce o t\u0159et\u00ed n\u00e1zor od nez\u00e1visl\u00fdch expert\u016f.<\/p>\n<p>L\u00e9ka\u0159i pan\u00ed Nacheovej \u0159ekli, \u017ee &#8222;srdce je na 100% uzdraveny&#8220;.\u00a0Tomu je v\u0161ak t\u011b\u017ek\u00e9 uv\u011b\u0159it.<\/p>\n<p>Nacheovci nev\u011b\u0159\u00ed ani p\u0159\u00edb\u011bhu o COVID-19.\u00a0Pan Nacht \u0159ekl, \u017ee CDC polo\u017eil n\u00e1sleduj\u00edc\u00ed ot\u00e1zky (kter\u00e9 nebudou z\u0159ejm\u011b nikdy zodpov\u011bzeny):<\/p>\n<p><em>1. Kdy\u017e se za\u010daly jej\u00ed p\u0159\u00edznaky, byl jsem s n\u00ed, spolu jsme jedli a spali, m\u016fj test v\u0161ak vy\u0161el negativn\u00ed a nem\u011bl jsem \u017e\u00e1dn\u00e9 symptomy.\u00a0Pro\u010d nejsem pozitivn\u00ed j\u00e1?<\/em><\/p>\n<p><em>2. Pokud dostala tu vakc\u00ednu p\u0159ed virem, nebo jejich dostala najednou, zp\u016fsobil takov\u00e9 ne\u017e\u00e1douc\u00ed \u00fa\u010dinky st\u0159et onemocn\u011bn\u00ed Covid-19 s vakc\u00ednou?\u00a0Pro\u010d n\u00e1m o tom nedali v\u011bd\u011bt CDC nebo Pfizer?\u00a0Nebo, pro\u010d p\u0159ed pod\u00e1n\u00edm vakc\u00edny v\u0161ech ne\u017e\u00e1dali, aby se daly nejprve otestovat na Covid-19?<\/em><\/p>\n<p><em>3. Pokud m\u00e1 vakc\u00edna porazit virus, a\u0165 u\u017e jeho zni\u010den\u00edm nebo oslaben\u00edm jeho \u00fa\u010dinku, pro\u010d to ne\u017e\u00e1douc\u00ed t\u011b\u017ek\u00e9 po\u0161kozen\u00ed?\u00a0Pokud vakc\u00edna na zdol\u00e1n\u00ed viru nezabrala, jakou roli sehr\u00e1la vakc\u00edna v Jummainom t\u011ble?<\/em><\/p>\n<h2>Progn\u00f3za a v\u00edra v Boha<\/h2>\n<p>L\u00e9ka\u0159i z Minnesotsk\u00e9 univerzity \u0159\u00edkaj\u00ed, \u017ee nedok\u00e1\u017e\u00ed ov\u011b\u0159it, zda celou trauma zp\u016fsobila vakc\u00edna spole\u010dnosti Pfizer. Jedin\u00fd &#8222;nezvratn\u00fd&#8220; d\u016fvod, kter\u00fd ud\u00e1vaj\u00ed, je multisyst\u00e9mov\u00e9 z\u00e1n\u011btliv\u00fd syndrom dosp\u011bl\u00fdch (MIS-A), zp\u016fsoben\u00fd onemocn\u011bn\u00edm COVID-19.<\/p>\n<p>Pan\u00ed Nacheov\u00e1 bude pot\u0159ebovat spoustu dal\u0161\u00edch operac\u00ed a v jist\u00e9m bod\u011b i prot\u00e9zy.\u00a0Na jej\u00ed str\u00e1nce na LinkedIn se p\u00ed\u0161e, \u017ee byla v\u016fdkyn\u011b studentsk\u00fdch t\u00fdmu na pr\u016fmyslovce v Hennepine.<\/p>\n<p>Tak\u00e9 studovala, aby se stala diplomovanou praktickou zdravotn\u00ed sestrou.\u00a0Z\u00edskala i titul magistry v k\u0159es\u0165ansk\u00e9m vzd\u011bl\u00e1v\u00e1n\u00ed.<\/p>\n<p>Man\u017eel\u00e9 Nacheoci jsou v Minneapolis zn\u00e1m\u00ed svou mision\u00e1\u0159skou prac\u00ed mezi africk\u00fdmi imigranty.\u00a0Nov\u00fd \u017eivot sv\u00e9 \u017eeny d\u00e1v\u00e1 pan Nacht na stejnou \u00farove\u0148 jako ten Job\u016fv v Bibli.<\/p>\n<p>Job, navzdory sv\u00e9 v\u00ed\u0159e v Boha, byl pron\u00e1sledov\u00e1n v\u0161emo\u017en\u00fdm ne\u0161t\u011bst\u00edm, v\u010detn\u011b ztr\u00e1ty v\u0161ech sv\u00fdch v\u011bc\u00ed a posti\u017een\u00ed chorobou.\u00a0Utrpen\u00ed testuje va\u0161i v\u00edru v Boha a to je i postoj Nacheovcov.<\/p>\n<p>Od zve\u0159ejn\u011bn\u00ed shrom\u00e1\u017edila str\u00e1nka\u00a0<a href=\"https:\/\/www.gofundme.com\/f\/22h9pf-fundraiser-for-jummai-naches-medical-expenses\" target=\"_blank\" rel=\"noopener\">GoFundMe skoro<\/a>\u00a0104 000 dolar\u016f.<\/p>\n<h2>Chcete-li pomoci, nezmi\u0148ujte se o &#8222;vakc\u00edn\u011b&#8220;<\/h2>\n<p>Jakmile jste o\u010dkov\u00e1ni t\u011bmi experiment\u00e1ln\u00edmi mRNA \u010di virov\u00fdmi vektorov\u00fdmi DNA jedy, je jen ot\u00e1zkou \u010dasu, kdy se objev\u00ed ne\u017e\u00e1douc\u00ed \u00fa\u010dinky.<\/p>\n<p>V\u011bt\u0161ina p\u0159\u00edjemc\u016f hrd\u011b trp\u00ed, nebo zem\u0159e, co\u017e je u o\u010dkovan\u00fdch lid\u00ed znepokojiv\u00fd model.\u00a0N\u011bkte\u0159\u00ed to v\u0161ak opravdu\u00a0<a href=\"https:\/\/www.badatel.net\/ameriku-zasahuje-vakcinova-lutost-tych-ktori-sa-nechali-zaockovat\/\">lituj\u00ed<\/a>\u00a0a kdy\u017e se objev\u00ed ne\u017e\u00e1douc\u00ed \u00fa\u010dinky, hledaj\u00ed pomoc.\u00a0P\u0159eji jim hodn\u011b \u0161t\u011bst\u00ed.<\/p>\n<p>Z\u0159ejm\u011b nejz\u00e1\u0159iv\u011bj\u0161\u00edm n\u00e1mi uveden\u00fdm p\u0159\u00edkladem toho, jak zdravotnick\u00fd establi\u0161ment za ka\u017edou cenu br\u00e1n\u00ed sv\u00e9 smrt\u00edc\u00ed vakc\u00edny, je pan Fred Pye.<\/p>\n<p>Kanad\u0161t\u00ed zdravotn\u00edci panu Pyeovou doslova \u0159ekli, \u017ee pokud chce opravdu pomoci, aby se l\u00e9ka\u0159\u016fm nezmi\u0148oval o vakc\u00edn\u00e1ch.\u00a0L\u00e9ka\u0159sk\u00e9 loutky se \u0159\u00edd\u00ed p\u0159\u00edkazy sv\u00fdch p\u00e1n\u016f ve spole\u010dnostech Pfizer, Moderna, Merck, Johnson &amp; Johnson, AstraZeneca a podobn\u011b.<\/p>\n<p>Hippokratova p\u0159\u00edsaha je mrtv\u00e1.\u00a0Zdravotnick\u00fd pr\u016fmysl v letech 2020 &#8211; 2021 uk\u00e1zal, jak\u00fd opravdu je.\u00a0Je va\u0161\u00ed volbou, jestli vid\u00edte to, co je o\u010dividn\u00e9, nebo d\u00e1le kr\u00e1\u010d\u00edte na vlastn\u00ed popravu.<\/p>\n<p><strong>M\u011bjte se na pozoru a chra\u0148te sv\u00e9 p\u0159\u00e1tele a bl\u00edzk\u00e9.<\/strong><\/p>\n<p>(Jummai Nacheov\u00e1,\u00a0<a href=\"https:\/\/thecovidblog.com\/2021\/07\/26\/jummai-nache-47-year-old-minnesota-woman-gets-both-legs-and-hands-amputated-after-severe-pfizer-mrna-adverse-reactions\/\" target=\"_blank\" rel=\"noopener\">TheCOVIDBlog.com<\/a>\u00a0)<\/p>\n<p>&nbsp;<\/p>\n<p>&nbsp;<\/p>\n","protected":false},"excerpt":{"rendered":"<p>47-let\u00e1 k\u0159es\u0165ansk\u00e1 mision\u00e1\u0159ka a nigerijsk\u00e1 imigrantka je po o\u010dkov\u00e1n\u00ed vakc\u00ednou od Pfizeru proti onemocn\u011bn\u00ed Covid-19&#8230;<\/p>\n","protected":false},"author":2,"featured_media":4832,"comment_status":"closed","ping_status":"closed","sticky":false,"template":"","format":"standard","meta":[],"categories":[7],"tags":[1215,23,213,315,474,651,21,1214],"_links":{"self":[{"href":"https:\/\/www.infokuryr.cz\/n\/wp-json\/wp\/v2\/posts\/4831"}],"collection":[{"href":"https:\/\/www.infokuryr.cz\/n\/wp-json\/wp\/v2\/posts"}],"about":[{"href":"https:\/\/www.infokuryr.cz\/n\/wp-json\/wp\/v2\/types\/post"}],"author":[{"embeddable":true,"href":"https:\/\/www.infokuryr.cz\/n\/wp-json\/wp\/v2\/users\/2"}],"replies":[{"embeddable":true,"href":"https:\/\/www.infokuryr.cz\/n\/wp-json\/wp\/v2\/comments?post=4831"}],"version-history":[{"count":0,"href":"https:\/\/www.infokuryr.cz\/n\/wp-json\/wp\/v2\/posts\/4831\/revisions"}],"wp:featuredmedia":[{"embeddable":true,"href":"https:\/\/www.infokuryr.cz\/n\/wp-json\/wp\/v2\/media\/4832"}],"wp:attachment":[{"href":"https:\/\/www.infokuryr.cz\/n\/wp-json\/wp\/v2\/media?parent=4831"}],"wp:term":[{"taxonomy":"category","embeddable":true,"href":"https:\/\/www.infokuryr.cz\/n\/wp-json\/wp\/v2\/categories?post=4831"},{"taxonomy":"post_tag","embeddable":true,"href":"https:\/\/www.infokuryr.cz\/n\/wp-json\/wp\/v2\/tags?post=4831"}],"curies":[{"name":"wp","href":"https:\/\/api.w.org\/{rel}","templated":true}]}}