{"id":48251,"date":"2024-03-01T00:40:32","date_gmt":"2024-02-29T23:40:32","guid":{"rendered":"https:\/\/www.infokuryr.cz\/n\/?p=48251"},"modified":"2024-02-29T16:45:45","modified_gmt":"2024-02-29T15:45:45","slug":"tezke-izraelske-nalety-osvetluji-syrsky-damasek","status":"publish","type":"post","link":"https:\/\/www.infokuryr.cz\/n\/2024\/03\/01\/tezke-izraelske-nalety-osvetluji-syrsky-damasek\/","title":{"rendered":"T\u011b\u017ek\u00e9 izraelsk\u00e9 n\u00e1lety osv\u011btluj\u00ed syrsk\u00fd Dama\u0161ek"},"content":{"rendered":"<div id=\"fb-root\"><\/div>\n<p><strong><span>Koncem 28. \u00fanora zas\u00e1hly podle Syrsk\u00e9 arabsk\u00e9 tiskov\u00e9 agentury t\u011b\u017ek\u00e9 izraelsk\u00e9 \u00fadery ji\u017en\u00ed okraj syrsk\u00e9ho hlavn\u00edho m\u011bsta Dama\u0161ku.<\/span><\/strong><\/p>\n<p><em>\u201eIzraelsk\u00fd nep\u0159\u00edtel zah\u00e1jil leteck\u00e9 \u00fatoky ze sm\u011bru od okupovan\u00fdch syrsk\u00fdch Golan a zam\u011b\u0159il se na \u0159adu m\u00edst na dama\u0161sk\u00e9m venkov\u011b,\u201c uvedl vojensk\u00fd p\u0159edstavitel v prohl\u00e1\u0161en\u00ed pro st\u00e1tn\u00ed agenturu.<\/em><\/p>\n<p><span>V\u011bt\u0161ina nep\u0159\u00e1telsk\u00fdch raket byla sest\u0159elena, dodal nejmenovan\u00fd \u010dinitel s t\u00edm, \u017ee ztr\u00e1ty z \u00fatoku byly omezeny na materi\u00e1l.<\/span><\/p>\n<p><span>Videa zve\u0159ejn\u011bn\u00e1 na soci\u00e1ln\u00edch s\u00edt\u00edch ukazovala \u00fasp\u011b\u0161n\u00e9 zachycen\u00ed syrskou protivzdu\u0161nou obranou a tak\u00e9 velk\u00e9 exploze ze sm\u011bru od \u0161\u00editsk\u00e9ho m\u011bsta Set Zaynab, zn\u00e1m\u00e9 ba\u0161ty libanonsk\u00e9ho Hizball\u00e1hu a dal\u0161\u00edch sil podporovan\u00fdch \u00cdr\u00e1nem.\u00a0Pozd\u011bji televize Al-Mayadeen se s\u00eddlem v Bejr\u00fatu, kter\u00e1 je bl\u00edzko Osy odporu, potvrdila, \u017ee m\u011bsto bylo zasa\u017eeno.<\/span><\/p>\n<p><iframe loading=\"lazy\" src=\"https:\/\/s4.cdnstatic.space\/wp-content\/uploads\/2024\/02\/video_2024-02-29_00-03-11.mp4\" width=\"600\" height=\"338\" data-mce-fragment=\"1\"><\/iframe><\/p>\n<p><iframe loading=\"lazy\" src=\"https:\/\/s4.cdnstatic.space\/wp-content\/uploads\/2024\/02\/twitsave.com_HO1kuixxNDRdLakh.mp4\" width=\"600\" height=\"338\" data-mce-fragment=\"1\"><\/iframe><\/p>\n<p><iframe loading=\"lazy\" src=\"https:\/\/s4.cdnstatic.space\/wp-content\/uploads\/2024\/02\/twitsave.com_ve1BXmT2cm5-TYTC.mp4\" width=\"600\" height=\"338\" data-mce-fragment=\"1\"><\/iframe><\/p>\n<p><span>N\u00e1sleduj\u00edc\u00ed den, 29. \u00fanora, uv\u00edzl izraelsk\u00fd bojov\u00fd dron kamion pobl\u00ed\u017e z\u00e1padosyrsk\u00e9ho m\u011bsta al-Qusayr, kter\u00e9 se podle Sputniku nach\u00e1z\u00ed bl\u00edzko hranic s Libanonem.\u00a0Rusk\u00e1 tiskov\u00e1 agentura uvedla, \u017ee p\u0159i \u00fatoku byl zabit mu\u017e a dal\u0161\u00ed byl zran\u011bn.<\/span><\/p>\n<div id=\"attachment_200823\" class=\"wp-caption aligncenter\" style=\"width: 589px;\"><a href=\"https:\/\/s2.cdnstatic.space\/wp-content\/uploads\/2024\/02\/430210870_7577242982308305_1028498642480125972_n.jpg\" target=\"_blank\" rel=\"noopener\"><img decoding=\"async\" loading=\"lazy\" class=\"wp-image-200823 \" title=\"T\u011b\u017ek\u00e9 izraelsk\u00e9 n\u00e1lety osv\u011btluj\u00ed syrsk\u00fd Dama\u0161ek (Videa)\" src=\"https:\/\/s4.cdnstatic.space\/wp-content\/uploads\/2024\/02\/430210870_7577242982308305_1028498642480125972_n.jpg\" sizes=\"(max-width: 600px) 100vw, 600px\" srcset=\"https:\/\/s2.cdnstatic.space\/wp-content\/uploads\/2024\/02\/430210870_7577242982308305_1028498642480125972_n.jpg 600w, https:\/\/s2.cdnstatic.space\/wp-content\/uploads\/2024\/02\/430210870_7577242982308305_1028498642480125972_n-490x276.jpg 490w\" alt=\"T\u011b\u017ek\u00e9 izraelsk\u00e9 n\u00e1lety osv\u011btluj\u00ed syrsk\u00fd Dama\u0161ek (Videa)\" width=\"589\" height=\"332\" aria-describedby=\"caption-attachment-200823\" \/><\/a><\/p>\n<p id=\"caption-attachment-200823\" class=\"wp-caption-text\"><span>Kliknut\u00edm zobraz\u00edte obr\u00e1zek v pln\u00e9 velikosti.\u00a0P\u0159es X.<\/span><\/p>\n<\/div>\n<p><span>Hizball\u00e1h tak\u00e9 udr\u017euje velkou p\u0159\u00edtomnost v al-Qusayr a tak\u00e9 na nedalek\u00e9m neaktivn\u00edm vojensk\u00e9m leti\u0161ti Dabaa v jihoz\u00e1padn\u00ed krajin\u011b guvernor\u00e1tu Homs.\u00a0T\u0159i bojovn\u00edci skupiny byli \u00fadajn\u011b zabiti v t\u00e9to oblasti za\u010d\u00e1tkem tohoto t\u00fddne, kdy\u017e izraelsk\u00fd dron zas\u00e1hl kamion.<\/span><\/p>\n<p><span>Izrael od vypuknut\u00ed v\u00e1lky v p\u00e1smu Gazy v\u00fdrazn\u011b eskaloval sv\u00e9 \u00fatoky na S\u00fdrii, p\u0159i\u010dem\u017e se zam\u011b\u0159oval p\u0159edev\u0161\u00edm na syrsk\u00e1 vojensk\u00e1 m\u00edsta a person\u00e1l \u00edr\u00e1nsk\u00fdch isl\u00e1msk\u00fdch revolu\u010dn\u00edch gard a p\u0159idru\u017een\u00fdch sil.<\/span><\/p>\n<p><span>S\u00fdrie, kter\u00e1 byla zm\u00edt\u00e1na v\u00edce ne\u017e desetilet\u00fdm v\u00e1le\u010dn\u00fdm konfliktem, se dosud z velk\u00e9 \u010d\u00e1sti zdr\u017eela reakce na opakovan\u00e9 \u00fatoky Izraele, aby se vyhnula nebezpe\u010dn\u00e9 konfrontaci.<\/span><\/p>\n<p><img decoding=\"async\" loading=\"lazy\" class=\"alignnone size-full wp-image-1185\" src=\"http:\/\/www.infokuryr.cz\/n\/wp-content\/uploads\/2021\/04\/kuryr-podpis.png\" alt=\"\" width=\"84\" height=\"24\" \/><\/p>\n<p>&nbsp;<\/p>\n","protected":false},"excerpt":{"rendered":"<p>Koncem 28. \u00fanora zas\u00e1hly podle Syrsk\u00e9 arabsk\u00e9 tiskov\u00e9 agentury t\u011b\u017ek\u00e9 izraelsk\u00e9 \u00fadery ji\u017en\u00ed okraj syrsk\u00e9ho&#8230;<\/p>\n","protected":false},"author":2,"featured_media":48252,"comment_status":"closed","ping_status":"closed","sticky":false,"template":"","format":"standard","meta":[],"categories":[7],"tags":[3343,107,3535,147,5135],"_links":{"self":[{"href":"https:\/\/www.infokuryr.cz\/n\/wp-json\/wp\/v2\/posts\/48251"}],"collection":[{"href":"https:\/\/www.infokuryr.cz\/n\/wp-json\/wp\/v2\/posts"}],"about":[{"href":"https:\/\/www.infokuryr.cz\/n\/wp-json\/wp\/v2\/types\/post"}],"author":[{"embeddable":true,"href":"https:\/\/www.infokuryr.cz\/n\/wp-json\/wp\/v2\/users\/2"}],"replies":[{"embeddable":true,"href":"https:\/\/www.infokuryr.cz\/n\/wp-json\/wp\/v2\/comments?post=48251"}],"version-history":[{"count":0,"href":"https:\/\/www.infokuryr.cz\/n\/wp-json\/wp\/v2\/posts\/48251\/revisions"}],"wp:featuredmedia":[{"embeddable":true,"href":"https:\/\/www.infokuryr.cz\/n\/wp-json\/wp\/v2\/media\/48252"}],"wp:attachment":[{"href":"https:\/\/www.infokuryr.cz\/n\/wp-json\/wp\/v2\/media?parent=48251"}],"wp:term":[{"taxonomy":"category","embeddable":true,"href":"https:\/\/www.infokuryr.cz\/n\/wp-json\/wp\/v2\/categories?post=48251"},{"taxonomy":"post_tag","embeddable":true,"href":"https:\/\/www.infokuryr.cz\/n\/wp-json\/wp\/v2\/tags?post=48251"}],"curies":[{"name":"wp","href":"https:\/\/api.w.org\/{rel}","templated":true}]}}