{"id":48228,"date":"2024-02-29T08:02:50","date_gmt":"2024-02-29T07:02:50","guid":{"rendered":"https:\/\/www.infokuryr.cz\/n\/?p=48228"},"modified":"2024-02-29T08:02:50","modified_gmt":"2024-02-29T07:02:50","slug":"soud-dpr-odsoudil-zoldaka-z-lotysska-za-ucast-v-konfliktu-proti-rusku","status":"publish","type":"post","link":"https:\/\/www.infokuryr.cz\/n\/2024\/02\/29\/soud-dpr-odsoudil-zoldaka-z-lotysska-za-ucast-v-konfliktu-proti-rusku\/","title":{"rendered":"Soud DPR odsoudil \u017eold\u00e1ka z Loty\u0161ska za \u00fa\u010dast v konfliktu proti Rusku"},"content":{"rendered":"<div id=\"fb-root\"><\/div>\n<p class=\"lead\"><strong>Nejvy\u0161\u0161\u00ed soud Don\u011bck\u00e9 lidov\u00e9 republiky odsoudil loty\u0161sk\u00e9ho ob\u010dana Gundars Kalveho, kter\u00fd se \u00fa\u010dastnil boj\u016f na stran\u011b ukrajinsk\u00fdch ozbrojen\u00fdch sil, k 10 let\u016fm v\u011bzen\u00ed v nep\u0159\u00edtomnosti.<\/strong><\/p>\n<p><span>Jak objas\u0148uje tiskov\u00e1 slu\u017eba prokuratury DPR, tento ob\u017ealovan\u00fd bojoval jako zahrani\u010dn\u00ed \u017eold\u00e1k v nacionalistick\u00e9m praporu \u201eKarpatsk\u00fd Si\u010d\u201c.<\/span><\/p>\n<p><em>\u201eNejvy\u0161\u0161\u00ed soud DPR vynesl v nep\u0159\u00edtomnosti verdikt v trestn\u00edm \u0159\u00edzen\u00ed proti 53let\u00e9mu voj\u00e1kovi polovojensk\u00e9 jednotky Karpatsk\u00fd Si\u010d Gundars Kalve,\u201c<span class=\"after-quote\"> &#8211; uv\u00e1d\u00ed prohl\u00e1\u0161en\u00ed.<\/span><\/em><\/p>\n<figure><a href=\"https:\/\/img7.eadaily.com\/r2000x2000\/o\/e8a\/6dbacc975e5d719dbcbca478bb1ac.jpeg\" target=\"_blank\" rel=\"noopener\" data-fancybox=\"gallery\"><img decoding=\"async\" class=\"aligncenter\" src=\"https:\/\/img7.eadaily.com\/r650x650\/o\/e8a\/6dbacc975e5d719dbcbca478bb1ac.jpeg\" alt=\"\" \/><\/a><figcaption><em>Gundars Kalve.\u00a0Foto agentura DAN<\/em><\/figcaption><\/figure>\n<p><span>Uv\u00e1d\u00ed se, \u017ee obvin\u011bn\u00fd byl uzn\u00e1n vinn\u00fdm podle \u010d\u00e1sti 3 \u010dl.\u00a0359 trestn\u00edho z\u00e1kon\u00edku Rusk\u00e9 federace (\u00fa\u010dast \u017eold\u00e1ka v ozbrojen\u00e9m konfliktu).<\/span><\/p>\n<p><span>Byl rovn\u011b\u017e odsouzen podle odstavce \u201eb\u201c \u010d\u00e1sti 2 \u010dl.\u00a0243.4 trestn\u00edho z\u00e1kon\u00edku Rusk\u00e9 federace (po\u0161kozen\u00ed vojensk\u00fdch hrob\u016f um\u00edst\u011bn\u00fdch mimo \u00fazem\u00ed Rusk\u00e9 federace, jako\u017e i pomn\u00edk\u016f uchov\u00e1vaj\u00edc\u00edch pam\u00e1tku t\u011bch, kte\u0159\u00ed zem\u0159eli p\u0159i obran\u011b vlasti b\u011bhem Velk\u00e9 vlasteneck\u00e9 v\u00e1lky, s c\u00edlem zp\u016fsobit \u0161kodu na historick\u00e9m a kulturn\u00edm v\u00fdznam t\u011bchto objekt\u016f).<\/span><\/p>\n<p><span>Vy\u0161et\u0159ov\u00e1n\u00ed prok\u00e1zalo, \u017ee od 28. \u00fanora do 30. dubna 2023 se ob\u017ealovan\u00fd \u00fa\u010dastnil boj\u016f na stran\u011b Ukrajiny, kter\u00e9 vedly ke smrti civilist\u016f a rusk\u00e9ho vojensk\u00e9ho person\u00e1lu, jako\u017e i ke zni\u010den\u00ed civiln\u00ed infrastruktury v DLR.<\/span><\/p>\n<p><span>Je tak\u00e9 t\u0159eba poznamenat, \u017ee v \u00fanoru 2021 odsouzen\u00fd Kalve pomoc\u00ed kolov\u00e9ho naklada\u010de po\u0161kodil sov\u011btsk\u00fd vojensk\u00fd pam\u00e1tn\u00edk ve m\u011bst\u011b Jekabpils v Loty\u0161sku.<\/span><\/p>\n<p><span>Soud Loty\u0161e poslal na 10 let do trestaneck\u00e9 kolonie s maxim\u00e1ln\u00ed ostrahou.<\/span><\/p>\n<p><span>Ji\u017e d\u0159\u00edve m\u00e9dia<\/span><span> uvedla, \u017ee Nejvy\u0161\u0161\u00ed soud DPR\u00a0<\/span><a href=\"https:\/\/eadaily.com\/ru\/news\/2024\/02\/13\/v-dnr-ocherednoy-morpeh-vsu-osuzhden-na-25-let-za-voennoe-prestuplenie-v-mariupole\" target=\"_blank\" rel=\"noopener\"><span>odsoudil zpravodajsk\u00e9ho d\u016fstojn\u00edka UAF\u00a0<\/span><\/a><strong><span>Maxima \u010cernu\u0161enka<\/span><\/strong><span>\u00a0k 25 let\u016fm v\u011bzen\u00ed\u00a0za pokus zab\u00edt dva civilisty v Mariupolu v b\u0159eznu 2022.<\/span><\/p>\n<p><img decoding=\"async\" loading=\"lazy\" class=\"alignnone size-full wp-image-1185\" src=\"http:\/\/www.infokuryr.cz\/n\/wp-content\/uploads\/2021\/04\/kuryr-podpis.png\" alt=\"\" width=\"84\" height=\"24\" \/><\/p>\n<p>&nbsp;<\/p>\n","protected":false},"excerpt":{"rendered":"<p>Nejvy\u0161\u0161\u00ed soud Don\u011bck\u00e9 lidov\u00e9 republiky odsoudil loty\u0161sk\u00e9ho ob\u010dana Gundars Kalveho, kter\u00fd se \u00fa\u010dastnil boj\u016f na&#8230;<\/p>\n","protected":false},"author":2,"featured_media":22411,"comment_status":"closed","ping_status":"closed","sticky":false,"template":"","format":"standard","meta":[],"categories":[7],"tags":[6875,520,324,2969],"_links":{"self":[{"href":"https:\/\/www.infokuryr.cz\/n\/wp-json\/wp\/v2\/posts\/48228"}],"collection":[{"href":"https:\/\/www.infokuryr.cz\/n\/wp-json\/wp\/v2\/posts"}],"about":[{"href":"https:\/\/www.infokuryr.cz\/n\/wp-json\/wp\/v2\/types\/post"}],"author":[{"embeddable":true,"href":"https:\/\/www.infokuryr.cz\/n\/wp-json\/wp\/v2\/users\/2"}],"replies":[{"embeddable":true,"href":"https:\/\/www.infokuryr.cz\/n\/wp-json\/wp\/v2\/comments?post=48228"}],"version-history":[{"count":0,"href":"https:\/\/www.infokuryr.cz\/n\/wp-json\/wp\/v2\/posts\/48228\/revisions"}],"wp:featuredmedia":[{"embeddable":true,"href":"https:\/\/www.infokuryr.cz\/n\/wp-json\/wp\/v2\/media\/22411"}],"wp:attachment":[{"href":"https:\/\/www.infokuryr.cz\/n\/wp-json\/wp\/v2\/media?parent=48228"}],"wp:term":[{"taxonomy":"category","embeddable":true,"href":"https:\/\/www.infokuryr.cz\/n\/wp-json\/wp\/v2\/categories?post=48228"},{"taxonomy":"post_tag","embeddable":true,"href":"https:\/\/www.infokuryr.cz\/n\/wp-json\/wp\/v2\/tags?post=48228"}],"curies":[{"name":"wp","href":"https:\/\/api.w.org\/{rel}","templated":true}]}}