{"id":48219,"date":"2024-02-29T00:52:11","date_gmt":"2024-02-28T23:52:11","guid":{"rendered":"https:\/\/www.infokuryr.cz\/n\/?p=48219"},"modified":"2024-02-29T04:40:10","modified_gmt":"2024-02-29T03:40:10","slug":"petr-markvart-ceska-vlada-nema-penize-pro-duchodce-a-deti-ale-resi-jak-utratit-penize-za-munici-pro-ukrajinu","status":"publish","type":"post","link":"https:\/\/www.infokuryr.cz\/n\/2024\/02\/29\/petr-markvart-ceska-vlada-nema-penize-pro-duchodce-a-deti-ale-resi-jak-utratit-penize-za-munici-pro-ukrajinu\/","title":{"rendered":"Petr Markvart: \u010cesk\u00e1 vl\u00e1da nem\u00e1 pen\u00edze pro d\u016fchodce a d\u011bti, ale \u0159e\u0161\u00ed jak utratit pen\u00edze za munici pro Ukrajinu"},"content":{"rendered":"<div id=\"fb-root\"><\/div>\n<div>\n<p><strong>Dlouho jsem se nevyj\u00e1d\u0159il k \u017e\u00e1dn\u00e9mu politick\u00e9mu t\u00e9matu, tak\u017ee se to dnes pokus\u00edm napravit. Bylo by toho jist\u011b v\u00edc, od chov\u00e1n\u00ed k p\u0159edstavitel\u016fm partnersk\u00fdch zem\u00ed V4 v pr\u016fb\u011bhu jejich pra\u017esk\u00e9ho summitu, a\u017e po skand\u00e1ln\u00ed n\u00e1lepkov\u00e1n\u00ed n\u00e1zorov\u00fdch oponent\u016f v pr\u016fb\u011bhu protestu \u010desk\u00fdch zem\u011bd\u011blc\u016f.<\/strong><\/p>\n<p>\u010cesk\u00fd kabinet, nam\u00edsto toho, aby se zasadil o ukon\u010den\u00ed boj\u016f na Ukrajin\u011b, jenom rozt\u00e1\u010d\u00ed dal\u0161\u00ed kola n\u00e1sil\u00ed, v jeho\u017e r\u00e1mci vede \u00fasil\u00ed o dod\u00e1vku &#8222;statis\u00edc\u016f d\u011blost\u0159eleck\u00fdch gran\u00e1t\u016f&#8220; Ukrajin\u011b. Podle na\u0161ich nejvy\u0161\u0161\u00edch \u00fastavn\u00edch \u010dinitel\u016f, budou te\u010f tuto munici sh\u00e1n\u011bt ze sklad\u016f mimoevropsk\u00fdch zem\u00ed. To, \u017ee tento nesmysl vyhla\u0161uje komun\u00e1ln\u00ed politi\u010dka, kter\u00e1 rozum\u00ed jenom zt\u011b\u017e\u00ed probematice pomo\u010den\u00fdch roh\u016f na M\u00edr\u00e1ku, asi \u00fapln\u011b nep\u0159ekvap\u00ed. \u017de v\u0161ak tento nesmysl opakuje \u010dtyhv\u011bzdi\u010dkov\u00fd gener\u00e1l v roli inkarnace tat\u00ed\u010dka Masaryka, je pom\u011brn\u011b znepokojiv\u00e9.<\/p>\n<p>Tedy zeprv\u00e9: d\u011blost\u0159eleck\u00e9 n\u00e1boje, pokud nejsou vyr\u00e1b\u011bn\u00e9 p\u0159\u00edmo pro konkr\u00e9tn\u00ed zbra\u0148, se toti\u017e mohou z\u00e1sadn\u011b li\u0161it v mnoha parametrech &#8211; od prachov\u00e9 n\u00e1lo\u017ee, hmotnosti, dna n\u00e1boje, jeho konstrukce a\u017e po zapalova\u010d. A to je v cel\u00e9 operaci asi je\u0161t\u011b to nejmen\u0161\u00ed. To dal\u0161\u00ed toti\u017e nast\u00e1v\u00e1 ve f\u00e1zi, kdy budete cht\u00edt takovou p\u0159ebyte\u010dnou munici (zat\u00edm identifikovanou jako jihoafrickou, tureckou \u010di jihokorejskou) odkoupit. Prvn\u00ed v\u011bc\u00ed je, \u017ee krom\u011b Koreje si tyto zem\u011b nebudou asi cht\u00edt \u00fapln\u011b rozh\u00e1zet Rusko. JAR je toti\u017e jeho partnerem v BRICS a Turecko m\u00e1 svoj\u00ed \u010dernomo\u0159skou politiku. Kdyby cht\u011blo tuto munici dodat Ukrajin\u011b, rozhodn\u011b by k tomu nepot\u0159ebovalo Pavla, Fialu ani \u010cernochovou. I kdyby v\u0161ak nad touto v\u011bc\u00ed m\u00e1vly prod\u00e1vaj\u00edc\u00ed zem\u011b rukou, p\u0159ich\u00e1z\u00ed kapacitn\u00ed probl\u00e9m. Kolik z\u00e1sob odprod\u00e1te, m\u00e1te-li na severn\u00edch hranic\u00edch Kim \u010cong-una? Deset procent? Nebo rad\u0161i m\u00ed\u0148?<\/p>\n<p><a href=\"https:\/\/stranapro.cz\/\"><img decoding=\"async\" loading=\"lazy\" class=\"alignnone wp-image-40285 aligncenter\" src=\"http:\/\/www.infokuryr.cz\/n\/wp-content\/uploads\/2023\/11\/11pro-300x79.png\" alt=\"\" width=\"611\" height=\"161\" srcset=\"https:\/\/www.infokuryr.cz\/n\/wp-content\/uploads\/2023\/11\/11pro-300x79.png 300w, https:\/\/www.infokuryr.cz\/n\/wp-content\/uploads\/2023\/11\/11pro.png 363w\" sizes=\"(max-width: 611px) 100vw, 611px\" \/><\/a><\/p>\n<p>Ten nejv\u011bt\u0161\u00ed probl\u00e9m potom nast\u00e1v\u00e1 p\u0159i p\u0159eprav\u011b dlouho skladovan\u00e9 velkor\u00e1\u017en\u00e9 munice. P\u0159epravit novou munici je toti\u017e probl\u00e9m, nato\u017e n\u011bjak\u00e9 sek\u00e1\u010de. Ka\u017ed\u00fd prod\u00e1vaj\u00edc\u00ed V\u00e1m toti\u017e logicky odprod\u00e1 ty nejstar\u0161\u00ed ro\u010dn\u00edky a s\u00e1m si nech\u00e1 ty nov\u011bj\u0161\u00ed. Tak\u017ee potom mus\u00ed ty star\u00e9, B\u016fh v\u00ed jak skladovan\u00e9, sra\u010dky rejda\u0159 p\u0159evz\u00edt a schv\u00e1lit k p\u0159eprav\u011b, mus\u00ed b\u00fdt schopen s nimi na palub\u011b v pr\u016fb\u011bhu cesty zajet do p\u0159\u00edstavu a doplnit palivo a n\u011bkdo to cel\u00e9 mus\u00ed taky pojistit, co\u017e b\u00fdv\u00e1 to \u00fapln\u011b nejslo\u017eit\u011bj\u0161\u00ed. Ale krajn\u011b nepravd\u011bpodobn\u00e1 logistick\u00e1 operace pokra\u010duje je\u0161t\u011b d\u00e1le. Vzhledem k tomu, \u017ee v jedin\u00e9m ukrajinsk\u00e9m p\u0159\u00edstavu, tedy v Od\u011bse, se asi n\u00e1klad vykl\u00e1dat nebude, bude nutno ho dopravit nejprve do Gda\u0148ska nebo \u0160t\u011bt\u00edna a poslat ho d\u00e1l po \u017eeleznici. Na ukrajinsk\u00e9 hranici ho d\u00e1le p\u0159elo\u017eit na \u00fazkorozchodku, n\u011bkde ho potom vylo\u017eit a n\u00e1sledn\u011b distribuovat jednotk\u00e1m, vybaven\u00fdm d\u011blost\u0159eleckou technikou.<\/p>\n<p>A to u\u017e nemluv\u00edm o tom, \u017ee by tu munici m\u011bl n\u011bkdo inspektovat, ov\u011b\u0159it jakost a technick\u00e9 parametry. Nemluv\u00edm ani o tom, \u017ee prod\u00e1vaj\u00edc\u00ed v\u00ed, \u017ee tu munici ZOUFALE pot\u0159ebujete a \u0159ekne si o cenu, \u0159ekn\u011bme velmi neslu\u0161nou. D\u011blost\u0159eleck\u00e1 munice je blb\u00e1 komodita. Kdykoliv V\u00e1m n\u011bco blafnout a m\u00e1te z toho pr\u016fser.<\/p>\n<p>A to je dne\u0161n\u00ed \u010cesk\u00e1 republika. Nemo\u017en\u00e9 ihned, z\u00e1zraky na po\u010dk\u00e1n\u00ed. \u010c\u00edm v\u011bt\u0161\u00ed kravina, t\u00edm je pravd\u011bpodobn\u011bj\u0161\u00ed, \u017ee se toho chyt\u00edme. U\u017e aby v B\u00edl\u00e9m dom\u011b sed\u011bl zase Trump a my se vr\u00e1tili k \u00favah\u00e1m o region\u00e1ln\u00ed spolupr\u00e1ci!<\/p>\n<\/div>\n<div><a href=\"https:\/\/www.islamizace.cz\/Articles\/2533-ceska-vlada-nema-penize-pro-duchodce-a-deti-ale-resi-jak-utratit-penize-za-munici-pro-ukrajinu.aspx\">Petr Markvart<\/a><\/div>\n<div><\/div>\n<div><img decoding=\"async\" loading=\"lazy\" class=\"wp-image-47634 aligncenter\" src=\"http:\/\/www.infokuryr.cz\/n\/wp-content\/uploads\/2024\/02\/Pozvanka_Praha-_23.3.24-300x229.jpg\" alt=\"\" width=\"804\" height=\"614\" srcset=\"https:\/\/www.infokuryr.cz\/n\/wp-content\/uploads\/2024\/02\/Pozvanka_Praha-_23.3.24-300x229.jpg 300w, https:\/\/www.infokuryr.cz\/n\/wp-content\/uploads\/2024\/02\/Pozvanka_Praha-_23.3.24.jpg 595w\" sizes=\"(max-width: 804px) 100vw, 804px\" \/><\/div>\n<div><\/div>\n<div><\/div>\n<div><\/div>\n","protected":false},"excerpt":{"rendered":"<p>Dlouho jsem se nevyj\u00e1d\u0159il k \u017e\u00e1dn\u00e9mu politick\u00e9mu t\u00e9matu, tak\u017ee se to dnes pokus\u00edm napravit. Bylo&#8230;<\/p>\n","protected":false},"author":2,"featured_media":14256,"comment_status":"closed","ping_status":"closed","sticky":false,"template":"","format":"standard","meta":[],"categories":[6],"tags":[245,591,90,26,99],"_links":{"self":[{"href":"https:\/\/www.infokuryr.cz\/n\/wp-json\/wp\/v2\/posts\/48219"}],"collection":[{"href":"https:\/\/www.infokuryr.cz\/n\/wp-json\/wp\/v2\/posts"}],"about":[{"href":"https:\/\/www.infokuryr.cz\/n\/wp-json\/wp\/v2\/types\/post"}],"author":[{"embeddable":true,"href":"https:\/\/www.infokuryr.cz\/n\/wp-json\/wp\/v2\/users\/2"}],"replies":[{"embeddable":true,"href":"https:\/\/www.infokuryr.cz\/n\/wp-json\/wp\/v2\/comments?post=48219"}],"version-history":[{"count":0,"href":"https:\/\/www.infokuryr.cz\/n\/wp-json\/wp\/v2\/posts\/48219\/revisions"}],"wp:featuredmedia":[{"embeddable":true,"href":"https:\/\/www.infokuryr.cz\/n\/wp-json\/wp\/v2\/media\/14256"}],"wp:attachment":[{"href":"https:\/\/www.infokuryr.cz\/n\/wp-json\/wp\/v2\/media?parent=48219"}],"wp:term":[{"taxonomy":"category","embeddable":true,"href":"https:\/\/www.infokuryr.cz\/n\/wp-json\/wp\/v2\/categories?post=48219"},{"taxonomy":"post_tag","embeddable":true,"href":"https:\/\/www.infokuryr.cz\/n\/wp-json\/wp\/v2\/tags?post=48219"}],"curies":[{"name":"wp","href":"https:\/\/api.w.org\/{rel}","templated":true}]}}