{"id":48217,"date":"2024-02-29T00:50:14","date_gmt":"2024-02-28T23:50:14","guid":{"rendered":"https:\/\/www.infokuryr.cz\/n\/?p=48217"},"modified":"2024-02-29T04:23:08","modified_gmt":"2024-02-29T03:23:08","slug":"je-za-pet-minut-dvanact-na-zmenu-zahranicni-politiky","status":"publish","type":"post","link":"https:\/\/www.infokuryr.cz\/n\/2024\/02\/29\/je-za-pet-minut-dvanact-na-zmenu-zahranicni-politiky\/","title":{"rendered":"Je za p\u011bt minut dvan\u00e1ct na zm\u011bnu zahrani\u010dn\u00ed politiky"},"content":{"rendered":"<div id=\"fb-root\"><\/div>\n<p><strong>I p\u0159es mas\u00edvn\u00ed vojenskou pomoc se jest\u0159\u00e1by z r\u016fzn\u00fdch zem\u00ed v \u010dele s USA p\u0159esv\u011bd\u010dili, \u017ee vojensky se Rusko porazit ned\u00e1. D\u00edl\u010d\u00ed \u00fasp\u011bchy, vychv\u00e1len\u00e9 a\u017e do nebes, jsou jist\u011b mo\u017en\u00e9, ale po dvou letech v\u00e1l\u010den\u00ed stav frontov\u00e9 linie d\u00e1v\u00e1 za pravdu hodnocen\u00ed gen. \u0160\u00e1ndora: \u201eJinak ne\u017e prohra se to nazvat ned\u00e1.\u201c<\/strong><\/p>\n<p>Pokud budeme zevrubn\u011b hodnotit dosavadn\u00ed v\u00fdvoj, bude nutn\u00e9 v\u00edce pohled\u016f z\u00a0r\u016fzn\u00fdch stran, p\u0159i neopomn\u011bn\u00ed stavu p\u0159ed zapo\u010det\u00edm v\u00e1le\u010dn\u00e9ho konfliktu. Je nesporn\u00e9 a r\u016fzn\u00e9 zdroje to potvrzuj\u00ed, \u017ee se ob\u011b strany p\u0159ipravovaly na v\u00e1lku. Tomu odpov\u00eddaj\u00ed i celkem mal\u00e9 zisky \u00fazem\u00ed, kter\u00e9 Rus z\u00edskal. Nebudu daleko od pravdy, kdy\u017e konstatuji, \u017ee USA Ukrajinc\u016fm dod\u00e1valy zpr\u00e1vy se satelit\u016f.<\/p>\n<p>Zde je na m\u00edst\u011b zm\u00ednka o zbyte\u010dn\u00e9 bou\u0159i na prohl\u00e1\u0161en\u00ed slovensk\u00e9ho premi\u00e9ra Fica, \u017ee v\u00e1lka za\u010dala v\u00a0r. 2014. Je\u0161t\u011b p\u0159ed zapo\u010det\u00edm v\u00e1le\u010dn\u00e9ho b\u011bsn\u011bn\u00ed pronikaly zpr\u00e1vy o d\u011bn\u00ed na Ukrajin\u011b a nebylo jich m\u00e1lo. \u010casto kritick\u00fd hlas vypichoval korupci, ale i verb\u00e1ln\u00ed a tak\u00e9 fyzick\u00e9 napad\u00e1n\u00ed Ukrajinc\u016f rusk\u00e9 n\u00e1rodnosti a korunu tomu dal jazykov\u00fd z\u00e1kon. Dnes u\u017e se negativn\u00ed zpr\u00e1vy \u2013 jako t\u0159eba adorov\u00e1n\u00ed nacistick\u00fdch pohlav\u00e1r\u016f, zvl\u00e1\u0161t\u011b p\u0159i no\u010dn\u00edch pr\u016fvodech s\u00a0ho\u0159\u00edc\u00edmi pochodn\u011bmi + no\u0161en\u00ed nacistick\u00fdch symbol\u016f na oble\u010den\u00ed a i zobrazeno v\u00a0tetov\u00e1n\u00ed &#8212; NEOBJEVUJ\u00cd. Drastick\u00e9 up\u00e1len\u00ed pades\u00e1ti lid\u00ed Ukrajina tak\u00e9 nech\u00e1v\u00e1 stranou. Rovn\u011b\u017e se k\u00a0projevu premi\u00e9ra Fica objevily pochybova\u010dn\u00e9 a\u017e skoro posm\u011b\u0161n\u00e9 koment\u00e1\u0159e na jeho pozn\u00e1mku o uva\u017eovan\u00e9m vysl\u00e1n\u00ed voj\u00e1k\u016f NATO, a\u2026. dnes to je v\u00a0tisku jako p\u0159ipu\u0161t\u011bn\u00e1 mo\u017enost z\u00a0\u00fast prezidenta Macrona. Ov\u0161em POZOR!! Pokud se tak stane, budou evropsk\u00e9 st\u00e1ty v\u00a0NATO agresorem, kter\u00fd proti Rusku za\u010dal otev\u0159enou v\u00e1lku!! Pak rusk\u00e9 rakety, dopadaj\u00edc\u00ed na Pra\u017esk\u00fd hrad, taky na Berl\u00edn nebo Pa\u0159\u00ed\u017e a na dal\u0161\u00ed st\u00e1ty v\u00a0NATO, budou m\u00edt v\u00e1le\u010dn\u00e9 opr\u00e1vn\u011bn\u00ed!!! Ji\u017e dod\u00e1vky zbran\u00ed na Ukrajinu jsou na hran\u011b.<\/p>\n<p><a href=\"https:\/\/stranapro.cz\/\"><img decoding=\"async\" loading=\"lazy\" class=\"alignnone wp-image-40285 aligncenter\" src=\"http:\/\/www.infokuryr.cz\/n\/wp-content\/uploads\/2023\/11\/11pro-300x79.png\" alt=\"\" width=\"665\" height=\"175\" srcset=\"https:\/\/www.infokuryr.cz\/n\/wp-content\/uploads\/2023\/11\/11pro-300x79.png 300w, https:\/\/www.infokuryr.cz\/n\/wp-content\/uploads\/2023\/11\/11pro.png 363w\" sizes=\"(max-width: 665px) 100vw, 665px\" \/><\/a><\/p>\n<p>Rovn\u011b\u017e se dnes v\u00a0proslovech p\u0159edn\u00edch politik\u016f Evropy o \u0159e\u0161en\u00ed konfliktu neobjev\u00ed zm\u00ednka o slibech neroz\u0161i\u0159ov\u00e1n\u00ed NATO nebo o fiktivn\u00edch dohod\u00e1ch Minsk 1 i Minsk 2, kter\u00e9 byly v\u00a0z\u00e1p\u011bt\u00ed poru\u0161ov\u00e1ny.<\/p>\n<p>Samoz\u0159ejm\u011b, \u017ee nekritick\u00e1 opozice na Slovensku u\u017e skoro Fica \u201ev\u011b\u0161ela na prvn\u00ed lampu\u201c, ale p\u0159isuzovat mu roli, \u017ee je slouha Putina, je pro mne za hranou. Nejsem Fic\u016fv advok\u00e1t a ur\u010dit\u011b si kritiku zaslou\u017e\u00ed, neb v\u00a0jeho postoji je m\u00e1lo diplomacie, kter\u00e1 by se m\u011bla u premi\u00e9ra zjevovat, ale i z\u00a0jin\u00fdch projev\u016f je c\u00edtit, \u017ee je 1000% Slov\u00e1k, kter\u00fd h\u00e1j\u00ed z\u00e1jmy st\u00e1tu.<\/p>\n<p>U\u017e jsem to jednou napsal \u2013 jak\u00e9 pozitiva najdeme v\u00a0p\u0159\u00ed\u0161t\u00edch letech v zamrzl\u00e9 v\u00e1lce bez jedn\u00e1n\u00ed u stolu? \u017d\u00e1dn\u00e1!! Jen dal\u0161\u00ed tis\u00edce mrtv\u00fdch. Je v\u00edce ne\u017e z\u0159ejm\u00e9, \u017ee ve\u0161ker\u00e9 dod\u00e1vky zbran\u00ed a dal\u0161\u00edho materi\u00e1l\u016f nezp\u016fsob\u00ed pokrok \u010di zvrat na front\u011b, ale jen hospod\u00e1\u0159skou vy\u010derpanost na v\u0161ech stran\u00e1ch (to si str\u00fd\u010dek Sam za mo\u0159em mne ru\u010dkama).<\/p>\n<p>Putina jsem kritizoval v\u00edcekr\u00e1t a nemus\u00edm nic m\u011bnit \u2013 byl to on, kdo si mohl \u201ekupeck\u00fdmi po\u010dty z\u00a0obecn\u00e9\u201c spo\u010d\u00edtat, kam povede to cel\u00e9 rojen\u00ed na Ukrajin\u011b. Nic neud\u011blal a ur\u010dit\u011b mohl! Skoro to vypad\u00e1, \u017ee se tajn\u011b dohodl s\u00a0Ameri\u010danem, kter\u00fd pod tlakem zbroja\u0159sk\u00e9 lobby hnal Ukrajince do konfliktu.<\/p>\n<p>To, co je na cel\u00e9m procesu siln\u011b negativn\u00ed je fakt, \u017ee ani z\u00a0jedn\u00e9 strany nebyl p\u0159edstaven relevantn\u00ed n\u00e1vrh na m\u00edrov\u00e9 \u0159e\u0161en\u00ed. Netvrd\u00edm, \u017ee by byl v\u00a0r\u016fzn\u00fdch f\u00e1z\u00edch v\u00fdvoje \u00fasp\u011b\u0161n\u00fd, ale to, \u017ee o n\u011bj nebyl v\u016fbec \u017e\u00e1dn\u00fd z\u00e1jem, je na pov\u00e1\u017eenou.<\/p>\n<p>P.S.<\/p>\n<p>Bylo by i na Kocourkov siln\u00e9 kafe, kdy\u017e by ukrajin\u0161t\u00ed branci (cca 350000) na \u00fat\u011bku sed\u011bli v\u00a0jednotliv\u00fdch st\u00e1tech Evropy na zadku a evrop\u0161t\u00ed voj\u00e1ci by \u0161li za n\u011b bojovat. D\u011bkuji \u2013 NECHCI!<\/p>\n<div class=\"autor\"><em><strong>Miroslav Kulhav\u00fd<\/strong><\/em><\/div>\n<div class=\"motto\"><em>Jsem d\u016fchodce, kter\u00fd neztratil z\u00e1jem o d\u011bn\u00ed doma i v zahrani\u010d\u00ed.<\/em><\/div>\n<div><img decoding=\"async\" loading=\"lazy\" class=\"wp-image-47634 aligncenter\" src=\"http:\/\/www.infokuryr.cz\/n\/wp-content\/uploads\/2024\/02\/Pozvanka_Praha-_23.3.24-300x229.jpg\" alt=\"\" width=\"727\" height=\"555\" srcset=\"https:\/\/www.infokuryr.cz\/n\/wp-content\/uploads\/2024\/02\/Pozvanka_Praha-_23.3.24-300x229.jpg 300w, https:\/\/www.infokuryr.cz\/n\/wp-content\/uploads\/2024\/02\/Pozvanka_Praha-_23.3.24.jpg 595w\" sizes=\"(max-width: 727px) 100vw, 727px\" \/><\/div>\n<div><\/div>\n","protected":false},"excerpt":{"rendered":"<p>I p\u0159es mas\u00edvn\u00ed vojenskou pomoc se jest\u0159\u00e1by z r\u016fzn\u00fdch zem\u00ed v \u010dele s USA p\u0159esv\u011bd\u010dili,&#8230;<\/p>\n","protected":false},"author":2,"featured_media":48218,"comment_status":"closed","ping_status":"closed","sticky":false,"template":"","format":"standard","meta":[],"categories":[6],"tags":[636,29,39,122,203],"_links":{"self":[{"href":"https:\/\/www.infokuryr.cz\/n\/wp-json\/wp\/v2\/posts\/48217"}],"collection":[{"href":"https:\/\/www.infokuryr.cz\/n\/wp-json\/wp\/v2\/posts"}],"about":[{"href":"https:\/\/www.infokuryr.cz\/n\/wp-json\/wp\/v2\/types\/post"}],"author":[{"embeddable":true,"href":"https:\/\/www.infokuryr.cz\/n\/wp-json\/wp\/v2\/users\/2"}],"replies":[{"embeddable":true,"href":"https:\/\/www.infokuryr.cz\/n\/wp-json\/wp\/v2\/comments?post=48217"}],"version-history":[{"count":0,"href":"https:\/\/www.infokuryr.cz\/n\/wp-json\/wp\/v2\/posts\/48217\/revisions"}],"wp:featuredmedia":[{"embeddable":true,"href":"https:\/\/www.infokuryr.cz\/n\/wp-json\/wp\/v2\/media\/48218"}],"wp:attachment":[{"href":"https:\/\/www.infokuryr.cz\/n\/wp-json\/wp\/v2\/media?parent=48217"}],"wp:term":[{"taxonomy":"category","embeddable":true,"href":"https:\/\/www.infokuryr.cz\/n\/wp-json\/wp\/v2\/categories?post=48217"},{"taxonomy":"post_tag","embeddable":true,"href":"https:\/\/www.infokuryr.cz\/n\/wp-json\/wp\/v2\/tags?post=48217"}],"curies":[{"name":"wp","href":"https:\/\/api.w.org\/{rel}","templated":true}]}}